{"id":4244,"date":"2024-05-08T17:29:45","date_gmt":"2024-05-08T20:29:45","guid":{"rendered":"https:\/\/guialimeira.com.br\/2024\/05\/08\/america-mg-x-vila-nova-abre-a-4a-rodada-da-serie-b-nesta-quarta-feira\/"},"modified":"2024-05-08T17:29:45","modified_gmt":"2024-05-08T20:29:45","slug":"america-mg-x-vila-nova-abre-a-4a-rodada-da-serie-b-nesta-quarta-feira","status":"publish","type":"post","link":"https:\/\/guialimeira.com.br\/news\/america-mg-x-vila-nova-abre-a-4a-rodada-da-serie-b-nesta-quarta-feira\/","title":{"rendered":"Am\u00e9rica-MG x Vila Nova abre a 4\u00aa rodada da S\u00e9rie B nesta quarta-feira"},"content":{"rendered":"<p> <br \/>\n<\/p>\n<div>\n<p>Invicto na S\u00e9rie B do Campeonato Brasileiro, o Am\u00e9rica-MG entra em campo contra o Vila Nova na noite desta quarta-feira, em Belo Horizonte, abrindo a quarta rodada do campeonato. Oitavo colocado na tabela (cinco pontos), o Coelho conta com o apoio da torcida no Est\u00e1dio Independ\u00eancia para voltar a vencer \u2013 na rodada passada empatou com o Oper\u00e1rio-SP \u2013 e se aproximar da zona de classifica\u00e7\u00e3o (G4). Situa\u00e7\u00e3o similar \u00e0 do Tigre, em s\u00e9timo lugar (seis), que chega a campo embalado, ap\u00f3s triunfo sobre a a Chapecoense. O duelo tem in\u00edcio \u00e0s 21h (hor\u00e1rio de Bras\u00edlia), com transmiss\u00e3o ao vivo na <a href=\"https:\/\/tvbrasil.ebc.com.br\/\" rel=\"noopener\"><strong>TV Brasil.<\/strong><\/a><img data-recalc-dims=\"1\" decoding=\"async\" src=\"https:\/\/i0.wp.com\/agenciabrasil.ebc.com.br\/ebc.png?w=696&#038;ssl=1\" style=\"width:1px; height:1px; display:inline;\"\/><img data-recalc-dims=\"1\" decoding=\"async\" src=\"https:\/\/i0.wp.com\/agenciabrasil.ebc.com.br\/ebc.gif?w=696&#038;ssl=1\" style=\"width:1px; height:1px; display:inline;\"\/><\/p>\n<blockquote class=\"twitter-tweet\">\n<p dir=\"ltr\" lang=\"pt\" xml:lang=\"pt\">DIA DE <a href=\"https:\/\/twitter.com\/hashtag\/COELH%C3%83O?src=hash&amp;ref_src=twsrc%5Etfw\" rel=\"noopener\">#COELH\u00c3O<\/a>! #15\ud83d\udc30\ud83d\udc9a<\/p>\n<p>Com tudo em nosso segundo jogo em casa na competi\u00e7\u00e3o! \ud83d\udcaa\ud83c\udfff\ud83d\udc9a<\/p>\n<p>\ud83c\udfc6Campeonato Brasileiro<br \/>\ud83c\udd9a Vila Nova<br \/>\ud83d\udccd<a href=\"https:\/\/twitter.com\/arenaindepa?ref_src=twsrc%5Etfw\" rel=\"noopener\">@arenaindepa<\/a><br \/>\u231a\ufe0f 21h<br \/>\ud83d\udcfaPremiere, TV Brasil e Canal GOAT.<a href=\"https:\/\/twitter.com\/hashtag\/AFCxVIL?src=hash&amp;ref_src=twsrc%5Etfw\" rel=\"noopener\">#AFCxVIL<\/a><a href=\"https:\/\/twitter.com\/hashtag\/PraCimaDelesCoelho?src=hash&amp;ref_src=twsrc%5Etfw\" rel=\"noopener\">#PraCimaDelesCoelho<\/a> <a href=\"https:\/\/twitter.com\/hashtag\/Am%C3%A9ricaDoBrasil?src=hash&amp;ref_src=twsrc%5Etfw\" rel=\"noopener\">#Am\u00e9ricaDoBrasil<\/a> <a href=\"https:\/\/t.co\/WO2TTYhqdQ\">pic.twitter.com\/WO2TTYhqdQ<\/a><\/p>\n<p>\u2014 Am\u00e9rica FC (@AmericaFC1912) <a href=\"https:\/\/twitter.com\/AmericaFC1912\/status\/1788043781905830038?ref_src=twsrc%5Etfw\" rel=\"noopener\">May 8, 2024<\/a><\/p><\/blockquote>\n<p>Comandado pelo t\u00e9cnico Cauan de Almeida, o Am\u00e9rica-MG deve ir a campo com a mesma equipe dos \u00faltimos dois jogos. Em coletiva antes do \u00faltimo treino na ter\u00e7a (7), o zagueiro Ricardo Silva afirmou que o time est\u00e1 consciente da qualidade da equipe advers\u00e1ria.<\/p>\n<p>\u201cCada jogo \u00e9 uma final e queremos ganhar todos. Trabalhamos muito forte todos os dias para isso. O Vila Nova \u00e9 uma equipe de qualidade, que quase teve o acesso [\u00e0 Serie A] no ano passado. Vai ser dif\u00edcil, mas estamos preparados\u201d, garantiu o defensor.<\/p>\n<blockquote class=\"twitter-tweet\">\n<p dir=\"ltr\" lang=\"pt\" xml:lang=\"pt\">DIA DE VILA! Vamos pra mais uma decis\u00e3o pelo <a href=\"https:\/\/twitter.com\/BrasileiraoB?ref_src=twsrc%5Etfw\" rel=\"noopener\">@brasileiraob<\/a> \ud83c\udde6\ud83c\uddf9\u2694\ufe0f<\/p>\n<p>Hoje, \u00e0s 21h, Am\u00e9rica-MG x Vila Nova F.C l Transmiss\u00e3o: Premiere, TV Brasil e Canal Goat.<a href=\"https:\/\/twitter.com\/hashtag\/TIMEDOPOVO?src=hash&amp;ref_src=twsrc%5Etfw\" rel=\"noopener\">#TIMEDOPOVO<\/a> <a href=\"https:\/\/t.co\/76NZh795vB\">pic.twitter.com\/76NZh795vB<\/a><\/p>\n<p>\u2014 Vila Nova F.C. (@VilaNovaFC) <a href=\"https:\/\/twitter.com\/VilaNovaFC\/status\/1788041159194845263?ref_src=twsrc%5Etfw\" rel=\"noopener\">May 8, 2024<\/a><\/p><\/blockquote>\n<p>O Vila Nova, do t\u00e9cnico M\u00e1rcio Fernandes, busca a primeira vit\u00f3ria fora de casa na S\u00e9rie B. No \u00fanico jogo como visitante perdeu para o Sport por 2 a 0 na Ilha do Retiro, pela segunda rodada. Para a partida desta noite, o treinador poupar\u00e1 alguns jogadores, tendo em vista o jogo da volta das semifinais da Copa Verde, no pr\u00f3ximo s\u00e1bado (11), contra o Cuiab\u00e1, na Arena Pantanal. \u00a0Entre as aus\u00eancias est\u00e3o o atacante Alesson e os laterais Jo\u00e3o Vitor e Eric.<\/p>\n<\/p><\/div>\n<p><script async src=\"\/\/platform.twitter.com\/widgets.js\" charset=\"utf-8\"><\/script><br \/>\n<br \/><br \/>\n<br \/><a href=\"https:\/\/agenciabrasil.ebc.com.br\/esportes\/noticia\/2024-05\/america-mg-x-vila-nova-abre-4a-rodada-da-serie-b-nesta-quarta-feira\" rel=\"noopener\">Ag\u00eancia Brasil<\/a><\/p>\n","protected":false},"excerpt":{"rendered":"<p>Invicto na S\u00e9rie B do Campeonato Brasileiro, o Am\u00e9rica-MG entra em campo contra o Vila Nova na noite desta quarta-feira, em Belo Horizonte, abrindo a quarta rodada do campeonato. Oitavo colocado na tabela (cinco pontos), o Coelho conta com o apoio da torcida no Est\u00e1dio Independ\u00eancia para voltar a vencer \u2013 na rodada passada empatou [&hellip;]<\/p>\n","protected":false},"author":1,"featured_media":4245,"comment_status":"open","ping_status":"open","sticky":false,"template":"","format":"standard","meta":{"_jetpack_newsletter_access":"","_jetpack_dont_email_post_to_subs":false,"_jetpack_newsletter_tier_id":0,"_jetpack_memberships_contains_paywalled_content":false,"_mbp_banners":[],"_jetpack_feature_clip_id":0,"_jetpack_memberships_contains_paid_content":false,"footnotes":"","jetpack_publicize_message":"","jetpack_publicize_feature_enabled":true,"jetpack_social_post_already_shared":true,"jetpack_social_options":{"image_generator_settings":{"template":"highway","default_image_id":0,"font":"","enabled":false},"version":2},"jetpack_post_was_ever_published":false},"categories":[23],"tags":[],"class_list":["post-4244","post","type-post","status-publish","format-standard","has-post-thumbnail","category-esportes"],"jetpack_publicize_connections":[],"jetpack-related-posts":[],"jetpack_shortlink":"https:\/\/wp.me\/p7Eq1F-16s","jetpack_sharing_enabled":true,"jetpack_featured_media_url":"https:\/\/i0.wp.com\/guialimeira.com.br\/news\/wp-content\/uploads\/2024\/05\/america-mg_time_masculino.jpg?fit=1600%2C800&ssl=1","_links":{"self":[{"href":"https:\/\/guialimeira.com.br\/news\/wp-json\/wp\/v2\/posts\/4244","targetHints":{"allow":["GET"]}}],"collection":[{"href":"https:\/\/guialimeira.com.br\/news\/wp-json\/wp\/v2\/posts"}],"about":[{"href":"https:\/\/guialimeira.com.br\/news\/wp-json\/wp\/v2\/types\/post"}],"author":[{"embeddable":true,"href":"https:\/\/guialimeira.com.br\/news\/wp-json\/wp\/v2\/users\/1"}],"replies":[{"embeddable":true,"href":"https:\/\/guialimeira.com.br\/news\/wp-json\/wp\/v2\/comments?post=4244"}],"version-history":[{"count":0,"href":"https:\/\/guialimeira.com.br\/news\/wp-json\/wp\/v2\/posts\/4244\/revisions"}],"wp:featuredmedia":[{"embeddable":true,"href":"https:\/\/guialimeira.com.br\/news\/wp-json\/wp\/v2\/media\/4245"}],"wp:attachment":[{"href":"https:\/\/guialimeira.com.br\/news\/wp-json\/wp\/v2\/media?parent=4244"}],"wp:term":[{"taxonomy":"category","embeddable":true,"href":"https:\/\/guialimeira.com.br\/news\/wp-json\/wp\/v2\/categories?post=4244"},{"taxonomy":"post_tag","embeddable":true,"href":"https:\/\/guialimeira.com.br\/news\/wp-json\/wp\/v2\/tags?post=4244"}],"curies":[{"name":"wp","href":"https:\/\/api.w.org\/{rel}","templated":true}]}}