{"id":4238,"date":"2024-05-08T16:46:47","date_gmt":"2024-05-08T19:46:47","guid":{"rendered":"https:\/\/guialimeira.com.br\/2024\/05\/08\/prefeitura-realiza-eventos-em-homenagem-as-maes-nesta-sexta-10\/"},"modified":"2024-05-08T16:46:47","modified_gmt":"2024-05-08T19:46:47","slug":"prefeitura-realiza-eventos-em-homenagem-as-maes-nesta-sexta-10","status":"publish","type":"post","link":"https:\/\/guialimeira.com.br\/news\/prefeitura-realiza-eventos-em-homenagem-as-maes-nesta-sexta-10\/","title":{"rendered":"Prefeitura realiza eventos em homenagem \u00e0s m\u00e3es, nesta sexta (10)"},"content":{"rendered":"<p> <br \/>\n<\/p>\n<div>\n            <main class=\"\">&#13;<br \/>\n                &#13;<br \/>\n&#13;<br \/>\n&#13;<br \/>\n&#13;<br \/>\n    <img data-recalc-dims=\"1\" decoding=\"async\" src=\"https:\/\/i0.wp.com\/ecrie.com.br\/sistema\/conteudos\/imagem\/m_137_45_130_15122022144819.jpg?w=696&#038;ssl=1\" alt=\"Prefeitura realiza eventos em homenagem \u00e0s m\u00e3es, nesta sexta (10)\"\/>&#13;<br \/>\n&#13;<\/p>\n<p style=\"text-align: justify;\"><span style=\"font-weight: 400;\">Em celebra\u00e7\u00e3o ao Dia das M\u00e3es, nesta sexta-feira (10) acontece o evento \u201cHomenagem para Elas\u201d da Escola Municipal de Cultura e Artes Maestro M\u00e1rio Tintori (Emcea), e o \u201cConcerto das M\u00e3es\u201d da Orquestra Sinf\u00f4nica de Limeira. Os eventos s\u00e3o gratuitos. A a\u00e7\u00e3o \u00e9 promovida pela Prefeitura de Limeira, por meio da Secretaria de Cultura.\u00a0<\/span><\/p>\n<p>&#13;<\/p>\n<p style=\"text-align: justify;\"><span style=\"font-weight: 400;\">\u201cHomenagem para Elas\u201d traz apresenta\u00e7\u00f5es dos alunos de bal\u00e9, jazz, viol\u00e3o, teclado, teatro e artes pl\u00e1sticas. A homenagem acontece na Pra\u00e7a Coronel Flam\u00ednio de Camargo, conhecida como a Pra\u00e7a do Museu, \u00e0s 19h.<\/span><\/p>\n<p>&#13;<\/p>\n<p style=\"text-align: justify;\"><span style=\"font-weight: 400;\">J\u00e1 o \u201cConcerto das M\u00e3es\u201d, com reg\u00eancia do maestro Rodrigo Muller, apresenta obras como a \u00f3pera Hungarian March from &#8220;La Dannation de Faust\u201d, Leichte Kavallerie, Die Fledermaus, Unter Donner und Blitz, Candide, La Conga del Fuego Nuevo e Malambo from &#8220;Estancia&#8221;, al\u00e9m de obras brasileiras de Mestre Duda e de Severino Ara\u00fajo. A apresenta\u00e7\u00e3o acontece na Par\u00f3quia Nossa Senhora Aparecida, \u00e0s 20h30. Neste caso, al\u00e9m da Prefeitura, a Sociedade Pr\u00f3-Sinf\u00f4nica de Limeira tamb\u00e9m \u00e9 realizadora.<\/span><\/p>\n<p>&#13;<br \/>\n&#13;<br \/>\n&#13;<br \/>\n&#13;<\/p>\n<aside class=\"list-related no-print\">&#13;<br \/>\n        &#13;<br \/>\n&#13;<\/p>\n<article class=\"list-item noticias \">&#13;<br \/>\n                    <a class=\"list-item__img\" href=\"https:\/\/limeira.sp.gov.br\/imprensa\/noticias\/cultura\/oficina-gratuita-de-cinema-analisa-obras-de-charlie-chaplin-nesta-sexta-10\" tabindex=\"-1\" aria-hidden=\"true\" rel=\"noopener\">&#13;<br \/>\n                        <img data-recalc-dims=\"1\" decoding=\"async\" src=\"https:\/\/i0.wp.com\/ecrie.com.br\/sistema\/conteudos\/imagem\/m_137_0_1_08052024143213.jpeg?w=696&#038;ssl=1\" alt=\"Oficina gratuita de cinema analisa obras de Charlie Chaplin, nesta sexta (10)\"\/>&#13;<br \/>\n                    <\/a>&#13;<br \/>\n&#13;<br \/>\n                &#13;<br \/>\n            <\/article>\n<p>&#13;<\/p>\n<article class=\"list-item noticias \">&#13;<br \/>\n                    <a class=\"list-item__img\" href=\"https:\/\/limeira.sp.gov.br\/imprensa\/noticias\/cultura\/artistas-limeirenses-participam-do-21-territorio-da-arte-de-araraquara-professor-da-prefeitura-esta-presente\" tabindex=\"-1\" aria-hidden=\"true\" rel=\"noopener\">&#13;<br \/>\n                        <img data-recalc-dims=\"1\" decoding=\"async\" src=\"https:\/\/i0.wp.com\/ecrie.com.br\/sistema\/conteudos\/imagem\/m_137_0_1_07052024143301.jpeg?w=696&#038;ssl=1\" alt=\"Artistas limeirenses participam do 21\u00ba Territ\u00f3rio da Arte de Araraquara; professor da Prefeitura est\u00e1 presente\"\/>&#13;<br \/>\n                    <\/a>&#13;<br \/>\n&#13;<br \/>\n                &#13;<br \/>\n            <\/article>\n<p>&#13;<\/p>\n<article class=\"list-item noticias \">&#13;<br \/>\n                    <a class=\"list-item__img\" href=\"https:\/\/limeira.sp.gov.br\/imprensa\/noticias\/cultura\/espetaculo-gratuito-a-divina-farsa-acontece-nesta-quinta-9\" tabindex=\"-1\" aria-hidden=\"true\" rel=\"noopener\">&#13;<br \/>\n                        <img data-recalc-dims=\"1\" decoding=\"async\" src=\"https:\/\/i0.wp.com\/ecrie.com.br\/sistema\/conteudos\/imagem\/m_137_0_1_07052024140254.png?w=696&#038;ssl=1\" alt=\"Espet\u00e1culo gratuito \u201cA Divina Farsa\u201d acontece nesta quinta (9)\"\/>&#13;<br \/>\n                    <\/a>&#13;<br \/>\n&#13;<br \/>\n                &#13;<br \/>\n            <\/article>\n<p>&#13;<br \/>\n    <\/aside>\n<p>&#13;<br \/>\n&#13;<br \/>\n            <\/main><\/p><\/div>\n<p><br \/>\n<br \/><a href=\"https:\/\/limeira.sp.gov.br\/prefeitura-realiza-eventos-em-homenagem-as-maes-nesta-sexta-10\" rel=\"noopener\">Informa\u00e7\u00f5es da PML <\/a><\/p>\n","protected":false},"excerpt":{"rendered":"<p>&#13; &#13; &#13; &#13; &#13; &#13; &#13; Em celebra\u00e7\u00e3o ao Dia das M\u00e3es, nesta sexta-feira (10) acontece o evento \u201cHomenagem para Elas\u201d da Escola Municipal de Cultura e Artes Maestro M\u00e1rio Tintori (Emcea), e o \u201cConcerto das M\u00e3es\u201d da Orquestra Sinf\u00f4nica de Limeira. Os eventos s\u00e3o gratuitos. A a\u00e7\u00e3o \u00e9 promovida pela Prefeitura de Limeira, [&hellip;]<\/p>\n","protected":false},"author":1,"featured_media":3554,"comment_status":"open","ping_status":"open","sticky":false,"template":"","format":"standard","meta":{"_jetpack_newsletter_access":"","_jetpack_dont_email_post_to_subs":false,"_jetpack_newsletter_tier_id":0,"_jetpack_memberships_contains_paywalled_content":false,"_mbp_banners":[],"_jetpack_feature_clip_id":0,"_jetpack_memberships_contains_paid_content":false,"footnotes":"","jetpack_publicize_message":"","jetpack_publicize_feature_enabled":true,"jetpack_social_post_already_shared":true,"jetpack_social_options":{"image_generator_settings":{"template":"highway","default_image_id":0,"font":"","enabled":false},"version":2},"jetpack_post_was_ever_published":false},"categories":[16],"tags":[],"class_list":["post-4238","post","type-post","status-publish","format-standard","has-post-thumbnail","category-local"],"jetpack_publicize_connections":[],"jetpack-related-posts":[],"jetpack_shortlink":"https:\/\/wp.me\/p7Eq1F-16m","jetpack_sharing_enabled":true,"jetpack_featured_media_url":"https:\/\/i0.wp.com\/guialimeira.com.br\/news\/wp-content\/uploads\/2024\/05\/m_137_45_130_15122022144819.jpg?fit=848%2C570&ssl=1","_links":{"self":[{"href":"https:\/\/guialimeira.com.br\/news\/wp-json\/wp\/v2\/posts\/4238","targetHints":{"allow":["GET"]}}],"collection":[{"href":"https:\/\/guialimeira.com.br\/news\/wp-json\/wp\/v2\/posts"}],"about":[{"href":"https:\/\/guialimeira.com.br\/news\/wp-json\/wp\/v2\/types\/post"}],"author":[{"embeddable":true,"href":"https:\/\/guialimeira.com.br\/news\/wp-json\/wp\/v2\/users\/1"}],"replies":[{"embeddable":true,"href":"https:\/\/guialimeira.com.br\/news\/wp-json\/wp\/v2\/comments?post=4238"}],"version-history":[{"count":0,"href":"https:\/\/guialimeira.com.br\/news\/wp-json\/wp\/v2\/posts\/4238\/revisions"}],"wp:featuredmedia":[{"embeddable":true,"href":"https:\/\/guialimeira.com.br\/news\/wp-json\/wp\/v2\/media\/3554"}],"wp:attachment":[{"href":"https:\/\/guialimeira.com.br\/news\/wp-json\/wp\/v2\/media?parent=4238"}],"wp:term":[{"taxonomy":"category","embeddable":true,"href":"https:\/\/guialimeira.com.br\/news\/wp-json\/wp\/v2\/categories?post=4238"},{"taxonomy":"post_tag","embeddable":true,"href":"https:\/\/guialimeira.com.br\/news\/wp-json\/wp\/v2\/tags?post=4238"}],"curies":[{"name":"wp","href":"https:\/\/api.w.org\/{rel}","templated":true}]}}