{"id":4237,"date":"2024-05-08T16:33:04","date_gmt":"2024-05-08T19:33:04","guid":{"rendered":"https:\/\/guialimeira.com.br\/2024\/05\/08\/investsp-apoia-parceria-entre-sao-paulo-oktoberfest-e-oktoberfest-da-alemanha\/"},"modified":"2024-05-08T16:33:04","modified_gmt":"2024-05-08T19:33:04","slug":"investsp-apoia-parceria-entre-sao-paulo-oktoberfest-e-oktoberfest-da-alemanha","status":"publish","type":"post","link":"https:\/\/guialimeira.com.br\/news\/investsp-apoia-parceria-entre-sao-paulo-oktoberfest-e-oktoberfest-da-alemanha\/","title":{"rendered":"InvestSP apoia parceria entre S\u00e3o Paulo Oktoberfest e Oktoberfest da Alemanha"},"content":{"rendered":"<p> <br \/>\n<\/p>\n<div id=\"\">&#13;<br \/>\n                                <!-- Title -->&#13;<br \/>\n                                &#13;<br \/>\n&#13;<br \/>\n                                <!-- Excerpt -->&#13;<\/p>\n<p class=\"excerpt\">Acordo \u00e9 marco hist\u00f3rico que fortalecer\u00e1 la\u00e7os culturais e tur\u00edsticos entre S\u00e3o Paulo e a Baviera, promovendo uma colabora\u00e7\u00e3o efetiva<\/p>\n<p>&#13;<br \/>\n&#13;<br \/>\n                                &#13;\n                            <\/p><\/div>\n<div id=\"\">&#13;<\/p>\n<p>A IMM Esporte e Entretenimento, empresa organizadora da S\u00e3o Paulo Oktoberfest, estabeleceu uma parceria in\u00e9dita com autoridades do Estado da Baviera e com a Prefeitura de Munique, que organizam a mais tradicional Oktoberfest da Alemanha. O acordo \u00e9 um marco hist\u00f3rico que fortalecer\u00e1 os la\u00e7os culturais e tur\u00edsticos entre S\u00e3o Paulo e a Baviera, promovendo uma colabora\u00e7\u00e3o efetiva entre as duas celebra\u00e7\u00f5es da cultura alem\u00e3.<\/p>\n<p>Para a constru\u00e7\u00e3o dessa parceria, a S\u00e3o Paulo Oktoberfest contou com o apoio da InvestSP, ag\u00eancia de promo\u00e7\u00e3o de investimentos vinculada \u00e0 Secretaria de Desenvolvimento Econ\u00f4mico (SDE) do Estado de S\u00e3o Paulo. Vale destacar que a Ag\u00eancia mant\u00e9m um escrit\u00f3rio em Munique -, unidade que possibilita a abertura de mercados para empresas de S\u00e3o Paulo na Europa e apoia, tamb\u00e9m, que investimentos europeus cheguem at\u00e9 o Brasil.<\/p>\n<p>\u201cEsta parceria hist\u00f3rica entre a S\u00e3o Paulo Oktoberfest e a Oktoberfest de Munique representa um passo importante na promo\u00e7\u00e3o da cultura alem\u00e3 no Brasil e no fortalecimento dos la\u00e7os entre S\u00e3o Paulo, Baviera e toda a comunidade alem\u00e3. Ambos os festivais est\u00e3o comprometidos em promover, ativamente, um ao outro, ampliando o alcance e a visibilidade de seus eventos e promovendo uma compreens\u00e3o mais profunda da cultura alem\u00e3 e, tamb\u00e9m, o turismo nos dois lados do Atl\u00e2ntico\u201d, afirma Walter Cavalheiro, presidente da S\u00e3o Paulo Oktoberfest.<\/p>\n<p>O acordo entre a Baviera e S\u00e3o Paulo aborda diversos aspectos para fortalecer os la\u00e7os culturais e tur\u00edsticos entre ambos. Isso inclui o estabelecimento de um acordo oficial para promover experi\u00eancias culturais e tur\u00edsticas nos festivais, visando impulsionar o relacionamento entre os dois estados. A Baviera ser\u00e1 integrada \u00e0s celebra\u00e7\u00f5es dos 200 anos da imigra\u00e7\u00e3o alem\u00e3 no Brasil, com destaque para Munique como um renomado destino tur\u00edstico internacional.<\/p>\n<p>A Oktoberfest de Munique oferecer\u00e1 apoio institucional \u00e0 S\u00e3o Paulo Oktoberfest, fortalecendo sua posi\u00e7\u00e3o como evento de destaque internacional. Tamb\u00e9m haver\u00e1 uma troca de atra\u00e7\u00f5es culturais entre os festivais, enriquecendo a experi\u00eancia dos participantes e promovendo uma compreens\u00e3o mais profunda da cultura alem\u00e3.<\/p>\n<p>Siga o canal \u201cGoverno de S\u00e3o Paulo\u201d no WhatsApp:<br \/><a href=\"https:\/\/bit.ly\/govspnozap\" target=\"_blank\" rel=\"noopener noreferrer\">https:\/\/bit.ly\/govspnozap<\/a><\/p>\n<\/p><\/div>\n<p><br \/>\n<br \/><a href=\"https:\/\/www.saopaulo.sp.gov.br\/spnoticias\/ultimas-noticias\/investsp-apoia-parceria-entre-sao-paulo-oktoberfest-e-oktoberfest-da-alemanha\/\" rel=\"noopener\">Informa\u00e7\u00f5es GOV.SP<\/a><\/p>\n","protected":false},"excerpt":{"rendered":"<p>&#13; &#13; &#13; &#13; &#13; Acordo \u00e9 marco hist\u00f3rico que fortalecer\u00e1 la\u00e7os culturais e tur\u00edsticos entre S\u00e3o Paulo e a Baviera, promovendo uma colabora\u00e7\u00e3o efetiva &#13; &#13; &#13; &#13; A IMM Esporte e Entretenimento, empresa organizadora da S\u00e3o Paulo Oktoberfest, estabeleceu uma parceria in\u00e9dita com autoridades do Estado da Baviera e com a Prefeitura de [&hellip;]<\/p>\n","protected":false},"author":1,"featured_media":238,"comment_status":"open","ping_status":"open","sticky":false,"template":"","format":"standard","meta":{"_jetpack_newsletter_access":"","_jetpack_dont_email_post_to_subs":false,"_jetpack_newsletter_tier_id":0,"_jetpack_memberships_contains_paywalled_content":false,"_mbp_banners":[],"_jetpack_feature_clip_id":0,"_jetpack_memberships_contains_paid_content":false,"footnotes":"","jetpack_publicize_message":"","jetpack_publicize_feature_enabled":true,"jetpack_social_post_already_shared":true,"jetpack_social_options":{"image_generator_settings":{"template":"highway","default_image_id":0,"font":"","enabled":false},"version":2},"jetpack_post_was_ever_published":false},"categories":[21],"tags":[],"class_list":["post-4237","post","type-post","status-publish","format-standard","has-post-thumbnail","category-sp-news"],"jetpack_publicize_connections":[],"jetpack-related-posts":[],"jetpack_shortlink":"https:\/\/wp.me\/p7Eq1F-16l","jetpack_sharing_enabled":true,"jetpack_featured_media_url":"https:\/\/i0.wp.com\/guialimeira.com.br\/news\/wp-content\/uploads\/2024\/03\/cover.png?fit=650%2C650&ssl=1","_links":{"self":[{"href":"https:\/\/guialimeira.com.br\/news\/wp-json\/wp\/v2\/posts\/4237","targetHints":{"allow":["GET"]}}],"collection":[{"href":"https:\/\/guialimeira.com.br\/news\/wp-json\/wp\/v2\/posts"}],"about":[{"href":"https:\/\/guialimeira.com.br\/news\/wp-json\/wp\/v2\/types\/post"}],"author":[{"embeddable":true,"href":"https:\/\/guialimeira.com.br\/news\/wp-json\/wp\/v2\/users\/1"}],"replies":[{"embeddable":true,"href":"https:\/\/guialimeira.com.br\/news\/wp-json\/wp\/v2\/comments?post=4237"}],"version-history":[{"count":0,"href":"https:\/\/guialimeira.com.br\/news\/wp-json\/wp\/v2\/posts\/4237\/revisions"}],"wp:featuredmedia":[{"embeddable":true,"href":"https:\/\/guialimeira.com.br\/news\/wp-json\/wp\/v2\/media\/238"}],"wp:attachment":[{"href":"https:\/\/guialimeira.com.br\/news\/wp-json\/wp\/v2\/media?parent=4237"}],"wp:term":[{"taxonomy":"category","embeddable":true,"href":"https:\/\/guialimeira.com.br\/news\/wp-json\/wp\/v2\/categories?post=4237"},{"taxonomy":"post_tag","embeddable":true,"href":"https:\/\/guialimeira.com.br\/news\/wp-json\/wp\/v2\/tags?post=4237"}],"curies":[{"name":"wp","href":"https:\/\/api.w.org\/{rel}","templated":true}]}}