{"id":42356,"date":"2025-08-24T15:55:17","date_gmt":"2025-08-24T18:55:17","guid":{"rendered":"https:\/\/guialimeira.com.br\/?p=42356"},"modified":"2025-08-24T16:11:16","modified_gmt":"2025-08-24T19:11:16","slug":"assai-limeira-anel-viario-abre-vagas-de-emprego-participe-do-processo-seletivo-nesta-terca-e-quinta-feira","status":"publish","type":"post","link":"https:\/\/guialimeira.com.br\/news\/assai-limeira-anel-viario-abre-vagas-de-emprego-participe-do-processo-seletivo-nesta-terca-e-quinta-feira\/","title":{"rendered":"Assa\u00ed Limeira Anel Vi\u00e1rio abre vagas de emprego: participe do processo seletivo nesta ter\u00e7a e quinta-feira"},"content":{"rendered":"\n<p class=\"wp-block-paragraph\">O <strong>Assa\u00ed Atacadista<\/strong> est\u00e1 com <strong>vagas de emprego em Limeira<\/strong>, na unidade localizada no <strong>Anel Vi\u00e1rio<\/strong>. Se voc\u00ea busca uma oportunidade em uma das maiores redes de atacarejo do pa\u00eds, anote na agenda: o <strong>processo seletivo acontece nesta ter\u00e7a-feira, 26\/08, \u00e0s 14h<\/strong>.<\/p>\n\n\n\n<p class=\"wp-block-paragraph\">Al\u00e9m desta data, o Assa\u00ed realiza sele\u00e7\u00f5es <strong>todas as ter\u00e7as e quintas-feiras, sempre \u00e0s 14h<\/strong>.<\/p>\n\n\n\n<h2 class=\"wp-block-heading\">\ud83d\udccc Vagas dispon\u00edveis no Assa\u00ed Limeira Anel Vi\u00e1rio<\/h2>\n\n\n\n<p class=\"wp-block-paragraph\">As oportunidades s\u00e3o para diferentes \u00e1reas de atua\u00e7\u00e3o:<\/p>\n\n\n\n<ul class=\"wp-block-list\">\n<li>Operador de Caixa<\/li>\n\n\n\n<li>Repositor de Mercadorias<\/li>\n\n\n\n<li>Auxiliar de A\u00e7ougue<\/li>\n\n\n\n<li>A\u00e7ougueiro<\/li>\n\n\n\n<li>Vendedor de Produtos Financeiros<\/li>\n\n\n\n<li>Conferente<\/li>\n<\/ul>\n\n\n\n<p class=\"wp-block-paragraph\">Todas as vagas s\u00e3o destinadas a maiores de 18 anos.<\/p>\n\n\n\n<h2 class=\"wp-block-heading\">\ud83c\udfaf Benef\u00edcios oferecidos<\/h2>\n\n\n\n<p class=\"wp-block-paragraph\">Os colaboradores do Assa\u00ed t\u00eam acesso a um pacote de benef\u00edcios que inclui:<\/p>\n\n\n\n<ul class=\"wp-block-list\">\n<li>Assist\u00eancia m\u00e9dica e odontol\u00f3gica<\/li>\n\n\n\n<li>Seguro de vida<\/li>\n\n\n\n<li>Refeit\u00f3rio em todas as unidades<\/li>\n\n\n\n<li>Vale-compras Assa\u00ed<\/li>\n\n\n\n<li>Capacita\u00e7\u00e3o por meio da Universidade Assa\u00ed<\/li>\n\n\n\n<li>Plano de carreira estruturado<\/li>\n<\/ul>\n\n\n\n<h2 class=\"wp-block-heading\">\ud83d\udccd Como participar do processo seletivo<\/h2>\n\n\n\n<p class=\"wp-block-paragraph\">Para se candidatar, basta comparecer pessoalmente ao Assa\u00ed Limeira Anel Vi\u00e1rio, no endere\u00e7o:<br><strong>Via Ant\u00f4nio Crua\u00f1es Filho, 4750 \u2013 Jardim Colinas de S\u00e3o Jo\u00e3o, Limeira\/SP<\/strong>.<\/p>\n\n\n\n<p class=\"wp-block-paragraph\">Tamb\u00e9m \u00e9 poss\u00edvel se cadastrar pelo site: <strong><a>assai.gupy.io<\/a><\/strong> ou entrar em contato pelo WhatsApp: <strong>(11) 94207-8941<\/strong>.<\/p>\n\n\n\n<h2 class=\"wp-block-heading\">\ud83d\ude80 Uma oportunidade para crescer<\/h2>\n\n\n\n<p class=\"wp-block-paragraph\">Com reconhecimento nacional e milhares de colaboradores em todo o Brasil, o Assa\u00ed \u00e9 refer\u00eancia em oportunidades de desenvolvimento e carreira. Se voc\u00ea procura estabilidade, capacita\u00e7\u00e3o e benef\u00edcios atrativos, esta pode ser a chance ideal.<\/p>\n","protected":false},"excerpt":{"rendered":"<p>O Assa\u00ed Atacadista est\u00e1 com vagas de emprego em Limeira, na unidade localizada no Anel Vi\u00e1rio. Se voc\u00ea busca uma oportunidade em uma das maiores redes de atacarejo do pa\u00eds, anote na agenda: o processo seletivo acontece nesta ter\u00e7a-feira, 26\/08, \u00e0s 14h.<\/p>\n","protected":false},"author":1,"featured_media":42251,"comment_status":"open","ping_status":"open","sticky":false,"template":"","format":"standard","meta":{"_jetpack_newsletter_access":"","_jetpack_dont_email_post_to_subs":false,"_jetpack_newsletter_tier_id":0,"_jetpack_memberships_contains_paywalled_content":false,"_mbp_banners":[],"_jetpack_feature_clip_id":0,"_jetpack_memberships_contains_paid_content":false,"footnotes":"","jetpack_publicize_message":"","jetpack_publicize_feature_enabled":true,"jetpack_social_post_already_shared":false,"jetpack_social_options":{"image_generator_settings":{"template":"highway","default_image_id":0,"enabled":false},"version":2},"jetpack_post_was_ever_published":false},"categories":[17,16],"tags":[],"class_list":["post-42356","post","type-post","status-publish","format-standard","has-post-thumbnail","category-empregos","category-local"],"jetpack_publicize_connections":[],"jetpack-related-posts":[],"jetpack_shortlink":"https:\/\/wp.me\/p7Eq1F-b1a","jetpack_sharing_enabled":true,"jetpack_featured_media_url":"https:\/\/i0.wp.com\/guialimeira.com.br\/news\/wp-content\/uploads\/2025\/08\/assai-atacadista.png?fit=1024%2C1024&ssl=1","_links":{"self":[{"href":"https:\/\/guialimeira.com.br\/news\/wp-json\/wp\/v2\/posts\/42356","targetHints":{"allow":["GET"]}}],"collection":[{"href":"https:\/\/guialimeira.com.br\/news\/wp-json\/wp\/v2\/posts"}],"about":[{"href":"https:\/\/guialimeira.com.br\/news\/wp-json\/wp\/v2\/types\/post"}],"author":[{"embeddable":true,"href":"https:\/\/guialimeira.com.br\/news\/wp-json\/wp\/v2\/users\/1"}],"replies":[{"embeddable":true,"href":"https:\/\/guialimeira.com.br\/news\/wp-json\/wp\/v2\/comments?post=42356"}],"version-history":[{"count":1,"href":"https:\/\/guialimeira.com.br\/news\/wp-json\/wp\/v2\/posts\/42356\/revisions"}],"predecessor-version":[{"id":42357,"href":"https:\/\/guialimeira.com.br\/news\/wp-json\/wp\/v2\/posts\/42356\/revisions\/42357"}],"wp:featuredmedia":[{"embeddable":true,"href":"https:\/\/guialimeira.com.br\/news\/wp-json\/wp\/v2\/media\/42251"}],"wp:attachment":[{"href":"https:\/\/guialimeira.com.br\/news\/wp-json\/wp\/v2\/media?parent=42356"}],"wp:term":[{"taxonomy":"category","embeddable":true,"href":"https:\/\/guialimeira.com.br\/news\/wp-json\/wp\/v2\/categories?post=42356"},{"taxonomy":"post_tag","embeddable":true,"href":"https:\/\/guialimeira.com.br\/news\/wp-json\/wp\/v2\/tags?post=42356"}],"curies":[{"name":"wp","href":"https:\/\/api.w.org\/{rel}","templated":true}]}}