{"id":4227,"date":"2024-05-08T15:45:54","date_gmt":"2024-05-08T18:45:54","guid":{"rendered":"https:\/\/guialimeira.com.br\/2024\/05\/08\/feira-livre-noturna-estreia-amanha-no-estadio-do-limeirao\/"},"modified":"2024-05-08T15:45:54","modified_gmt":"2024-05-08T18:45:54","slug":"feira-livre-noturna-estreia-amanha-no-estadio-do-limeirao","status":"publish","type":"post","link":"https:\/\/guialimeira.com.br\/news\/feira-livre-noturna-estreia-amanha-no-estadio-do-limeirao\/","title":{"rendered":"Feira Livre Noturna\u00a0estreia amanh\u00e3 no\u00a0Est\u00e1dio do Limeir\u00e3o"},"content":{"rendered":"<p> <br \/>\n<\/p>\n<div>\n            <main class=\"\">&#13;<br \/>\n                &#13;<br \/>\n&#13;<br \/>\n&#13;<br \/>\n&#13;<br \/>\n    <img data-recalc-dims=\"1\" decoding=\"async\" src=\"https:\/\/i0.wp.com\/ecrie.com.br\/sistema\/conteudos\/imagem\/m_137_0_1_08052024150907.jpg?w=696&#038;ssl=1\" alt=\"Feira Livre Noturna\u00a0estreia amanh\u00e3 no\u00a0Est\u00e1dio do Limeir\u00e3o\"\/>&#13;<br \/>\n&#13;<\/p>\n<p>Nesta quinta (9), a Feira Livre Noturna\u00a0inicia as atividades no Est\u00e1dio do Limeir\u00e3o, no per\u00edodo das 17h \u00e0s 22h.\u00a0O p\u00fablico da regi\u00e3o encontrar\u00e1 produtos variados em\u00a040 expositores. As barracas\u00a0ser\u00e3o montadas em frente da entrada principal\u00a0do est\u00e1dio.<\/p>\n<p>&#13;<\/p>\n<p>Al\u00e9m do hor\u00e1rio alternativo, a iniciativa se destaca pela qualidade dos produtos\u00a0comercializados,\u00a0como legumes, verduras\u00a0e\u00a0frutas, al\u00e9m de alimentos prontos, como espetinhos,\u00a0pizzas,\u00a0lanches,\u00a0derivados de milho,\u00a0doces,\u00a0entre outras op\u00e7\u00f5es.\u00a0Bijuterias, brinquedos\u00a0e outros artigos tamb\u00e9m estar\u00e3o \u00e0 venda.<\/p>\n<p>&#13;<\/p>\n<p>Lan\u00e7ada\u00a0no fim do ano passado, a Feira Livre Noturna \u00e9 mais uma a\u00e7\u00e3o da Prefeitura de Limeira, por meio da Secretaria de Meio Ambiente e Agricultura, em parceria com a Associa\u00e7\u00e3o dos Feirantes (Asfel).\u00a0Segundo o prefeito Mario Botion, a expectativa \u00e9 repetir o sucesso de p\u00fablico nas edi\u00e7\u00f5es realizadas quinzenalmente, \u00e0s ter\u00e7as, no Parque Cidade.<\/p>\n<p>&#13;<\/p>\n<p>\u201c\u00c9 mais um espa\u00e7o aberto para facilitar a vida do consumidor, que muitas vezes, encontra dificuldade para fazer as compras em hor\u00e1rio comercial\u201d, frisou. \u201cPor outro lado, estamos atendendo \u00e0 demanda apresentada pelos feirantes, que desejam manter viva a tradi\u00e7\u00e3o das feiras livres em nossa cidade\u201d, completou Botion.<\/p>\n<p>&#13;<\/p>\n<p>\u00a0<\/p>\n<p>&#13;<br \/>\n&#13;<br \/>\n&#13;<br \/>\n&#13;<\/p>\n<aside class=\"list-related no-print\">&#13;<br \/>\n        &#13;<br \/>\n&#13;<\/p>\n<article class=\"list-item noticias \">&#13;<br \/>\n                    <a class=\"list-item__img\" href=\"https:\/\/limeira.sp.gov.br\/imprensa\/noticias\/gabinete-do-prefeito\/acoes-em-tecnologia-e-infraestrutura-rendem-premioinovacidade-2024-para-limeira\" tabindex=\"-1\" aria-hidden=\"true\" rel=\"noopener\">&#13;<br \/>\n                        <img data-recalc-dims=\"1\" decoding=\"async\" src=\"https:\/\/i0.wp.com\/ecrie.com.br\/sistema\/conteudos\/imagem\/m_137_0_1_08052024115458.jpg?w=696&#038;ssl=1\" alt=\"A\u00e7\u00f5es em tecnologia e infraestrutura rendem pr\u00eamio\u00a0InovaCidade 2024 para Limeira\"\/>&#13;<br \/>\n                    <\/a>&#13;<br \/>\n&#13;<br \/>\n                &#13;<br \/>\n            <\/article>\n<p>&#13;<\/p>\n<article class=\"list-item noticias \">&#13;<br \/>\n                    <a class=\"list-item__img\" href=\"https:\/\/limeira.sp.gov.br\/imprensa\/noticias\/gabinete-do-prefeito\/primeira-remessa-de-doacoes-da-campanha-limeira-solidaria-sera-entregue-na-sexta-10\" tabindex=\"-1\" aria-hidden=\"true\" rel=\"noopener\">&#13;<br \/>\n                        <img data-recalc-dims=\"1\" decoding=\"async\" src=\"https:\/\/i0.wp.com\/ecrie.com.br\/sistema\/conteudos\/imagem\/m_137_0_1_07052024170142.jpg?w=696&#038;ssl=1\" alt=\"Primeira remessa de doa\u00e7\u00f5es da campanha \u201cLimeira Solid\u00e1ria\u201d ser\u00e1 entregue na sexta (10)\"\/>&#13;<br \/>\n                    <\/a>&#13;<br \/>\n&#13;<br \/>\n                &#13;<br \/>\n            <\/article>\n<p>&#13;<\/p>\n<article class=\"list-item noticias \">&#13;<br \/>\n                    <a class=\"list-item__img\" href=\"https:\/\/limeira.sp.gov.br\/imprensa\/noticias\/gabinete-do-prefeito\/drive-thru-dacampanha-de-ajuda-ao-rio-grande-do-sul-arrecada-mil-pecas-de-roupa-e-353-litros-de-aguano-primeiro-dia-de-operacao\" tabindex=\"-1\" aria-hidden=\"true\" rel=\"noopener\">&#13;<br \/>\n                        <img data-recalc-dims=\"1\" decoding=\"async\" src=\"https:\/\/i0.wp.com\/ecrie.com.br\/sistema\/conteudos\/imagem\/m_137_0_1_06052024174615.jpg?w=696&#038;ssl=1\" alt=\"Drive-thru da\u00a0campanha de ajuda ao Rio Grande do Sul arrecada mil pe\u00e7as de roupa e 353 litros de \u00e1gua\u00a0no primeiro dia de opera\u00e7\u00e3o\"\/>&#13;<br \/>\n                    <\/a>&#13;<br \/>\n&#13;<br \/>\n                &#13;<br \/>\n            <\/article>\n<p>&#13;<br \/>\n    <\/aside>\n<p>&#13;<br \/>\n&#13;<br \/>\n            <\/main><\/p><\/div>\n<p><br \/>\n<br \/><a href=\"https:\/\/limeira.sp.gov.br\/feira-livre-noturnaestreia-amanha-noestadio-do-limeirao\" rel=\"noopener\">Informa\u00e7\u00f5es da PML <\/a><\/p>\n","protected":false},"excerpt":{"rendered":"<p>&#13; &#13; &#13; &#13; &#13; &#13; &#13; Nesta quinta (9), a Feira Livre Noturna\u00a0inicia as atividades no Est\u00e1dio do Limeir\u00e3o, no per\u00edodo das 17h \u00e0s 22h.\u00a0O p\u00fablico da regi\u00e3o encontrar\u00e1 produtos variados em\u00a040 expositores. As barracas\u00a0ser\u00e3o montadas em frente da entrada principal\u00a0do est\u00e1dio. &#13; Al\u00e9m do hor\u00e1rio alternativo, a iniciativa se destaca pela qualidade dos [&hellip;]<\/p>\n","protected":false},"author":1,"featured_media":4228,"comment_status":"open","ping_status":"open","sticky":false,"template":"","format":"standard","meta":{"_jetpack_newsletter_access":"","_jetpack_dont_email_post_to_subs":false,"_jetpack_newsletter_tier_id":0,"_jetpack_memberships_contains_paywalled_content":false,"_mbp_banners":[],"_jetpack_feature_clip_id":0,"_jetpack_memberships_contains_paid_content":false,"footnotes":"","jetpack_publicize_message":"","jetpack_publicize_feature_enabled":true,"jetpack_social_post_already_shared":true,"jetpack_social_options":{"image_generator_settings":{"template":"highway","default_image_id":0,"font":"","enabled":false},"version":2},"jetpack_post_was_ever_published":false},"categories":[16],"tags":[],"class_list":["post-4227","post","type-post","status-publish","format-standard","has-post-thumbnail","category-local"],"jetpack_publicize_connections":[],"jetpack-related-posts":[],"jetpack_shortlink":"https:\/\/wp.me\/p7Eq1F-16b","jetpack_sharing_enabled":true,"jetpack_featured_media_url":"https:\/\/i0.wp.com\/guialimeira.com.br\/news\/wp-content\/uploads\/2024\/05\/m_137_0_1_08052024150907.jpg?fit=1280%2C852&ssl=1","_links":{"self":[{"href":"https:\/\/guialimeira.com.br\/news\/wp-json\/wp\/v2\/posts\/4227","targetHints":{"allow":["GET"]}}],"collection":[{"href":"https:\/\/guialimeira.com.br\/news\/wp-json\/wp\/v2\/posts"}],"about":[{"href":"https:\/\/guialimeira.com.br\/news\/wp-json\/wp\/v2\/types\/post"}],"author":[{"embeddable":true,"href":"https:\/\/guialimeira.com.br\/news\/wp-json\/wp\/v2\/users\/1"}],"replies":[{"embeddable":true,"href":"https:\/\/guialimeira.com.br\/news\/wp-json\/wp\/v2\/comments?post=4227"}],"version-history":[{"count":0,"href":"https:\/\/guialimeira.com.br\/news\/wp-json\/wp\/v2\/posts\/4227\/revisions"}],"wp:featuredmedia":[{"embeddable":true,"href":"https:\/\/guialimeira.com.br\/news\/wp-json\/wp\/v2\/media\/4228"}],"wp:attachment":[{"href":"https:\/\/guialimeira.com.br\/news\/wp-json\/wp\/v2\/media?parent=4227"}],"wp:term":[{"taxonomy":"category","embeddable":true,"href":"https:\/\/guialimeira.com.br\/news\/wp-json\/wp\/v2\/categories?post=4227"},{"taxonomy":"post_tag","embeddable":true,"href":"https:\/\/guialimeira.com.br\/news\/wp-json\/wp\/v2\/tags?post=4227"}],"curies":[{"name":"wp","href":"https:\/\/api.w.org\/{rel}","templated":true}]}}