{"id":42250,"date":"2025-08-23T06:21:41","date_gmt":"2025-08-23T09:21:41","guid":{"rendered":"https:\/\/guialimeira.com.br\/?p=42250"},"modified":"2025-08-23T06:21:44","modified_gmt":"2025-08-23T09:21:44","slug":"assai-atacadista-abre-vagas-de-emprego-em-limeira-saiba-como-se-candidatar","status":"publish","type":"post","link":"https:\/\/guialimeira.com.br\/news\/assai-atacadista-abre-vagas-de-emprego-em-limeira-saiba-como-se-candidatar\/","title":{"rendered":"Assa\u00ed Atacadista abre vagas de emprego em Limeira: saiba como se candidatar"},"content":{"rendered":"\n<p class=\"wp-block-paragraph\">O <strong>Assa\u00ed Atacadista<\/strong>, uma das maiores redes de atacarejo do Brasil, est\u00e1 com novas <strong>vagas de emprego em Limeira<\/strong> para sua unidade localizada na regi\u00e3o central da cidade. A oportunidade \u00e9 para quem busca crescimento profissional em uma empresa reconhecida como uma das <strong>Melhores Empresas para Trabalhar no Brasil 2024<\/strong>.<\/p>\n\n\n\n<h2 class=\"wp-block-heading\">\ud83d\udd0e Vagas dispon\u00edveis em Limeira<\/h2>\n\n\n\n<p class=\"wp-block-paragraph\">As oportunidades abertas incluem diferentes \u00e1reas da opera\u00e7\u00e3o:<\/p>\n\n\n\n<ul class=\"wp-block-list\">\n<li>Fiscal de Preven\u00e7\u00e3o de Perdas<\/li>\n\n\n\n<li>Repositor de Mercadorias<\/li>\n\n\n\n<li>Aprendiz Operador de Caixa (a partir de 18 anos)<\/li>\n\n\n\n<li>Vendedor de Cart\u00f5es<\/li>\n<\/ul>\n\n\n\n<p class=\"wp-block-paragraph\">Todas as vagas s\u00e3o destinadas a candidatos maiores de 18 anos.<\/p>\n\n\n\n<h2 class=\"wp-block-heading\">\ud83c\udfaf Benef\u00edcios oferecidos pelo Assa\u00ed<\/h2>\n\n\n\n<p class=\"wp-block-paragraph\">Al\u00e9m do sal\u00e1rio compat\u00edvel com o mercado, o Assa\u00ed Atacadista oferece diversos benef\u00edcios aos seus colaboradores, como:<\/p>\n\n\n\n<ul class=\"wp-block-list\">\n<li>Assist\u00eancia m\u00e9dica e odontol\u00f3gica<\/li>\n\n\n\n<li>Seguro de vida<\/li>\n\n\n\n<li>Refeit\u00f3rio em todas as unidades<\/li>\n\n\n\n<li>Vale-compras Assa\u00ed<\/li>\n\n\n\n<li>Capacita\u00e7\u00e3o via Universidade Assa\u00ed<\/li>\n\n\n\n<li>Plano de carreira estruturado<\/li>\n\n\n\n<li>E muito mais<\/li>\n<\/ul>\n\n\n\n<h2 class=\"wp-block-heading\">\ud83d\udccd Como se candidatar \u00e0s vagas<\/h2>\n\n\n\n<p class=\"wp-block-paragraph\">Os interessados podem se cadastrar diretamente no site: <strong><a>assai.gupy.io<\/a><\/strong> ou ainda entrar em contato pelo WhatsApp no n\u00famero <strong>(19) 99882-2797<\/strong>.<br>Tamb\u00e9m \u00e9 poss\u00edvel enviar curr\u00edculo pelo e-mail <strong><a>Loja021.rh@assai.com.br<\/a><\/strong> ou comparecer pessoalmente \u00e0 unidade no endere\u00e7o: <strong>Largo Jos\u00e9 Bonif\u00e1cio, 149 \u2013 Centro, Limeira\/SP<\/strong>.<\/p>\n\n\n\n<h2 class=\"wp-block-heading\">\u2705 Uma chance de crescimento profissional<\/h2>\n\n\n\n<p class=\"wp-block-paragraph\">Com milhares de colaboradores em todo o pa\u00eds, o Assa\u00ed Atacadista \u00e9 refer\u00eancia no setor e oferece oportunidade de desenvolvimento e crescimento de carreira. Para quem busca estabilidade, benef\u00edcios e capacita\u00e7\u00e3o, esta \u00e9 uma excelente oportunidade em Limeira.<\/p>\n","protected":false},"excerpt":{"rendered":"<p>O Assa\u00ed Atacadista, uma das maiores redes de atacarejo do Brasil, est\u00e1 com novas vagas de emprego em Limeira para sua unidade localizada na regi\u00e3o central da cidade. A oportunidade \u00e9 para quem busca crescimento profissional em uma empresa reconhecida como uma das Melhores Empresas para Trabalhar no Brasil 2024.<\/p>\n","protected":false},"author":1,"featured_media":42251,"comment_status":"open","ping_status":"open","sticky":false,"template":"","format":"standard","meta":{"_jetpack_newsletter_access":"","_jetpack_dont_email_post_to_subs":false,"_jetpack_newsletter_tier_id":0,"_jetpack_memberships_contains_paywalled_content":false,"_mbp_banners":[],"_jetpack_feature_clip_id":0,"_jetpack_memberships_contains_paid_content":false,"footnotes":"","jetpack_publicize_message":"","jetpack_publicize_feature_enabled":true,"jetpack_social_post_already_shared":false,"jetpack_social_options":{"image_generator_settings":{"template":"highway","default_image_id":0,"enabled":false},"version":2},"jetpack_post_was_ever_published":false},"categories":[17,16],"tags":[],"class_list":["post-42250","post","type-post","status-publish","format-standard","has-post-thumbnail","category-empregos","category-local"],"jetpack_publicize_connections":[],"jetpack-related-posts":[],"jetpack_shortlink":"https:\/\/wp.me\/p7Eq1F-aZs","jetpack_sharing_enabled":true,"jetpack_featured_media_url":"https:\/\/i0.wp.com\/guialimeira.com.br\/news\/wp-content\/uploads\/2025\/08\/assai-atacadista.png?fit=1024%2C1024&ssl=1","_links":{"self":[{"href":"https:\/\/guialimeira.com.br\/news\/wp-json\/wp\/v2\/posts\/42250","targetHints":{"allow":["GET"]}}],"collection":[{"href":"https:\/\/guialimeira.com.br\/news\/wp-json\/wp\/v2\/posts"}],"about":[{"href":"https:\/\/guialimeira.com.br\/news\/wp-json\/wp\/v2\/types\/post"}],"author":[{"embeddable":true,"href":"https:\/\/guialimeira.com.br\/news\/wp-json\/wp\/v2\/users\/1"}],"replies":[{"embeddable":true,"href":"https:\/\/guialimeira.com.br\/news\/wp-json\/wp\/v2\/comments?post=42250"}],"version-history":[{"count":1,"href":"https:\/\/guialimeira.com.br\/news\/wp-json\/wp\/v2\/posts\/42250\/revisions"}],"predecessor-version":[{"id":42252,"href":"https:\/\/guialimeira.com.br\/news\/wp-json\/wp\/v2\/posts\/42250\/revisions\/42252"}],"wp:featuredmedia":[{"embeddable":true,"href":"https:\/\/guialimeira.com.br\/news\/wp-json\/wp\/v2\/media\/42251"}],"wp:attachment":[{"href":"https:\/\/guialimeira.com.br\/news\/wp-json\/wp\/v2\/media?parent=42250"}],"wp:term":[{"taxonomy":"category","embeddable":true,"href":"https:\/\/guialimeira.com.br\/news\/wp-json\/wp\/v2\/categories?post=42250"},{"taxonomy":"post_tag","embeddable":true,"href":"https:\/\/guialimeira.com.br\/news\/wp-json\/wp\/v2\/tags?post=42250"}],"curies":[{"name":"wp","href":"https:\/\/api.w.org\/{rel}","templated":true}]}}