{"id":4220,"date":"2024-05-08T14:44:50","date_gmt":"2024-05-08T17:44:50","guid":{"rendered":"https:\/\/guialimeira.com.br\/2024\/05\/08\/oficina-gratuita-de-cinema-analisa-obras-de-charlie-chaplin-nesta-sexta-10\/"},"modified":"2024-05-08T14:44:50","modified_gmt":"2024-05-08T17:44:50","slug":"oficina-gratuita-de-cinema-analisa-obras-de-charlie-chaplin-nesta-sexta-10","status":"publish","type":"post","link":"https:\/\/guialimeira.com.br\/news\/oficina-gratuita-de-cinema-analisa-obras-de-charlie-chaplin-nesta-sexta-10\/","title":{"rendered":"Oficina gratuita de cinema analisa obras de Charlie Chaplin, nesta sexta (10)"},"content":{"rendered":"<p> <br \/>\n<\/p>\n<div>\n            <main class=\"\">&#13;<br \/>\n                &#13;<br \/>\n&#13;<br \/>\n&#13;<br \/>\n&#13;<br \/>\n    <img data-recalc-dims=\"1\" decoding=\"async\" src=\"https:\/\/i0.wp.com\/ecrie.com.br\/sistema\/conteudos\/imagem\/m_137_0_1_08052024143213.jpeg?w=696&#038;ssl=1\" alt=\"Oficina gratuita de cinema analisa obras de Charlie Chaplin, nesta sexta (10)\"\/>&#13;<br \/>\n&#13;<\/p>\n<p dir=\"ltr\" style=\"text-align: justify;\">Nesta sexta-feira (10), acontece a oficina gratuita \u201cCharlie Chaplin: A Vida \u00e9 Uma Com\u00e9dia\u201d, no Museu Major Jos\u00e9 Levy Sobrinho, das 14h \u00e0s 17h. A atividade \u00e9 voltada para o p\u00fablico a partir de 14 anos, apresentando o percurso de Chaplin, cujas cria\u00e7\u00f5es encantam h\u00e1 mais de um s\u00e9culo. A realiza\u00e7\u00e3o \u00e9 do Governo do Estado de S\u00e3o Paulo e Museu da Imagem e do Som (MIS), em parceria com a Prefeitura de Limeira, por meio da Secretaria de Cultura.<\/p>\n<p>&#13;<\/p>\n<p dir=\"ltr\" style=\"text-align: justify;\">Ministrada por C\u00e1ssio Starling, o objetivo da oficina \u00e9 narrar as etapas essenciais da vida e obra de Charlie Chaplin e sintetizar as principais interpreta\u00e7\u00f5es a respeito de Carlitos, personagem de vagabundo, exclu\u00eddo, pobret\u00e3o, que se tornou o maior \u00edcone do cinema.<\/p>\n<p>&#13;<\/p>\n<p dir=\"ltr\" style=\"text-align: justify;\">Os interessados em participar da oficina devem se inscrever pelo telefone 3442-1707. O Museu fica na Rua Boa Morte, 471, Centro.<\/p>\n<p>&#13;<\/p>\n<p dir=\"ltr\" style=\"text-align: justify;\">\u00a0<\/p>\n<p>&#13;<\/p>\n<p dir=\"ltr\" style=\"text-align: justify;\"><strong>SOBRE O OFICINEIRO<\/strong><\/p>\n<p>&#13;<\/p>\n<p dir=\"ltr\" style=\"text-align: justify;\">C\u00e1ssio Starling \u00e9 pesquisador de hist\u00f3ria e linguagem audiovisual. \u00c9 cr\u00edtico de cinema (Folha de S. Paulo; Carta Capital). Bacharel em Filosofia (UFMG) e mestre em Cinema (Unicamp). Professor na Escola no Cinema, ele ministra cursos sobre cinematografias, movimentos est\u00e9ticos e grandes autores.\u00a0<\/p>\n<p>&#13;<br \/>\n&#13;<br \/>\n&#13;<br \/>\n&#13;<\/p>\n<aside class=\"list-related no-print\">&#13;<br \/>\n        &#13;<br \/>\n&#13;<\/p>\n<article class=\"list-item noticias \">&#13;<br \/>\n                    <a class=\"list-item__img\" href=\"https:\/\/limeira.sp.gov.br\/imprensa\/noticias\/cultura\/prefeitura-realiza-eventos-em-homenagem-as-maes-nesta-sexta-10\" tabindex=\"-1\" aria-hidden=\"true\" rel=\"noopener\">&#13;<br \/>\n                        <img data-recalc-dims=\"1\" decoding=\"async\" src=\"https:\/\/i0.wp.com\/ecrie.com.br\/sistema\/conteudos\/imagem\/m_137_45_130_15122022144819.jpg?w=696&#038;ssl=1\" alt=\"Prefeitura realiza eventos em homenagem \u00e0s m\u00e3es, nesta sexta (10)\"\/>&#13;<br \/>\n                    <\/a>&#13;<br \/>\n&#13;<br \/>\n                &#13;<br \/>\n            <\/article>\n<p>&#13;<\/p>\n<article class=\"list-item noticias \">&#13;<br \/>\n                    <a class=\"list-item__img\" href=\"https:\/\/limeira.sp.gov.br\/imprensa\/noticias\/cultura\/artistas-limeirenses-participam-do-21-territorio-da-arte-de-araraquara-professor-da-prefeitura-esta-presente\" tabindex=\"-1\" aria-hidden=\"true\" rel=\"noopener\">&#13;<br \/>\n                        <img data-recalc-dims=\"1\" decoding=\"async\" src=\"https:\/\/i0.wp.com\/ecrie.com.br\/sistema\/conteudos\/imagem\/m_137_0_1_07052024143301.jpeg?w=696&#038;ssl=1\" alt=\"Artistas limeirenses participam do 21\u00ba Territ\u00f3rio da Arte de Araraquara; professor da Prefeitura est\u00e1 presente\"\/>&#13;<br \/>\n                    <\/a>&#13;<br \/>\n&#13;<br \/>\n                &#13;<br \/>\n            <\/article>\n<p>&#13;<\/p>\n<article class=\"list-item noticias \">&#13;<br \/>\n                    <a class=\"list-item__img\" href=\"https:\/\/limeira.sp.gov.br\/imprensa\/noticias\/cultura\/espetaculo-gratuito-a-divina-farsa-acontece-nesta-quinta-9\" tabindex=\"-1\" aria-hidden=\"true\" rel=\"noopener\">&#13;<br \/>\n                        <img data-recalc-dims=\"1\" decoding=\"async\" src=\"https:\/\/i0.wp.com\/ecrie.com.br\/sistema\/conteudos\/imagem\/m_137_0_1_07052024140254.png?w=696&#038;ssl=1\" alt=\"Espet\u00e1culo gratuito \u201cA Divina Farsa\u201d acontece nesta quinta (9)\"\/>&#13;<br \/>\n                    <\/a>&#13;<br \/>\n&#13;<br \/>\n                &#13;<br \/>\n            <\/article>\n<p>&#13;<br \/>\n    <\/aside>\n<p>&#13;<br \/>\n&#13;<br \/>\n            <\/main><\/p><\/div>\n<p><br \/>\n<br \/><a href=\"https:\/\/limeira.sp.gov.br\/oficina-gratuita-de-cinema-analisa-obras-de-charlie-chaplin-nesta-sexta-10\" rel=\"noopener\">Informa\u00e7\u00f5es da PML <\/a><\/p>\n","protected":false},"excerpt":{"rendered":"<p>&#13; &#13; &#13; &#13; &#13; &#13; &#13; Nesta sexta-feira (10), acontece a oficina gratuita \u201cCharlie Chaplin: A Vida \u00e9 Uma Com\u00e9dia\u201d, no Museu Major Jos\u00e9 Levy Sobrinho, das 14h \u00e0s 17h. A atividade \u00e9 voltada para o p\u00fablico a partir de 14 anos, apresentando o percurso de Chaplin, cujas cria\u00e7\u00f5es encantam h\u00e1 mais de um [&hellip;]<\/p>\n","protected":false},"author":1,"featured_media":4221,"comment_status":"open","ping_status":"open","sticky":false,"template":"","format":"standard","meta":{"_jetpack_newsletter_access":"","_jetpack_dont_email_post_to_subs":false,"_jetpack_newsletter_tier_id":0,"_jetpack_memberships_contains_paywalled_content":false,"_mbp_banners":[],"_jetpack_feature_clip_id":0,"_jetpack_memberships_contains_paid_content":false,"footnotes":"","jetpack_publicize_message":"","jetpack_publicize_feature_enabled":true,"jetpack_social_post_already_shared":true,"jetpack_social_options":{"image_generator_settings":{"template":"highway","default_image_id":0,"font":"","enabled":false},"version":2},"jetpack_post_was_ever_published":false},"categories":[16],"tags":[],"class_list":["post-4220","post","type-post","status-publish","format-standard","has-post-thumbnail","category-local"],"jetpack_publicize_connections":[],"jetpack-related-posts":[],"jetpack_shortlink":"https:\/\/wp.me\/p7Eq1F-164","jetpack_sharing_enabled":true,"jetpack_featured_media_url":"https:\/\/i0.wp.com\/guialimeira.com.br\/news\/wp-content\/uploads\/2024\/05\/m_137_0_1_08052024143213.jpeg?fit=900%2C900&ssl=1","_links":{"self":[{"href":"https:\/\/guialimeira.com.br\/news\/wp-json\/wp\/v2\/posts\/4220","targetHints":{"allow":["GET"]}}],"collection":[{"href":"https:\/\/guialimeira.com.br\/news\/wp-json\/wp\/v2\/posts"}],"about":[{"href":"https:\/\/guialimeira.com.br\/news\/wp-json\/wp\/v2\/types\/post"}],"author":[{"embeddable":true,"href":"https:\/\/guialimeira.com.br\/news\/wp-json\/wp\/v2\/users\/1"}],"replies":[{"embeddable":true,"href":"https:\/\/guialimeira.com.br\/news\/wp-json\/wp\/v2\/comments?post=4220"}],"version-history":[{"count":0,"href":"https:\/\/guialimeira.com.br\/news\/wp-json\/wp\/v2\/posts\/4220\/revisions"}],"wp:featuredmedia":[{"embeddable":true,"href":"https:\/\/guialimeira.com.br\/news\/wp-json\/wp\/v2\/media\/4221"}],"wp:attachment":[{"href":"https:\/\/guialimeira.com.br\/news\/wp-json\/wp\/v2\/media?parent=4220"}],"wp:term":[{"taxonomy":"category","embeddable":true,"href":"https:\/\/guialimeira.com.br\/news\/wp-json\/wp\/v2\/categories?post=4220"},{"taxonomy":"post_tag","embeddable":true,"href":"https:\/\/guialimeira.com.br\/news\/wp-json\/wp\/v2\/tags?post=4220"}],"curies":[{"name":"wp","href":"https:\/\/api.w.org\/{rel}","templated":true}]}}