{"id":42171,"date":"2025-08-22T16:48:27","date_gmt":"2025-08-22T19:48:27","guid":{"rendered":"https:\/\/guialimeira.com.br\/?p=42171"},"modified":"2025-08-22T16:48:27","modified_gmt":"2025-08-22T19:48:27","slug":"transito-na-rua-jose-rodrigues-neto-passa-a-ter-sentido-unico-prefeitura-municipal-de-cordeiropolis","status":"publish","type":"post","link":"https:\/\/guialimeira.com.br\/news\/transito-na-rua-jose-rodrigues-neto-passa-a-ter-sentido-unico-prefeitura-municipal-de-cordeiropolis\/","title":{"rendered":"Tr\u00e2nsito na Rua Jos\u00e9 Rodrigues Neto passa a ter sentido \u00fanico \u2013 Prefeitura Municipal de Cordeir\u00f3polis"},"content":{"rendered":"<p> <br \/>\n<\/p>\n<div>\n<p>A Secretaria de Seguran\u00e7a P\u00fablica e Tr\u00e2nsito de Cordeir\u00f3polis informa que, a partir do dia 1\u00ba de setembro (segunda-feira), a Rua Jos\u00e9 Rodrigues Neto ter\u00e1 altera\u00e7\u00e3o no sentido de circula\u00e7\u00e3o de ve\u00edculos. O trecho entre a Rua Ant\u00f4nio Aparecido Benedito e a Rua Jo\u00e3o Magrim passar\u00e1 a ser m\u00e3o \u00fanica, com fluxo apenas em dire\u00e7\u00e3o ao Corpo de Bombeiros.<\/p>\n<p>A medida foi definida ap\u00f3s estudos t\u00e9cnicos realizados pela secretaria, que identificaram intenso fluxo de ve\u00edculos na via, principalmente de motoristas que acessam a rua a partir da Rodovia C\u00e1ssio de Freitas Levy em dire\u00e7\u00e3o \u00e0 zona sul e ao centro da cidade. Esse volume de tr\u00e1fego aumentou consideravelmente a movimenta\u00e7\u00e3o em frente \u00e0 Emef Maria Nazareth Stocco Lordello, o que eleva os riscos de acidentes.<\/p>\n<p>Outro ponto de aten\u00e7\u00e3o constatado foi a dificuldade de tr\u00e1fego no trecho quando condutores, ao entrarem pela Rua Ant\u00f4nio Aparecido Benedito, se deparavam com ve\u00edculos no sentido contr\u00e1rio. Situa\u00e7\u00f5es de desrespeito \u00e0 sinaliza\u00e7\u00e3o de parada obrigat\u00f3ria e excesso de velocidade tamb\u00e9m foram registradas.<\/p>\n<p>De acordo com a secretaria, a altera\u00e7\u00e3o busca reduzir os riscos de acidentes, proteger pedestres e alunos da escola e melhorar a fluidez do tr\u00e1fego na regi\u00e3o. \u201cNosso compromisso \u00e9 garantir um tr\u00e2nsito mais seguro para todos. Menos velocidade significa mais seguran\u00e7a. Respeite a vida, respeite o tr\u00e2nsito\u201d, refor\u00e7a o respons\u00e1vel da pasta, Carlos Alberto Avi.<\/p>\n<p>Em caso de necessidade, os contatos s\u00e3o: 153 ou (19) 3546-5838.<\/p>\n<\/p><\/div>\n<p><br \/>\n<br \/><a href=\"https:\/\/www.cordeiropolis.sp.gov.br\/transito-na-rua-jose-rodrigues-neto-passa-a-ter-sentido-unico\/\" rel=\"noopener\">Informa\u00e7\u00f5es Cordeir\u00f3polis <\/a><\/p>\n","protected":false},"excerpt":{"rendered":"<p>A Secretaria de Seguran\u00e7a P\u00fablica e Tr\u00e2nsito de Cordeir\u00f3polis informa que, a partir do dia 1\u00ba de setembro (segunda-feira), a Rua Jos\u00e9 Rodrigues Neto ter\u00e1 altera\u00e7\u00e3o no sentido de circula\u00e7\u00e3o de ve\u00edculos. O trecho entre a Rua Ant\u00f4nio Aparecido Benedito e a Rua Jo\u00e3o Magrim passar\u00e1 a ser m\u00e3o \u00fanica, com fluxo apenas em dire\u00e7\u00e3o [&hellip;]<\/p>\n","protected":false},"author":1,"featured_media":0,"comment_status":"open","ping_status":"open","sticky":false,"template":"","format":"standard","meta":{"_jetpack_newsletter_access":"","_jetpack_dont_email_post_to_subs":false,"_jetpack_newsletter_tier_id":0,"_jetpack_memberships_contains_paywalled_content":false,"_mbp_banners":[],"_jetpack_feature_clip_id":0,"_jetpack_memberships_contains_paid_content":false,"footnotes":"","jetpack_publicize_message":"","jetpack_publicize_feature_enabled":true,"jetpack_social_post_already_shared":true,"jetpack_social_options":{"image_generator_settings":{"template":"highway","default_image_id":0,"font":"","enabled":false},"version":2},"jetpack_post_was_ever_published":false},"categories":[20],"tags":[],"class_list":["post-42171","post","type-post","status-publish","format-standard","category-regiao"],"jetpack_publicize_connections":[],"jetpack-related-posts":[],"jetpack_shortlink":"https:\/\/wp.me\/p7Eq1F-aYb","jetpack_sharing_enabled":true,"jetpack_featured_media_url":"","_links":{"self":[{"href":"https:\/\/guialimeira.com.br\/news\/wp-json\/wp\/v2\/posts\/42171","targetHints":{"allow":["GET"]}}],"collection":[{"href":"https:\/\/guialimeira.com.br\/news\/wp-json\/wp\/v2\/posts"}],"about":[{"href":"https:\/\/guialimeira.com.br\/news\/wp-json\/wp\/v2\/types\/post"}],"author":[{"embeddable":true,"href":"https:\/\/guialimeira.com.br\/news\/wp-json\/wp\/v2\/users\/1"}],"replies":[{"embeddable":true,"href":"https:\/\/guialimeira.com.br\/news\/wp-json\/wp\/v2\/comments?post=42171"}],"version-history":[{"count":1,"href":"https:\/\/guialimeira.com.br\/news\/wp-json\/wp\/v2\/posts\/42171\/revisions"}],"predecessor-version":[{"id":42172,"href":"https:\/\/guialimeira.com.br\/news\/wp-json\/wp\/v2\/posts\/42171\/revisions\/42172"}],"wp:attachment":[{"href":"https:\/\/guialimeira.com.br\/news\/wp-json\/wp\/v2\/media?parent=42171"}],"wp:term":[{"taxonomy":"category","embeddable":true,"href":"https:\/\/guialimeira.com.br\/news\/wp-json\/wp\/v2\/categories?post=42171"},{"taxonomy":"post_tag","embeddable":true,"href":"https:\/\/guialimeira.com.br\/news\/wp-json\/wp\/v2\/tags?post=42171"}],"curies":[{"name":"wp","href":"https:\/\/api.w.org\/{rel}","templated":true}]}}