{"id":4212,"date":"2024-05-08T13:28:47","date_gmt":"2024-05-08T16:28:47","guid":{"rendered":"https:\/\/guialimeira.com.br\/2024\/05\/08\/metro-homenageia-maes-com-uma-serie-de-atracoes-nesta-sexta\/"},"modified":"2024-05-08T13:28:47","modified_gmt":"2024-05-08T16:28:47","slug":"metro-homenageia-maes-com-uma-serie-de-atracoes-nesta-sexta","status":"publish","type":"post","link":"https:\/\/guialimeira.com.br\/news\/metro-homenageia-maes-com-uma-serie-de-atracoes-nesta-sexta\/","title":{"rendered":"Metr\u00f4 homenageia m\u00e3es com uma s\u00e9rie de atra\u00e7\u00f5es nesta sexta"},"content":{"rendered":"<p> <br \/>\n<\/p>\n<div id=\"\">&#13;<br \/>\n                                <!-- Title -->&#13;<br \/>\n                                &#13;<br \/>\n&#13;<br \/>\n                                <!-- Excerpt -->&#13;<\/p>\n<p class=\"excerpt\">A ideia \u00e9 promover cuidado e bem-estar para essas mulheres, que muitas vezes n\u00e3o t\u00eam tempo para isso<\/p>\n<p>&#13;<br \/>\n&#13;<br \/>\n                                &#13;\n                            <\/p><\/div>\n<div id=\"\">&#13;<\/p>\n<p>O Metr\u00f4 acompanha o dia a dia de muitas m\u00e3es que circulam em trens e esta\u00e7\u00f5es \u2013 algumas com os filhos, levando para escola, um passeio, uma consulta. Outras sem os filhos, na correria para prover condi\u00e7\u00f5es de educa\u00e7\u00e3o, alimenta\u00e7\u00e3o e oportunidades para eles.<\/p>\n<p>Algumas sofrem porque se separam deles, outras transformam isso em energia para fortalecer o dia. Mas todas t\u00eam um ponto em comum. N\u00e3o \u00e9 nada f\u00e1cil ser m\u00e3e. \u00c9 um desafio di\u00e1rio.<\/p>\n<p>Por isso, o Metr\u00f4 quer homenagear essas mulheres incr\u00edveis e preparou uma s\u00e9rie de atra\u00e7\u00f5es para as passageiras nesse Dia das M\u00e3es. A ideia \u00e9 promover cuidado e bem-estar para elas, que muitas vezes n\u00e3o t\u00eam tempo para isso.<\/p>\n<p>Nesta sexta-feira (10), quem passar pela esta\u00e7\u00e3o Tatuap\u00e9 da Linha 3-Vermelha, entre 10h e 16h, poder\u00e1 participar de muitas atividades interativas:<\/p>\n<ul>\n<li>Espa\u00e7o de descanso com pufes e m\u00fasica relaxante. Ali, tamb\u00e9m haver\u00e1 sess\u00f5es de massagens r\u00e1pidas, com dura\u00e7\u00e3o de 15 minutos;<\/li>\n<li>O canto do desabafo no mesmo local, onde as passageiras ser\u00e3o ouvidas pelos volunt\u00e1rios do Projeto Help.<\/li>\n<li>Oficina de Ikebana, a arte de montar arranjos florais no estilo japon\u00eas, podendo levar a lembran\u00e7a para o lar. A cada meia hora, um novo grupo de 10 a 12 pessoas ser\u00e1 chamado para aprender essa t\u00e9cnica oriental. A a\u00e7\u00e3o ser\u00e1 at\u00e9 \u00e0s 14 horas<\/li>\n<li>Espa\u00e7o kids com atividades infantis, incluindo personaliza\u00e7\u00e3o de cart\u00f5es feitos pelos pequenos. Tudo isso sob orienta\u00e7\u00e3o de monitores. Para que as m\u00e3es que estiverem com seus filhos possam ter tempo de aproveitar um pouquinho.<\/li>\n<li>Tamb\u00e9m haver\u00e1 uma cabine fotogr\u00e1fica instant\u00e2nea, com impress\u00e3o de tiras de fotos no tamanho 5\u00d715. \u00c9 um convite para as passageiras registrarem esse momento \u00fanico, e j\u00e1 levarem a lembran\u00e7a para a casa.<\/li>\n<li>Para encerrar esse dia especial, um show da Banda dos Seguran\u00e7as do Metr\u00f4 em homenagem a todas as mam\u00e3es. Esse evento come\u00e7a \u00e0s 17h30, com a abertura do DJ Reginaldo.<\/li>\n<\/ul>\n<p>Al\u00e9m disso, at\u00e9 o dia 20 de maio, os avisos sonoros estar\u00e3o mais fofos do que nunca. V\u00e1rios pequeninos com idades entre 3 e 10 anos gravaram mensagens com dicas de cidadania e seguran\u00e7a para os passageiros que aprenderam com as suas mam\u00e3es sobre o comportamento ao andar de Metr\u00f4. S\u00e3o dicas como \u201crespeitar o assento preferencial\u201d, \u201cn\u00e3o colocar os p\u00e9s nos bancos\u201d e muito mais. Os \u00e1udios personalizados podem ser ouvidos nos trens da Frota H na Linha 3-Vermelha, frota J nas Linhas 1-Azul e 2-Vermelha e nos trens da frota M do Monotrilho da Linha 15-Prata.<\/p>\n<p>Siga o canal \u201cGoverno de S\u00e3o Paulo\u201d no WhatsApp:<br \/><a href=\"https:\/\/bit.ly\/govspnozap\" target=\"_blank\" rel=\"noopener noreferrer\">https:\/\/bit.ly\/govspnozap<\/a><\/p>\n<\/p><\/div>\n<p><br \/>\n<br \/><a href=\"https:\/\/www.saopaulo.sp.gov.br\/spnoticias\/ultimas-noticias\/metro-homenageia-maes-com-uma-serie-de-atracoes-nesta-sexta\/\" rel=\"noopener\">Informa\u00e7\u00f5es GOV.SP<\/a><\/p>\n","protected":false},"excerpt":{"rendered":"<p>&#13; &#13; &#13; &#13; &#13; A ideia \u00e9 promover cuidado e bem-estar para essas mulheres, que muitas vezes n\u00e3o t\u00eam tempo para isso &#13; &#13; &#13; &#13; O Metr\u00f4 acompanha o dia a dia de muitas m\u00e3es que circulam em trens e esta\u00e7\u00f5es \u2013 algumas com os filhos, levando para escola, um passeio, uma consulta. [&hellip;]<\/p>\n","protected":false},"author":1,"featured_media":238,"comment_status":"open","ping_status":"open","sticky":false,"template":"","format":"standard","meta":{"_jetpack_newsletter_access":"","_jetpack_dont_email_post_to_subs":false,"_jetpack_newsletter_tier_id":0,"_jetpack_memberships_contains_paywalled_content":false,"_mbp_banners":[],"_jetpack_feature_clip_id":0,"_jetpack_memberships_contains_paid_content":false,"footnotes":"","jetpack_publicize_message":"","jetpack_publicize_feature_enabled":true,"jetpack_social_post_already_shared":true,"jetpack_social_options":{"image_generator_settings":{"template":"highway","default_image_id":0,"font":"","enabled":false},"version":2},"jetpack_post_was_ever_published":false},"categories":[21],"tags":[],"class_list":["post-4212","post","type-post","status-publish","format-standard","has-post-thumbnail","category-sp-news"],"jetpack_publicize_connections":[],"jetpack-related-posts":[],"jetpack_shortlink":"https:\/\/wp.me\/p7Eq1F-15W","jetpack_sharing_enabled":true,"jetpack_featured_media_url":"https:\/\/i0.wp.com\/guialimeira.com.br\/news\/wp-content\/uploads\/2024\/03\/cover.png?fit=650%2C650&ssl=1","_links":{"self":[{"href":"https:\/\/guialimeira.com.br\/news\/wp-json\/wp\/v2\/posts\/4212","targetHints":{"allow":["GET"]}}],"collection":[{"href":"https:\/\/guialimeira.com.br\/news\/wp-json\/wp\/v2\/posts"}],"about":[{"href":"https:\/\/guialimeira.com.br\/news\/wp-json\/wp\/v2\/types\/post"}],"author":[{"embeddable":true,"href":"https:\/\/guialimeira.com.br\/news\/wp-json\/wp\/v2\/users\/1"}],"replies":[{"embeddable":true,"href":"https:\/\/guialimeira.com.br\/news\/wp-json\/wp\/v2\/comments?post=4212"}],"version-history":[{"count":0,"href":"https:\/\/guialimeira.com.br\/news\/wp-json\/wp\/v2\/posts\/4212\/revisions"}],"wp:featuredmedia":[{"embeddable":true,"href":"https:\/\/guialimeira.com.br\/news\/wp-json\/wp\/v2\/media\/238"}],"wp:attachment":[{"href":"https:\/\/guialimeira.com.br\/news\/wp-json\/wp\/v2\/media?parent=4212"}],"wp:term":[{"taxonomy":"category","embeddable":true,"href":"https:\/\/guialimeira.com.br\/news\/wp-json\/wp\/v2\/categories?post=4212"},{"taxonomy":"post_tag","embeddable":true,"href":"https:\/\/guialimeira.com.br\/news\/wp-json\/wp\/v2\/tags?post=4212"}],"curies":[{"name":"wp","href":"https:\/\/api.w.org\/{rel}","templated":true}]}}