{"id":4203,"date":"2024-05-08T12:42:46","date_gmt":"2024-05-08T15:42:46","guid":{"rendered":"https:\/\/guialimeira.com.br\/2024\/05\/08\/acoes-em-tecnologia-e-infraestrutura-rendem-premio-inovacidade-2024-para-limeira\/"},"modified":"2024-05-08T12:42:46","modified_gmt":"2024-05-08T15:42:46","slug":"acoes-em-tecnologia-e-infraestrutura-rendem-premio-inovacidade-2024-para-limeira","status":"publish","type":"post","link":"https:\/\/guialimeira.com.br\/news\/acoes-em-tecnologia-e-infraestrutura-rendem-premio-inovacidade-2024-para-limeira\/","title":{"rendered":"A\u00e7\u00f5es em tecnologia e infraestrutura rendem pr\u00eamio\u00a0InovaCidade 2024 para Limeira"},"content":{"rendered":"<p> <br \/>\n<\/p>\n<div id=\"\">&#13;<br \/>\n                &#13;<br \/>\n&#13;<br \/>\n&#13;<br \/>\n&#13;<br \/>\n    <img data-recalc-dims=\"1\" decoding=\"async\" src=\"https:\/\/i0.wp.com\/ecrie.com.br\/sistema\/conteudos\/imagem\/m_137_0_1_08052024115458.jpg?w=696&#038;ssl=1\" alt=\"A\u00e7\u00f5es em tecnologia e infraestrutura rendem pr\u00eamio\u00a0InovaCidade 2024 para Limeira\"\/>&#13;<br \/>\n&#13;<\/p>\n<p>A Prefeitura de Limeira \u00e9 uma das vencedoras do pr\u00eamio InovaCidade 2024, com o projeto Conectando Vidas, Criando Futuros. Trata-se de conjunto de a\u00e7\u00f5es nas \u00e1reas de infraestrutura, seguran\u00e7a, educa\u00e7\u00e3o\u00a0e\u00a0desenvolvimento\/inova\u00e7\u00e3o, que elevam a qualidade de vida e facilitam a rotina do cidad\u00e3o\u00a0limeirense. \u201cS\u00e3o projetos modernos, tecnol\u00f3gicos e sustent\u00e1veis, que est\u00e3o construindo um caminho s\u00f3lido para o futuro de nossa cidade\u201d, frisou o prefeito Mario Botion. &#8220;Os projetos em v\u00e1rios setores da administra\u00e7\u00e3o demonstram que Limeira est\u00e1 no caminho certo e plenamente conectada com o futuro&#8221;, refor\u00e7ou\u00a0a vice-prefeita, Erika Tank.<\/p>\n<p>&#13;<\/p>\n<p>Na \u00e1rea da infraestrutura, o Conectando Vidas abrange a moderniza\u00e7\u00e3o do parque de ilumina\u00e7\u00e3o p\u00fablica, com investimento da ordem de R$ 26,8 milh\u00f5es. A a\u00e7\u00e3o prev\u00ea a substitui\u00e7\u00e3o dos 34.188 pontos de ilumina\u00e7\u00e3o de ruas e avenidas da cidade por lumin\u00e1rias LED, tecnologia que apresenta o dobro de efic\u00e1cia\u00a0em rela\u00e7\u00e3o \u00e0\u00a0convencional.\u00a0<\/p>\n<p>&#13;<\/p>\n<p>At\u00e9 o momento, 54% do parque j\u00e1 foi renovado, segundo a Secretaria de Obras e Servi\u00e7os P\u00fablicos. O pr\u00f3ximo passo ser\u00e1 a troca de outros 5 mil pontos de ilumina\u00e7\u00e3o, em pra\u00e7as, rotat\u00f3rias e canteiros da cidade. Ainda na \u00e1rea de tecnologia, destaca-se o transporte p\u00fablico,\u00a0com ve\u00edculos modernos e que disp\u00f5em de ar-condicionado e wi-fi.<\/p>\n<p>&#13;<\/p>\n<p>\u00a0<\/p>\n<p>&#13;<\/p>\n<p><strong>MURALHA DIGITAL<\/strong><\/p>\n<p>&#13;<\/p>\n<p>Em outro eixo, est\u00e1 a Muralha Digital, sistema da Secretaria de Seguran\u00e7a P\u00fablica e Defesa Civil constitu\u00eddo por c\u00e2meras de monitoramento. Os dispositivos est\u00e3o instalados nos principais pontos de acesso ao munic\u00edpio. Em breve, a rede passar\u00e1 por processo de amplia\u00e7\u00e3o.<\/p>\n<p>&#13;<\/p>\n<p>Na\u00a0Educa\u00e7\u00e3o, o Programa de Educa\u00e7\u00e3o Tecnol\u00f3gica e Inicia\u00e7\u00e3o Cient\u00edfica (Proetic)\u00a0fundamenta-se na amplia\u00e7\u00e3o da Cultura Digital na Rede Municipal. O Proetic engloba diversas frentes, entre elas, Laborat\u00f3rio Maker, plataforma digital, capacita\u00e7\u00e3o de professores e coordenadores em rob\u00f3tica, aquisi\u00e7\u00e3o de computadores e notebooks e de kits de rob\u00f3tica. Para colocar o programa em pr\u00e1tica, o governo Mario Botion j\u00e1 investiu R$ 33 milh\u00f5es\u00a0na compra de equipamentos e insumos e no treinamento aos servidores da Rede Municipal. \u201cCom toda essa estrutura, os alunos poder\u00e3o desenvolver mais facilmente o racioc\u00ednio l\u00f3gico\u201d, citou o prefeito.<\/p>\n<p>&#13;<\/p>\n<p>\u00a0<\/p>\n<p>&#13;<\/p>\n<p><strong>ELO LIMEIRA<\/strong><\/p>\n<p>&#13;<\/p>\n<p>A cria\u00e7\u00e3o\u00a0do Elo Limeira, espa\u00e7o que re\u00fane servi\u00e7os na \u00e1rea da empregabilidade, empreendedorismo e inova\u00e7\u00e3o\u00a0tamb\u00e9m integra o Conectando Vidas. A partir da estrutura\u00e7\u00e3o desse modelo, a Secretaria de Desenvolvimento, Turismo e Inova\u00e7\u00e3o organizou as a\u00e7\u00f5es:\u00a0Empregabilidade 360\u00ba, M\u00eas da Empregabilidade, M\u00eas do Empreendedorismo\u00a0e\u00a0Olimp\u00edada Limeirense de Empreendedorismo.<\/p>\n<p>&#13;<\/p>\n<p>O Elo Limeira tamb\u00e9m abriga a F\u00e1brica de Inova\u00e7\u00e3o,\u00a0que movimenta a quadrih\u00e9lice formada pelo\u00a0poder p\u00fablico, sociedade civil, universidade e setor produtivo.\u00a0A iniciativa desenvolve o Desafio do Conhecimento, o Resolve A\u00ed e oferece capacita\u00e7\u00f5es na \u00e1rea de tecnologia.<\/p>\n<p>&#13;<\/p>\n<p>\u00a0<\/p>\n<p>&#13;<\/p>\n<p><strong>PREMIA\u00c7\u00c3O<\/strong><\/p>\n<p>&#13;<\/p>\n<p>A solenidade de premia\u00e7\u00e3o ocorre durante o 11\u00ba Smart City Business Brazil Congress (SCB-Br), um dos mais importantes eventos sobre cidades\u00a0inteligentes\u00a0da Am\u00e9rica Latina, nos dias 14 e 15, em S\u00e3o Paulo.<\/p>\n<p>&#13;<br \/>\n&#13;<br \/>\n&#13;<br \/>\n&#13;<\/p>\n<aside class=\"list-related no-print\">&#13;<br \/>\n        &#13;<br \/>\n&#13;<\/p>\n<article class=\"list-item noticias \">&#13;<br \/>\n                    <a class=\"list-item__img\" href=\"https:\/\/limeira.sp.gov.br\/imprensa\/noticias\/mobilidade-urbana\/interdicao-na-via-luiz-varga-altera-transito-na-regiao\" tabindex=\"-1\" aria-hidden=\"true\" rel=\"noopener\">&#13;<br \/>\n                        <img data-recalc-dims=\"1\" decoding=\"async\" src=\"https:\/\/i0.wp.com\/ecrie.com.br\/sistema\/conteudos\/imagem\/m_137_0_1_04042024135245.jpg?w=696&#038;ssl=1\" alt=\"Interdi\u00e7\u00e3o na Via Luiz Varga altera tr\u00e2nsito na regi\u00e3o\"\/>&#13;<br \/>\n                    <\/a>&#13;<br \/>\n&#13;<br \/>\n                &#13;<br \/>\n            <\/article>\n<p>&#13;<\/p>\n<article class=\"list-item noticias \">&#13;<br \/>\n                    <a class=\"list-item__img\" href=\"https:\/\/limeira.sp.gov.br\/imprensa\/noticias\/gabinete-do-prefeito\/primeira-remessa-de-doacoes-da-campanha-limeira-solidaria-sera-entregue-na-sexta-10\" tabindex=\"-1\" aria-hidden=\"true\" rel=\"noopener\">&#13;<br \/>\n                        <img data-recalc-dims=\"1\" decoding=\"async\" src=\"https:\/\/i0.wp.com\/ecrie.com.br\/sistema\/conteudos\/imagem\/m_137_0_1_07052024170142.jpg?w=696&#038;ssl=1\" alt=\"Primeira remessa de doa\u00e7\u00f5es da campanha \u201cLimeira Solid\u00e1ria\u201d ser\u00e1 entregue na sexta (10)\"\/>&#13;<br \/>\n                    <\/a>&#13;<br \/>\n&#13;<br \/>\n                &#13;<br \/>\n            <\/article>\n<p>&#13;<\/p>\n<article class=\"list-item noticias \">&#13;<br \/>\n                    <a class=\"list-item__img\" href=\"https:\/\/limeira.sp.gov.br\/imprensa\/noticias\/gabinete-do-prefeito\/drive-thru-dacampanha-de-ajuda-ao-rio-grande-do-sul-arrecada-mil-pecas-de-roupa-e-353-litros-de-aguano-primeiro-dia-de-operacao\" tabindex=\"-1\" aria-hidden=\"true\" rel=\"noopener\">&#13;<br \/>\n                        <img data-recalc-dims=\"1\" decoding=\"async\" src=\"https:\/\/i0.wp.com\/ecrie.com.br\/sistema\/conteudos\/imagem\/m_137_0_1_06052024174615.jpg?w=696&#038;ssl=1\" alt=\"Drive-thru da\u00a0campanha de ajuda ao Rio Grande do Sul arrecada mil pe\u00e7as de roupa e 353 litros de \u00e1gua\u00a0no primeiro dia de opera\u00e7\u00e3o\"\/>&#13;<br \/>\n                    <\/a>&#13;<br \/>\n&#13;<br \/>\n                &#13;<br \/>\n            <\/article>\n<p>&#13;<br \/>\n    <\/aside>\n<p>&#13;<br \/>\n&#13;\n            <\/p><\/div>\n<p><br \/>\n<br \/><a href=\"https:\/\/limeira.sp.gov.br\/acoes-em-tecnologia-e-infraestrutura-rendem-premioinovacidade-2024-para-limeira\" rel=\"noopener\">Informa\u00e7\u00f5es da PML <\/a><\/p>\n","protected":false},"excerpt":{"rendered":"<p>&#13; &#13; &#13; &#13; &#13; &#13; &#13; A Prefeitura de Limeira \u00e9 uma das vencedoras do pr\u00eamio InovaCidade 2024, com o projeto Conectando Vidas, Criando Futuros. Trata-se de conjunto de a\u00e7\u00f5es nas \u00e1reas de infraestrutura, seguran\u00e7a, educa\u00e7\u00e3o\u00a0e\u00a0desenvolvimento\/inova\u00e7\u00e3o, que elevam a qualidade de vida e facilitam a rotina do cidad\u00e3o\u00a0limeirense. \u201cS\u00e3o projetos modernos, tecnol\u00f3gicos e sustent\u00e1veis, [&hellip;]<\/p>\n","protected":false},"author":1,"featured_media":4204,"comment_status":"open","ping_status":"open","sticky":false,"template":"","format":"standard","meta":{"_jetpack_newsletter_access":"","_jetpack_dont_email_post_to_subs":false,"_jetpack_newsletter_tier_id":0,"_jetpack_memberships_contains_paywalled_content":false,"_mbp_banners":[],"_jetpack_feature_clip_id":0,"_jetpack_memberships_contains_paid_content":false,"footnotes":"","jetpack_publicize_message":"","jetpack_publicize_feature_enabled":true,"jetpack_social_post_already_shared":true,"jetpack_social_options":{"image_generator_settings":{"template":"highway","default_image_id":0,"font":"","enabled":false},"version":2},"jetpack_post_was_ever_published":false},"categories":[16],"tags":[],"class_list":["post-4203","post","type-post","status-publish","format-standard","has-post-thumbnail","category-local"],"jetpack_publicize_connections":[],"jetpack-related-posts":[],"jetpack_shortlink":"https:\/\/wp.me\/p7Eq1F-15N","jetpack_sharing_enabled":true,"jetpack_featured_media_url":"https:\/\/i0.wp.com\/guialimeira.com.br\/news\/wp-content\/uploads\/2024\/05\/m_137_0_1_08052024115458.jpg?fit=1280%2C852&ssl=1","_links":{"self":[{"href":"https:\/\/guialimeira.com.br\/news\/wp-json\/wp\/v2\/posts\/4203","targetHints":{"allow":["GET"]}}],"collection":[{"href":"https:\/\/guialimeira.com.br\/news\/wp-json\/wp\/v2\/posts"}],"about":[{"href":"https:\/\/guialimeira.com.br\/news\/wp-json\/wp\/v2\/types\/post"}],"author":[{"embeddable":true,"href":"https:\/\/guialimeira.com.br\/news\/wp-json\/wp\/v2\/users\/1"}],"replies":[{"embeddable":true,"href":"https:\/\/guialimeira.com.br\/news\/wp-json\/wp\/v2\/comments?post=4203"}],"version-history":[{"count":0,"href":"https:\/\/guialimeira.com.br\/news\/wp-json\/wp\/v2\/posts\/4203\/revisions"}],"wp:featuredmedia":[{"embeddable":true,"href":"https:\/\/guialimeira.com.br\/news\/wp-json\/wp\/v2\/media\/4204"}],"wp:attachment":[{"href":"https:\/\/guialimeira.com.br\/news\/wp-json\/wp\/v2\/media?parent=4203"}],"wp:term":[{"taxonomy":"category","embeddable":true,"href":"https:\/\/guialimeira.com.br\/news\/wp-json\/wp\/v2\/categories?post=4203"},{"taxonomy":"post_tag","embeddable":true,"href":"https:\/\/guialimeira.com.br\/news\/wp-json\/wp\/v2\/tags?post=4203"}],"curies":[{"name":"wp","href":"https:\/\/api.w.org\/{rel}","templated":true}]}}