{"id":4201,"date":"2024-05-08T12:27:50","date_gmt":"2024-05-08T15:27:50","guid":{"rendered":"https:\/\/guialimeira.com.br\/2024\/05\/08\/acoes-de-seguranca-no-transito-atende-diversos-publicos-nesta-semana\/"},"modified":"2024-05-08T12:27:50","modified_gmt":"2024-05-08T15:27:50","slug":"acoes-de-seguranca-no-transito-atende-diversos-publicos-nesta-semana","status":"publish","type":"post","link":"https:\/\/guialimeira.com.br\/news\/acoes-de-seguranca-no-transito-atende-diversos-publicos-nesta-semana\/","title":{"rendered":"A\u00e7\u00f5es de seguran\u00e7a no tr\u00e2nsito atende diversos p\u00fablicos nesta semana"},"content":{"rendered":"<p> <br \/>\n<\/p>\n<div>\n<figure id=\"attachment_5879809\" style=\"width: 100%;max-width: 751px\" class=\"wp-caption alignnone\"><img data-recalc-dims=\"1\" decoding=\"async\" loading=\"lazy\" class=\" wp-image-5879809\" src=\"https:\/\/i0.wp.com\/www.saopaulo.sp.gov.br\/wp-content\/uploads\/2024\/05\/Semana-2-Maio-Amarelo-1024x768-1-300x225.jpg?resize=696%2C522&#038;ssl=1\" alt=\"\" width=\"696\" height=\"522\" srcset=\"https:\/\/www.saopaulo.sp.gov.br\/wp-content\/uploads\/2024\/05\/Semana-2-Maio-Amarelo-1024x768-1-300x225.jpg 300w, https:\/\/www.saopaulo.sp.gov.br\/wp-content\/uploads\/2024\/05\/Semana-2-Maio-Amarelo-1024x768-1-768x576.jpg 768w, https:\/\/www.saopaulo.sp.gov.br\/wp-content\/uploads\/2024\/05\/Semana-2-Maio-Amarelo-1024x768-1.jpg 1024w\" sizes=\"auto, (max-width: 751px) 100vw, 751px\"\/><figcaption class=\"wp-caption-text\">Maio Amarelo ter\u00e1 centenas de atividades em v\u00e1rias cidades do estado<\/figcaption><\/figure>\n<p>\u200bA programa\u00e7\u00e3o da Ag\u00eancia de Transporte do Estado de S\u00e3o Paulo (Artesp) e das concession\u00e1rias de rodovias estaduais para o Movimento Maio Amarelo 2024 nesta semana re\u00fane 24 a\u00e7\u00f5es abertas ao p\u00fablico focadas no tema \u201cPaz no tr\u00e2nsito come\u00e7a com voc\u00ea\u201d. <a href=\"https:\/\/www.saopaulo.sp.gov.br\/spnoticias\/ultimas-noticias\/seguranca-no-transito-sp-realiza-acoes-de-conscientizacao-durante-o-maio-amarelo\/\" target=\"_blank\" rel=\"noopener noreferrer\">A campanha tem o objetivo de refor\u00e7ar a import\u00e2ncia da seguran\u00e7a vi\u00e1ria e engajar toda a sociedade<\/a> em atividades que promovam um tr\u00e2nsito mais pac\u00edfico e harmonioso.<\/p>\n<p>Criado pelo Observat\u00f3rio Nacional de Seguran\u00e7a Vi\u00e1ria em 2014, o Maio Amarelo ter\u00e1 centenas de atividades em v\u00e1rias cidades do estado atendidas pela malha concedida de 11,2 mil quil\u00f4metros. \u201cGerar um comportamento consciente de todos que circulam pelas estradas, seja na condu\u00e7\u00e3o de um ve\u00edculo ou como pedestre, \u00e9 o foco das a\u00e7\u00f5es do Maio Amarelo para salvar vidas e tamb\u00e9m um compromisso da ag\u00eancia\u201d, afirma Milton Persoli, diretor geral da Artesp.<\/p>\n<p><strong>A\u00e7\u00f5es dos pr\u00f3ximos dias<\/strong><\/p>\n<p>No trecho Oeste do Rodoanel M\u00e1rio Covas, a CCR RodoAnel distribuir\u00e1 panfletos sobre seguran\u00e7a vi\u00e1ria ao longo da semana. Na segunda-feira (6), em Campinas, uma equipe de opera\u00e7\u00f5es da Renovias esteve na escola Auto Tr\u00e2nsito palestrando para instrutores em forma\u00e7\u00e3o e realizando uma din\u00e2mica com \u00f3culos simulador de embriaguez.<\/p>\n<p>O mesmo tipo de equipamento \u2013 que mostra de forma l\u00fadica alguns efeitos do \u00e1lcool no organismo como a perda da capacidade motora \u2013 tamb\u00e9m foi experimentado por motoristas em geral por meio da CCR AutoBAn em Campinas e Jundia\u00ed. No caso da SPMar, em S\u00e3o Bernardo do Campo, ser\u00e1 no trecho sul do Rodoanel, no s\u00e1bado (11), junto com a a\u00e7\u00e3o Ciclista #Seja Visto.<\/p>\n<p>Em parceria com a Pol\u00edcia Militar Rodovi\u00e1ria (PMRv), a ViaOeste fez, para pedestres, a a\u00e7\u00e3o Travessia Segura no km 22 da rodovia Castelo Branco. Nesta quarta ser\u00e1 a vez da campanha Acorda Caminhoneiro, em Nazar\u00e9 Paulista, organizada pela Rota das Bandeiras. A concession\u00e1ria far\u00e1 mais intera\u00e7\u00f5es com motoristas de caminh\u00e3o na sexta-feira (10) em Louveira e Jundia\u00ed.<\/p>\n<p>J\u00e1 a iniciativa Vou de Cinto orientar\u00e1 motoristas de \u00f4nibus e passageiros sobre o uso do cinto de seguran\u00e7a na quinta (9) no Graal do km 53 da Castello Branco, por meio da ViaOeste. No dia seguinte, a AutoBAn repetir\u00e1 a a\u00e7\u00e3o na Rodovi\u00e1ria de Jundia\u00ed.<\/p>\n<p>Outra atividade importante \u00e9 o espet\u00e1culo \u201cIr e Vir: Cidad\u00e3o Vigilante\u201d, da Cia. de Teatro Parafern\u00e1lia, que transmite dicas de seguran\u00e7a no tr\u00e2nsito para crian\u00e7as de escolas municipais de Ensino Fundamental I. A pe\u00e7a ser\u00e1 promovida durante toda a semana pelas concession\u00e1rias AutoBAn, em Jundia\u00ed, e ViaOeste, nas cidades de Carapicu\u00edba, Osasco, Barueri, Santana de Parna\u00edba, Jandira, Mairinque, Alum\u00ednio, Vargem Grande e S\u00e3o Roque.<\/p>\n<p>Os motociclistas tamb\u00e9m ser\u00e3o o foco de duas a\u00e7\u00f5es da Entrevias nesta quarta, em Mar\u00edlia e Sert\u00e3ozinho. Das 7h \u00e0s 9h, nas sedes da PMRv dessas cidades, ser\u00e3o distribu\u00eddos equipamentos de seguran\u00e7a como antena corta-pipa e adesivos refletivos para capacetes, al\u00e9m de orienta\u00e7\u00f5es de seguran\u00e7a e dire\u00e7\u00e3o defensiva.<\/p>\n<p><span style=\"font-size: 1rem;\">Siga o canal \u201cGoverno de S\u00e3o Paulo\u201d no WhatsApp:<br \/><\/span><a style=\"font-size: 1rem;\" href=\"https:\/\/bit.ly\/govspnozap\" target=\"_blank\" rel=\"noopener noreferrer\">https:\/\/bit.ly\/govspnozap<\/a><\/p>\n<\/div>\n<p><br \/>\n<br \/><a href=\"https:\/\/www.saopaulo.sp.gov.br\/spnoticias\/ultimas-noticias\/acoes-do-maio-amarelo-nesta-semana-atendem-publicos-diversos-nas-estradas-paulistas\/\" rel=\"noopener\">Informa\u00e7\u00f5es GOV.SP<\/a><\/p>\n","protected":false},"excerpt":{"rendered":"<p>Maio Amarelo ter\u00e1 centenas de atividades em v\u00e1rias cidades do estado \u200bA programa\u00e7\u00e3o da Ag\u00eancia de Transporte do Estado de S\u00e3o Paulo (Artesp) e das concession\u00e1rias de rodovias estaduais para o Movimento Maio Amarelo 2024 nesta semana re\u00fane 24 a\u00e7\u00f5es abertas ao p\u00fablico focadas no tema \u201cPaz no tr\u00e2nsito come\u00e7a com voc\u00ea\u201d. A campanha tem [&hellip;]<\/p>\n","protected":false},"author":1,"featured_media":4202,"comment_status":"open","ping_status":"open","sticky":false,"template":"","format":"standard","meta":{"_jetpack_newsletter_access":"","_jetpack_dont_email_post_to_subs":false,"_jetpack_newsletter_tier_id":0,"_jetpack_memberships_contains_paywalled_content":false,"_mbp_banners":[],"_jetpack_feature_clip_id":0,"_jetpack_memberships_contains_paid_content":false,"footnotes":"","jetpack_publicize_message":"","jetpack_publicize_feature_enabled":true,"jetpack_social_post_already_shared":true,"jetpack_social_options":{"image_generator_settings":{"template":"highway","default_image_id":0,"font":"","enabled":false},"version":2},"jetpack_post_was_ever_published":false},"categories":[21],"tags":[],"class_list":["post-4201","post","type-post","status-publish","format-standard","has-post-thumbnail","category-sp-news"],"jetpack_publicize_connections":[],"jetpack-related-posts":[],"jetpack_shortlink":"https:\/\/wp.me\/p7Eq1F-15L","jetpack_sharing_enabled":true,"jetpack_featured_media_url":"https:\/\/i0.wp.com\/guialimeira.com.br\/news\/wp-content\/uploads\/2024\/05\/Acoes-de-seguranca-no-transito-atende-diversos-publicos-nesta-semana.jpg?fit=300%2C225&ssl=1","_links":{"self":[{"href":"https:\/\/guialimeira.com.br\/news\/wp-json\/wp\/v2\/posts\/4201","targetHints":{"allow":["GET"]}}],"collection":[{"href":"https:\/\/guialimeira.com.br\/news\/wp-json\/wp\/v2\/posts"}],"about":[{"href":"https:\/\/guialimeira.com.br\/news\/wp-json\/wp\/v2\/types\/post"}],"author":[{"embeddable":true,"href":"https:\/\/guialimeira.com.br\/news\/wp-json\/wp\/v2\/users\/1"}],"replies":[{"embeddable":true,"href":"https:\/\/guialimeira.com.br\/news\/wp-json\/wp\/v2\/comments?post=4201"}],"version-history":[{"count":0,"href":"https:\/\/guialimeira.com.br\/news\/wp-json\/wp\/v2\/posts\/4201\/revisions"}],"wp:featuredmedia":[{"embeddable":true,"href":"https:\/\/guialimeira.com.br\/news\/wp-json\/wp\/v2\/media\/4202"}],"wp:attachment":[{"href":"https:\/\/guialimeira.com.br\/news\/wp-json\/wp\/v2\/media?parent=4201"}],"wp:term":[{"taxonomy":"category","embeddable":true,"href":"https:\/\/guialimeira.com.br\/news\/wp-json\/wp\/v2\/categories?post=4201"},{"taxonomy":"post_tag","embeddable":true,"href":"https:\/\/guialimeira.com.br\/news\/wp-json\/wp\/v2\/tags?post=4201"}],"curies":[{"name":"wp","href":"https:\/\/api.w.org\/{rel}","templated":true}]}}