{"id":4192,"date":"2024-05-08T11:26:48","date_gmt":"2024-05-08T14:26:48","guid":{"rendered":"https:\/\/guialimeira.com.br\/2024\/05\/08\/casa-da-mulher-paulista-faz-acoes-focadas-em-maes-vitimas-de-violencia\/"},"modified":"2024-05-08T11:26:48","modified_gmt":"2024-05-08T14:26:48","slug":"casa-da-mulher-paulista-faz-acoes-focadas-em-maes-vitimas-de-violencia","status":"publish","type":"post","link":"https:\/\/guialimeira.com.br\/news\/casa-da-mulher-paulista-faz-acoes-focadas-em-maes-vitimas-de-violencia\/","title":{"rendered":"Casa da Mulher Paulista faz a\u00e7\u00f5es focadas em m\u00e3es v\u00edtimas de viol\u00eancia"},"content":{"rendered":"<p> <br \/>\n<\/p>\n<div id=\"\">&#13;<\/p>\n<figure id=\"attachment_5880208\" style=\"width: 100%;max-width: 695px\" class=\"wp-caption alignnone\"><img data-recalc-dims=\"1\" decoding=\"async\" loading=\"lazy\" class=\" wp-image-5880208\" src=\"https:\/\/i0.wp.com\/www.saopaulo.sp.gov.br\/wp-content\/uploads\/2024\/05\/53604142465_f6747765b1_k-300x200.jpg?resize=695%2C463&#038;ssl=1\" alt=\"\" width=\"695\" height=\"463\" srcset=\"https:\/\/www.saopaulo.sp.gov.br\/wp-content\/uploads\/2024\/05\/53604142465_f6747765b1_k-300x200.jpg 300w, https:\/\/www.saopaulo.sp.gov.br\/wp-content\/uploads\/2024\/05\/53604142465_f6747765b1_k-1024x683.jpg 1024w, https:\/\/www.saopaulo.sp.gov.br\/wp-content\/uploads\/2024\/05\/53604142465_f6747765b1_k-768x512.jpg 768w, https:\/\/www.saopaulo.sp.gov.br\/wp-content\/uploads\/2024\/05\/53604142465_f6747765b1_k-1536x1024.jpg 1536w, https:\/\/www.saopaulo.sp.gov.br\/wp-content\/uploads\/2024\/05\/53604142465_f6747765b1_k.jpg 2048w\" sizes=\"auto, (max-width: 695px) 100vw, 695px\"\/><figcaption class=\"wp-caption-text\">Araraquara \u00e9 a 10\u00aa cidade de SP a receber Casa da Mulher Paulista<\/figcaption><\/figure>\n<p><span style=\"font-weight: 400;\">Idealizada para acolher mulheres v\u00edtimas de viol\u00eancia, a Casa da Mulher Paulista \u00e9 um espa\u00e7o para dar\u00a0suporte a muitas m\u00e3es que precisam recome\u00e7ar suas vidas. O local projetado pelo Governo de S\u00e3o Paulo oferece assist\u00eancia jur\u00eddica e psicol\u00f3gica, al\u00e9m de capacita\u00e7\u00e3o profissional.\u00a0\u00a0\u00a0<\/span><\/p>\n<p>\u201cEstamos empenhados na seguran\u00e7a e no acolhimento das mulheres paulistas, que necessitam de uma estrutura para sair de ciclos de viol\u00eancia e recuperar sua autonomia. A Casa da Mulher Paulista \u00e9 o apoio que elas precisam\u201d, diz a secret\u00e1ria Val\u00e9ria Bolsonaro, sobre a import\u00e2ncia do equipamento.<\/p>\n<p><span style=\"font-weight: 400;\">No m\u00eas de maio, a unidade de Pederneiras, no interior do estado, preparara uma programa\u00e7\u00e3o especial pensada para o Dia das M\u00e3es. A programa\u00e7\u00e3o oferece encontros, cursos e discuss\u00f5es sobre autoconfian\u00e7a, sa\u00fade durante a gesta\u00e7\u00e3o e seguran\u00e7a para fam\u00edlias. As rodas de conversa contam com profissionais da sa\u00fade, volunt\u00e1rios e a entrega de kits de dia das m\u00e3es para as participantes.<\/span><\/p>\n<p><span style=\"font-weight: 400;\">\u201cO principal objetivo da casa \u00e9 empoderar mulheres, n\u00e3o s\u00f3 as v\u00edtimas de viol\u00eancia, mas todas elas, oferecendo acesso aos direitos de trabalho, independ\u00eancia financeira e seguran\u00e7a\u201d, afirma a secret\u00e1ria Municipal de Desenvolvimento e Assist\u00eancia Social de Pederneiras, Let\u00edcia Camargo. Os munic\u00edpios s\u00e3o parceiros na iniciativa, respons\u00e1veis pela gest\u00e3o das estruturas.<\/span><\/p>\n<p><strong>\u00a0Casa da Mulher Paulista<\/strong><\/p>\n<p><span style=\"font-weight: 400;\">A Casa da Mulher faz parte de uma rede de prote\u00e7\u00e3o para as mulheres refor\u00e7ada neste ano, que inclui compra de tornozeleiras para monitorar agressores, aplicativo com bot\u00e3o de socorro e novas Delegacias de Defesa da Mulher (DDMs) online que garantem o acompanhamento e seguran\u00e7a de v\u00edtimas. O local conta com assist\u00eancia psicol\u00f3gica e social diariamente, atendimento jur\u00eddico da Ordem dos Advogados do Brasil Se\u00e7\u00e3o S\u00e3o Paulo (OAB-SP) uma vez por semana e disponibiliza cursos de capacita\u00e7\u00e3o, empreendedorismo e aulas de defesa pessoal.\u00a0<\/span><\/p>\n<p><span style=\"font-weight: 400;\">A casa tamb\u00e9m realiza encaminhamento profissional, auxiliando na reintegra\u00e7\u00e3o da mulher no mercado de trabalho, com aulas socioeducativas para produ\u00e7\u00e3o de curr\u00edculos, prepara\u00e7\u00e3o de entrevistas e suporte emocional. \u201c\u00c9 nossa miss\u00e3o garantir que todas as mulheres encontrem apoio nesta institui\u00e7\u00e3o, por meio de capacita\u00e7\u00e3o, seguran\u00e7a e fortalecimento da autoconfian\u00e7a\u201d, completa Simone Miranda, presidente do Conselho da Mulher de Pederneiras, entidade parceira da Casa.<\/span><\/p>\n<p><strong>Como acessar a Casa da Mulher<\/strong><\/p>\n<p><span style=\"font-weight: 400;\">S\u00e3o Paulo possui 12 unidades da Casa da Mulher Paulista no interior do estado. O acesso para o atendimento \u00e9 realizado por tr\u00eas meios:\u00a0<\/span><\/p>\n<ul>\n<li style=\"font-weight: 400;\" aria-level=\"1\"><span style=\"font-weight: 400;\">Boletins de ocorr\u00eancia, em que a delegacia da cidade entra em contato com a Casa, avisa sobre o delito e orienta a v\u00edtima sobre como pedir ajuda;<\/span><\/li>\n<li style=\"font-weight: 400;\" aria-level=\"1\"><span style=\"font-weight: 400;\">Por demanda espont\u00e2nea, em que a v\u00edtima busca ajuda por conta pr\u00f3pria na sede da unidade;\u00a0<\/span><\/li>\n<li style=\"font-weight: 400;\" aria-level=\"1\"><span style=\"font-weight: 400;\">Com parceiros do programa, como o Centro de Refer\u00eancia Especializado de Assist\u00eancia Social (Creas) e o Centro de Refer\u00eancia de Assist\u00eancia Social (Cras), que encaminham as mulheres que buscam aux\u00edlio.\u00a0<\/span><\/li>\n<\/ul>\n<p><span style=\"font-weight: 400;\">Em seguida, \u00e9 realizado o cadastro da v\u00edtima no sistema do programa, incluindo o perfil no Cadastro \u00danico em busca de poss\u00edveis benef\u00edcios, como Bolsa Fam\u00edlia, pens\u00e3o e vagas em creches.\u00a0<\/span><\/p>\n<p><span style=\"font-weight: 400;\">O programa \u00e9 uma parceria da Secretaria de Pol\u00edticas para a Mulher com a Secretaria de Governo e Rela\u00e7\u00f5es Institucionais, com investimento de R$ 765 mil por equipamento. As prefeituras s\u00e3o as respons\u00e1veis pela gest\u00e3o dos espa\u00e7os.\u00a0<\/span><\/p>\n<p><span style=\"font-weight: 400;\"><strong>Casas entregues<\/strong><\/span><\/p>\n<p><span style=\"font-weight: 400;\">O Governo de S\u00e3o Paulo inaugurou Casas da Mulher Paulista nos munic\u00edpios de Osvaldo Cruz, Ribeir\u00e3o Corrente, \u00c1guas da Prata, Cristais Paulista, S\u00e3o Bento do Sapuca\u00ed, Santa F\u00e9 do Sul, Ara\u00e7atuba, Araraquara, Ferraz de Vasconcelos e Votorantim no m\u00eas passado.<\/span><\/p>\n<p><span style=\"font-weight: 400;\">Em 2023, a Secretaria de Pol\u00edticas para a Mulher realizou a inaugura\u00e7\u00e3o das duas primeiras Casas da Mulher Paulista: a Casa de Pederneiras, no m\u00eas de outubro, e em Barretos, no m\u00eas de novembro.<\/span><\/p>\n<p>Siga o canal \u201cGoverno de S\u00e3o Paulo\u201d no WhatsApp:<br \/><a href=\"https:\/\/bit.ly\/govspnozap\" target=\"_blank\" rel=\"noopener noreferrer\">https:\/\/bit.ly\/govspnozap<\/a><\/p>\n<\/p><\/div>\n<p><br \/>\n<br \/><a href=\"https:\/\/www.saopaulo.sp.gov.br\/spnoticias\/ultimas-noticias\/casa-da-mulher-paulista-faz-acoes-focadas-em-maes-vitimas-de-violencia\/\" rel=\"noopener\">Informa\u00e7\u00f5es GOV.SP<\/a><\/p>\n","protected":false},"excerpt":{"rendered":"<p>&#13; Araraquara \u00e9 a 10\u00aa cidade de SP a receber Casa da Mulher Paulista Idealizada para acolher mulheres v\u00edtimas de viol\u00eancia, a Casa da Mulher Paulista \u00e9 um espa\u00e7o para dar\u00a0suporte a muitas m\u00e3es que precisam recome\u00e7ar suas vidas. O local projetado pelo Governo de S\u00e3o Paulo oferece assist\u00eancia jur\u00eddica e psicol\u00f3gica, al\u00e9m de capacita\u00e7\u00e3o [&hellip;]<\/p>\n","protected":false},"author":1,"featured_media":4193,"comment_status":"open","ping_status":"open","sticky":false,"template":"","format":"standard","meta":{"_jetpack_newsletter_access":"","_jetpack_dont_email_post_to_subs":false,"_jetpack_newsletter_tier_id":0,"_jetpack_memberships_contains_paywalled_content":false,"_mbp_banners":[],"_jetpack_feature_clip_id":0,"_jetpack_memberships_contains_paid_content":false,"footnotes":"","jetpack_publicize_message":"","jetpack_publicize_feature_enabled":true,"jetpack_social_post_already_shared":true,"jetpack_social_options":{"image_generator_settings":{"template":"highway","default_image_id":0,"font":"","enabled":false},"version":2},"jetpack_post_was_ever_published":false},"categories":[21],"tags":[],"class_list":["post-4192","post","type-post","status-publish","format-standard","has-post-thumbnail","category-sp-news"],"jetpack_publicize_connections":[],"jetpack-related-posts":[],"jetpack_shortlink":"https:\/\/wp.me\/p7Eq1F-15C","jetpack_sharing_enabled":true,"jetpack_featured_media_url":"https:\/\/i0.wp.com\/guialimeira.com.br\/news\/wp-content\/uploads\/2024\/05\/Casa-da-Mulher-Paulista-faz-acoes-focadas-em-maes-vitimas.jpg?fit=300%2C200&ssl=1","_links":{"self":[{"href":"https:\/\/guialimeira.com.br\/news\/wp-json\/wp\/v2\/posts\/4192","targetHints":{"allow":["GET"]}}],"collection":[{"href":"https:\/\/guialimeira.com.br\/news\/wp-json\/wp\/v2\/posts"}],"about":[{"href":"https:\/\/guialimeira.com.br\/news\/wp-json\/wp\/v2\/types\/post"}],"author":[{"embeddable":true,"href":"https:\/\/guialimeira.com.br\/news\/wp-json\/wp\/v2\/users\/1"}],"replies":[{"embeddable":true,"href":"https:\/\/guialimeira.com.br\/news\/wp-json\/wp\/v2\/comments?post=4192"}],"version-history":[{"count":0,"href":"https:\/\/guialimeira.com.br\/news\/wp-json\/wp\/v2\/posts\/4192\/revisions"}],"wp:featuredmedia":[{"embeddable":true,"href":"https:\/\/guialimeira.com.br\/news\/wp-json\/wp\/v2\/media\/4193"}],"wp:attachment":[{"href":"https:\/\/guialimeira.com.br\/news\/wp-json\/wp\/v2\/media?parent=4192"}],"wp:term":[{"taxonomy":"category","embeddable":true,"href":"https:\/\/guialimeira.com.br\/news\/wp-json\/wp\/v2\/categories?post=4192"},{"taxonomy":"post_tag","embeddable":true,"href":"https:\/\/guialimeira.com.br\/news\/wp-json\/wp\/v2\/tags?post=4192"}],"curies":[{"name":"wp","href":"https:\/\/api.w.org\/{rel}","templated":true}]}}