{"id":4185,"date":"2024-05-08T09:24:56","date_gmt":"2024-05-08T12:24:56","guid":{"rendered":"https:\/\/guialimeira.com.br\/2024\/05\/08\/prazo-para-vacinacao-contra-brucelose-acaba-no-dia-31-de-maio\/"},"modified":"2024-05-08T09:24:56","modified_gmt":"2024-05-08T12:24:56","slug":"prazo-para-vacinacao-contra-brucelose-acaba-no-dia-31-de-maio","status":"publish","type":"post","link":"https:\/\/guialimeira.com.br\/news\/prazo-para-vacinacao-contra-brucelose-acaba-no-dia-31-de-maio\/","title":{"rendered":"Prazo para vacina\u00e7\u00e3o contra Brucelose acaba no dia 31 de maio"},"content":{"rendered":"<p> <br \/>\n<\/p>\n<div id=\"\">&#13;<br \/>\n                                <!-- Title -->&#13;<br \/>\n                                &#13;<br \/>\n&#13;<br \/>\n                                <!-- Excerpt -->&#13;<\/p>\n<p class=\"excerpt\">Imuniza\u00e7\u00e3o deve ser feita em f\u00eameas bovinas e bubalinas com idade entre 3 e 8 meses; prazo para declara\u00e7\u00e3o acaba em 7 de junho<\/p>\n<p>&#13;<br \/>\n&#13;<br \/>\n                                &#13;\n                            <\/p><\/div>\n<div id=\"\">&#13;<\/p>\n<figure id=\"attachment_5878982\" style=\"width: 100%;max-width: 777px\" class=\"wp-caption alignnone\"><img data-recalc-dims=\"1\" decoding=\"async\" loading=\"lazy\" class=\" wp-image-5878982\" src=\"https:\/\/i0.wp.com\/www.saopaulo.sp.gov.br\/wp-content\/uploads\/2024\/05\/Sanidade-Animal-Brucelose-24-2-300x205.jpg?resize=696%2C476&#038;ssl=1\" alt=\"\" width=\"696\" height=\"476\" srcset=\"https:\/\/www.saopaulo.sp.gov.br\/wp-content\/uploads\/2024\/05\/Sanidade-Animal-Brucelose-24-2-300x205.jpg 300w, https:\/\/www.saopaulo.sp.gov.br\/wp-content\/uploads\/2024\/05\/Sanidade-Animal-Brucelose-24-2-100x69.jpg 100w, https:\/\/www.saopaulo.sp.gov.br\/wp-content\/uploads\/2024\/05\/Sanidade-Animal-Brucelose-24-2-768x525.jpg 768w, https:\/\/www.saopaulo.sp.gov.br\/wp-content\/uploads\/2024\/05\/Sanidade-Animal-Brucelose-24-2-620x424.jpg 620w, https:\/\/www.saopaulo.sp.gov.br\/wp-content\/uploads\/2024\/05\/Sanidade-Animal-Brucelose-24-2.jpg 1000w\" sizes=\"auto, (max-width: 777px) 100vw, 777px\"\/><figcaption class=\"wp-caption-text\">Pecuaristas t\u00eam at\u00e9 o dia 31 de maio para realizar a imuniza\u00e7\u00e3o<\/figcaption><\/figure>\n<p><a href=\"https:\/\/www.saopaulo.sp.gov.br\/spnoticias\/ultimas-noticias\/sp-alcanca-mais-um-recorde-historico-com-indice-de-vacinacao-de-99-contra-brucelose\/\" target=\"_blank\" rel=\"noopener noreferrer\">A vacina\u00e7\u00e3o contra a Brucelose est\u00e1 em andamento no estado de S\u00e3o Paulo<\/a> e os pecuaristas t\u00eam at\u00e9 o dia 31 de maio para realizar a imuniza\u00e7\u00e3o das f\u00eameas bovinas e bubalinas com idade entre tr\u00eas e oito meses. O prazo para declara\u00e7\u00e3o da vacina se encerra em 7 de junho no sistema de Gest\u00e3o de Defesa Animal e Vegetal (Gedave), da Coordenadoria de Defesa Agropecu\u00e1ria (CDA) da Secretaria de Agricultura e Abastecimento (SAA).<\/p>\n<p>A Brucelose bovina \u00e9 uma doen\u00e7a que se caracteriza por problemas reprodutivos como abortamento no ter\u00e7o final da gesta\u00e7\u00e3o e sua ocorr\u00eancia causa preju\u00edzos econ\u00f4micos e deprecia\u00e7\u00e3o do valor social da propriedade foco da doen\u00e7a devido \u00e0 diminui\u00e7\u00e3o da produ\u00e7\u00e3o de carne e leite, do aumento do intervalo entre partos e da queda da taxa de natalidade da esp\u00e9cie. Al\u00e9m disso, \u00e9 uma doen\u00e7a de notifica\u00e7\u00e3o obrigat\u00f3ria ao Minist\u00e9rio da Agricultura, Pecu\u00e1ria e Abastecimento (Mapa) e tamb\u00e9m para a Organiza\u00e7\u00e3o Mundial da Sa\u00fade Animal (OMSA).<\/p>\n<p>A vacina\u00e7\u00e3o contra a brucelose das f\u00eameas bovinas e bubalinas \u00e9 obrigat\u00f3ria, sendo exigida apenas a administra\u00e7\u00e3o de uma dose ao longo da vida do animal. A vacina\u00e7\u00e3o de machos, por sua vez, \u00e9 proibida.<\/p>\n<p>Para manter e preservar o rebanho, a Defesa Agropecu\u00e1ria atua de diversas maneiras, sendo elas a obrigatoriedade da vacina\u00e7\u00e3o de f\u00eameas bovinas e bubalinas contra a brucelose; o abate sanit\u00e1rio ou eutan\u00e1sia de animais acometidos pela doen\u00e7a; a exig\u00eancia de atestado de exames para brucelose e tuberculose para o tr\u00e2nsito de animais destinados \u00e0 reprodu\u00e7\u00e3o ou para participa\u00e7\u00e3o em feiras, exposi\u00e7\u00f5es, leil\u00f5es e provas esportivas como rodeios, al\u00e9m de medidas volunt\u00e1rias como a certifica\u00e7\u00e3o de propriedades livres.<\/p>\n<p>Al\u00e9m disso, tamb\u00e9m \u00e9 respons\u00e1vel pela realiza\u00e7\u00e3o de inqu\u00e9ritos epidemiol\u00f3gicos para determinar a preval\u00eancia da doen\u00e7a no estado de S\u00e3o Paulo.<\/p>\n<figure id=\"attachment_5878983\" style=\"width: 100%;max-width: 701px\" class=\"wp-caption alignnone caption-hide\"><img data-recalc-dims=\"1\" decoding=\"async\" loading=\"lazy\" class=\" wp-image-5878983\" src=\"https:\/\/i0.wp.com\/www.saopaulo.sp.gov.br\/wp-content\/uploads\/2024\/05\/Sanidade-Animal-Brucelose-24-1-1-300x300.jpeg?resize=696%2C696&#038;ssl=1\" alt=\"\" width=\"696\" height=\"696\" srcset=\"https:\/\/www.saopaulo.sp.gov.br\/wp-content\/uploads\/2024\/05\/Sanidade-Animal-Brucelose-24-1-1-300x300.jpeg 300w, https:\/\/www.saopaulo.sp.gov.br\/wp-content\/uploads\/2024\/05\/Sanidade-Animal-Brucelose-24-1-1-1024x1024.jpeg 1024w, https:\/\/www.saopaulo.sp.gov.br\/wp-content\/uploads\/2024\/05\/Sanidade-Animal-Brucelose-24-1-1-768x768.jpeg 768w, https:\/\/www.saopaulo.sp.gov.br\/wp-content\/uploads\/2024\/05\/Sanidade-Animal-Brucelose-24-1-1-1536x1536.jpeg 1536w, https:\/\/www.saopaulo.sp.gov.br\/wp-content\/uploads\/2024\/05\/Sanidade-Animal-Brucelose-24-1-1.jpeg 1600w\" sizes=\"auto, (max-width: 701px) 100vw, 701px\"\/><\/figure>\n<p>Siga o canal \u201cGoverno de S\u00e3o Paulo\u201d no WhatsApp:<br \/><a href=\"https:\/\/bit.ly\/govspnozap\" target=\"_blank\" rel=\"noopener noreferrer\">https:\/\/bit.ly\/govspnozap<\/a><\/p>\n<\/p><\/div>\n<p><br \/>\n<br \/><a href=\"https:\/\/www.saopaulo.sp.gov.br\/spnoticias\/ultimas-noticias\/agricultura\/sanidade-animal-prazo-para-vacinacao-contra-brucelose-acaba-no-dia-31-de-maio\/\" rel=\"noopener\">Informa\u00e7\u00f5es GOV.SP<\/a><\/p>\n","protected":false},"excerpt":{"rendered":"<p>&#13; &#13; &#13; &#13; &#13; Imuniza\u00e7\u00e3o deve ser feita em f\u00eameas bovinas e bubalinas com idade entre 3 e 8 meses; prazo para declara\u00e7\u00e3o acaba em 7 de junho &#13; &#13; &#13; &#13; Pecuaristas t\u00eam at\u00e9 o dia 31 de maio para realizar a imuniza\u00e7\u00e3o A vacina\u00e7\u00e3o contra a Brucelose est\u00e1 em andamento no estado [&hellip;]<\/p>\n","protected":false},"author":1,"featured_media":4186,"comment_status":"open","ping_status":"open","sticky":false,"template":"","format":"standard","meta":{"_jetpack_newsletter_access":"","_jetpack_dont_email_post_to_subs":false,"_jetpack_newsletter_tier_id":0,"_jetpack_memberships_contains_paywalled_content":false,"_mbp_banners":[],"_jetpack_feature_clip_id":0,"_jetpack_memberships_contains_paid_content":false,"footnotes":"","jetpack_publicize_message":"","jetpack_publicize_feature_enabled":true,"jetpack_social_post_already_shared":true,"jetpack_social_options":{"image_generator_settings":{"template":"highway","default_image_id":0,"font":"","enabled":false},"version":2},"jetpack_post_was_ever_published":false},"categories":[21],"tags":[],"class_list":["post-4185","post","type-post","status-publish","format-standard","has-post-thumbnail","category-sp-news"],"jetpack_publicize_connections":[],"jetpack-related-posts":[],"jetpack_shortlink":"https:\/\/wp.me\/p7Eq1F-15v","jetpack_sharing_enabled":true,"jetpack_featured_media_url":"https:\/\/i0.wp.com\/guialimeira.com.br\/news\/wp-content\/uploads\/2024\/05\/Prazo-para-vacinacao-contra-Brucelose-acaba-no-dia-31-de.jpg?fit=300%2C205&ssl=1","_links":{"self":[{"href":"https:\/\/guialimeira.com.br\/news\/wp-json\/wp\/v2\/posts\/4185","targetHints":{"allow":["GET"]}}],"collection":[{"href":"https:\/\/guialimeira.com.br\/news\/wp-json\/wp\/v2\/posts"}],"about":[{"href":"https:\/\/guialimeira.com.br\/news\/wp-json\/wp\/v2\/types\/post"}],"author":[{"embeddable":true,"href":"https:\/\/guialimeira.com.br\/news\/wp-json\/wp\/v2\/users\/1"}],"replies":[{"embeddable":true,"href":"https:\/\/guialimeira.com.br\/news\/wp-json\/wp\/v2\/comments?post=4185"}],"version-history":[{"count":0,"href":"https:\/\/guialimeira.com.br\/news\/wp-json\/wp\/v2\/posts\/4185\/revisions"}],"wp:featuredmedia":[{"embeddable":true,"href":"https:\/\/guialimeira.com.br\/news\/wp-json\/wp\/v2\/media\/4186"}],"wp:attachment":[{"href":"https:\/\/guialimeira.com.br\/news\/wp-json\/wp\/v2\/media?parent=4185"}],"wp:term":[{"taxonomy":"category","embeddable":true,"href":"https:\/\/guialimeira.com.br\/news\/wp-json\/wp\/v2\/categories?post=4185"},{"taxonomy":"post_tag","embeddable":true,"href":"https:\/\/guialimeira.com.br\/news\/wp-json\/wp\/v2\/tags?post=4185"}],"curies":[{"name":"wp","href":"https:\/\/api.w.org\/{rel}","templated":true}]}}