{"id":4176,"date":"2024-05-08T08:19:45","date_gmt":"2024-05-08T11:19:45","guid":{"rendered":"https:\/\/guialimeira.com.br\/2024\/05\/08\/copom-decide-nesta-quarta-corte-dos-juros-basicos-da-economia\/"},"modified":"2024-05-08T08:19:45","modified_gmt":"2024-05-08T11:19:45","slug":"copom-decide-nesta-quarta-corte-dos-juros-basicos-da-economia","status":"publish","type":"post","link":"https:\/\/guialimeira.com.br\/news\/copom-decide-nesta-quarta-corte-dos-juros-basicos-da-economia\/","title":{"rendered":"Copom decide nesta quarta corte dos juros b\u00e1sicos da economia"},"content":{"rendered":"<p> <br \/>\n<\/p>\n<div>\n<p>Com a possibilidade de divis\u00e3o entre os membros, o Comit\u00ea de Pol\u00edtica Monet\u00e1ria (Copom) do Banco Central (BC) decide nesta quarta-feira (8) o tamanho do corte na taxa b\u00e1sica de juros, a Selic. A recente alta do d\u00f3lar e os juros altos nos Estados Unidos trouxeram a indefini\u00e7\u00e3o se os juros b\u00e1sicos, atualmente em 10,75% ao ano, ser\u00e3o reduzidos em 0,25 ou 0,5 ponto percentual.<img data-recalc-dims=\"1\" decoding=\"async\" src=\"https:\/\/i0.wp.com\/agenciabrasil.ebc.com.br\/ebc.png?w=696&#038;ssl=1\" style=\"width:1px; height:1px; display:inline;\"\/><img data-recalc-dims=\"1\" decoding=\"async\" src=\"https:\/\/i0.wp.com\/agenciabrasil.ebc.com.br\/ebc.gif?w=696&#038;ssl=1\" style=\"width:1px; height:1px; display:inline;\"\/><\/p>\n<p>Nos comunicados da \u00faltima reuni\u00e3o, no fim de mar\u00e7o, o Copom informou\u00a0que os diretores do BC e o presidente do \u00f3rg\u00e3o, Roberto Campos Neto, tinham previsto, por unanimidade, um corte de 0,5 ponto percentual no encontro de maio. No entanto, o mercado financeiro global enfrentou fortes instabilidades desde ent\u00e3o, o que reduziu a previsibilidade do encontro.<\/p>\n<p>Em viagem para a reuni\u00e3o do G20 (grupo das 19 maiores economias do planeta, mais Uni\u00e3o Europeia e Uni\u00e3o Africana), em abril, o presidente do BC disse que a decis\u00e3o do Copom dependeria do <a href=\"https:\/\/agenciabrasil.ebc.com.br\/economia\/noticia\/2024-04\/bc-so-intervira-no-dolar-em-caso-de-mau-funcionamento-dos-mercados\" target=\"_blank\" rel=\"noopener\">n\u00edvel de incerteza<\/a> na economia global.<\/p>\n<p>Segundo a edi\u00e7\u00e3o mais recente do <a href=\"https:\/\/agenciabrasil.ebc.com.br\/economia\/noticia\/2024-04\/mercado-financeiro-preve-crescimento-do-pib-acima-de-2-neste-a\" target=\"_blank\" rel=\"noopener\">boletim Focus<\/a>, pesquisa semanal com analistas de mercado, a taxa b\u00e1sica deve cair 0,25 ponto percentual. At\u00e9 semana passada, a expectativa estava em corte de 0,5 ponto. Para o fim do ano, a estimativa \u00e9 que a Selic chegue a 9,63% ao ano.<\/p>\n<p>Nesta quarta-feira, ao fim do dia, o Copom anunciar\u00e1 a decis\u00e3o. Esse ser\u00e1 o s\u00e9timo corte desde agosto, quando a autoridade monet\u00e1ria interrompeu o ciclo de aperto monet\u00e1rio.<\/p>\n<h2>Infla\u00e7\u00e3o<\/h2>\n<p>Na ata da \u00faltima reuni\u00e3o, em mar\u00e7o, o Copom informou que mudou a forma de comunicar os pr\u00f3ximos cortes para dar mais flexibilidade ao Banco Central. At\u00e9 janeiro, o Copom informava que reduziria a Selic em 0,5 ponto pelo menos mais tr\u00eas vezes. Agora, o \u00f3rg\u00e3o informou apenas que cortaria os juros b\u00e1sicos na mesma magnitude no encontro de maio.<\/p>\n<p>Na ocasi\u00e3o, o Copom informou que cumpriu o papel \u201cde coordenar as expectativas, aumentar a pot\u00eancia de pol\u00edtica monet\u00e1ria e reduzir a volatilidade\u201d. No entanto, ressaltou que a deteriora\u00e7\u00e3o da conjuntura internacional tornou mais incerto o cen\u00e1rio para a queda da infla\u00e7\u00e3o, n\u00e3o apenas no Brasil, mas em diversos pa\u00edses. A perspectiva de alta de juros nos Estados Unidos e a guerra entre Israel e o grupo palestino Hamas dificultam a tarefa do BC de baixar os juros em 0,5 ponto por longo tempo.<\/p>\n<p>Segundo o \u00faltimo boletim Focus, pesquisa semanal com institui\u00e7\u00f5es financeiras feita pelo BC, a estimativa de infla\u00e7\u00e3o para 2024 caiu levemente, de 3,73% para 3,72%. Isso representa infla\u00e7\u00e3o dentro do intervalo da meta estabelecida pelo Conselho Monet\u00e1rio Nacional (CMN), de 3% para este ano, podendo chegar a 4,5% por causa do intervalo de toler\u00e2ncia de 1,5 ponto.<\/p>\n<p>Em abril, o \u00cdndice Nacional de Pre\u00e7os ao Consumidor Amplo -15 (IPCA-15), considerado a <a href=\"https:\/\/agenciabrasil.ebc.com.br\/economia\/noticia\/2024-04\/previa-da-inflacao-oficial-recua-para-021-em-abril\" target=\"_blank\" rel=\"noopener\">pr\u00e9via da infla\u00e7\u00e3o oficial<\/a>, recuou para 0,21%, segundo o Instituto Brasileiro de Geografia e Estat\u00edstica (IBGE). Com o resultado, o indicador acumula alta de 3,77% em 12 meses, dentro da meta para 2024.<\/p>\n<h2>Taxa Selic<\/h2>\n<p>A taxa b\u00e1sica de juros \u00e9 usada nas negocia\u00e7\u00f5es de t\u00edtulos p\u00fablicos emitidos pelo Tesouro Nacional no Sistema Especial de Liquida\u00e7\u00e3o e Cust\u00f3dia (Selic) e serve de refer\u00eancia para as demais taxas da economia. Ela \u00e9 o principal instrumento do Banco Central para manter a infla\u00e7\u00e3o sob controle. O BC atua diariamente por meio de opera\u00e7\u00f5es de mercado aberto \u2013 comprando e vendendo t\u00edtulos p\u00fablicos federais \u2013 para manter a taxa de juros pr\u00f3xima do valor definido na reuni\u00e3o.<\/p>\n<p>Quando o Copom aumenta a taxa b\u00e1sica de juros, a finalidade \u00e9 conter a demanda aquecida, e isso causa reflexos nos pre\u00e7os porque os juros mais altos encarecem o cr\u00e9dito e estimulam a poupan\u00e7a. Desse modo, taxas mais altas tamb\u00e9m podem dificultar a expans\u00e3o da economia. Mas, al\u00e9m da Selic, os bancos consideram outros fatores na hora de definir os juros cobrados dos consumidores, como risco de inadimpl\u00eancia, lucro e despesas administrativas.<\/p>\n<p>Ao reduzir a Selic, a tend\u00eancia \u00e9 de que o cr\u00e9dito fique mais barato, com incentivo \u00e0 produ\u00e7\u00e3o e ao consumo, reduzindo o controle da infla\u00e7\u00e3o e estimulando a atividade econ\u00f4mica.<\/p>\n<p>O Copom re\u00fane-se a cada 45 dias. No primeiro dia do encontro, s\u00e3o feitas apresenta\u00e7\u00f5es t\u00e9cnicas sobre a evolu\u00e7\u00e3o e as perspectivas das economias brasileira e mundial e o comportamento do mercado financeiro. No segundo dia, os membros do Copom, formado pela diretoria do BC, analisam as possibilidades e definem a Selic.<\/p>\n<h2>Meta<\/h2>\n<p>Para 2024, a meta de infla\u00e7\u00e3o que deve ser perseguida pelo BC, definida pelo Conselho Monet\u00e1rio Nacional, \u00e9 de 3%, com intervalo de toler\u00e2ncia de 1,5 ponto percentual para cima ou para baixo. Ou seja, o limite inferior \u00e9 1,5% e o superior \u00e9 4,5%. Para 2025 e 2026, as metas tamb\u00e9m s\u00e3o de 3% para os dois anos, com o mesmo intervalo de toler\u00e2ncia.<\/p>\n<p>No \u00faltimo <a href=\"https:\/\/agenciabrasil.ebc.com.br\/economia\/noticia\/2024-03\/banco-central-revisa-previsao-de-crescimento-da-economia-para-19\" target=\"_blank\" rel=\"noopener\">Relat\u00f3rio de Infla\u00e7\u00e3o<\/a>, divulgado no fim de mar\u00e7o pelo Banco Central, a autoridade monet\u00e1ria manteve a previs\u00e3o de que o IPCA termine 2024 em 3,5%, dentro da meta de infla\u00e7\u00e3o. O pr\u00f3ximo relat\u00f3rio ser\u00e1 divulgado no fim de junho.<\/p>\n<\/p><\/div>\n<p><br \/>\n<br \/><a href=\"https:\/\/agenciabrasil.ebc.com.br\/economia\/noticia\/2024-05\/copom-decide-nesta-quarta-corte-dos-juros-basicos-da-economia\" rel=\"noopener\">Ag\u00eancia Brasil<\/a><\/p>\n","protected":false},"excerpt":{"rendered":"<p>Com a possibilidade de divis\u00e3o entre os membros, o Comit\u00ea de Pol\u00edtica Monet\u00e1ria (Copom) do Banco Central (BC) decide nesta quarta-feira (8) o tamanho do corte na taxa b\u00e1sica de juros, a Selic. A recente alta do d\u00f3lar e os juros altos nos Estados Unidos trouxeram a indefini\u00e7\u00e3o se os juros b\u00e1sicos, atualmente em 10,75% [&hellip;]<\/p>\n","protected":false},"author":1,"featured_media":4177,"comment_status":"open","ping_status":"open","sticky":false,"template":"","format":"standard","meta":{"_jetpack_newsletter_access":"","_jetpack_dont_email_post_to_subs":false,"_jetpack_newsletter_tier_id":0,"_jetpack_memberships_contains_paywalled_content":false,"_mbp_banners":[],"_jetpack_feature_clip_id":0,"_jetpack_memberships_contains_paid_content":false,"footnotes":"","jetpack_publicize_message":"","jetpack_publicize_feature_enabled":true,"jetpack_social_post_already_shared":true,"jetpack_social_options":{"image_generator_settings":{"template":"highway","default_image_id":0,"font":"","enabled":false},"version":2},"jetpack_post_was_ever_published":false},"categories":[24],"tags":[],"class_list":["post-4176","post","type-post","status-publish","format-standard","has-post-thumbnail","category-economia"],"jetpack_publicize_connections":[],"jetpack-related-posts":[],"jetpack_shortlink":"https:\/\/wp.me\/p7Eq1F-15m","jetpack_sharing_enabled":true,"jetpack_featured_media_url":"https:\/\/i0.wp.com\/guialimeira.com.br\/news\/wp-content\/uploads\/2024\/05\/20231025_150126.jpg?fit=1600%2C800&ssl=1","_links":{"self":[{"href":"https:\/\/guialimeira.com.br\/news\/wp-json\/wp\/v2\/posts\/4176","targetHints":{"allow":["GET"]}}],"collection":[{"href":"https:\/\/guialimeira.com.br\/news\/wp-json\/wp\/v2\/posts"}],"about":[{"href":"https:\/\/guialimeira.com.br\/news\/wp-json\/wp\/v2\/types\/post"}],"author":[{"embeddable":true,"href":"https:\/\/guialimeira.com.br\/news\/wp-json\/wp\/v2\/users\/1"}],"replies":[{"embeddable":true,"href":"https:\/\/guialimeira.com.br\/news\/wp-json\/wp\/v2\/comments?post=4176"}],"version-history":[{"count":0,"href":"https:\/\/guialimeira.com.br\/news\/wp-json\/wp\/v2\/posts\/4176\/revisions"}],"wp:featuredmedia":[{"embeddable":true,"href":"https:\/\/guialimeira.com.br\/news\/wp-json\/wp\/v2\/media\/4177"}],"wp:attachment":[{"href":"https:\/\/guialimeira.com.br\/news\/wp-json\/wp\/v2\/media?parent=4176"}],"wp:term":[{"taxonomy":"category","embeddable":true,"href":"https:\/\/guialimeira.com.br\/news\/wp-json\/wp\/v2\/categories?post=4176"},{"taxonomy":"post_tag","embeddable":true,"href":"https:\/\/guialimeira.com.br\/news\/wp-json\/wp\/v2\/tags?post=4176"}],"curies":[{"name":"wp","href":"https:\/\/api.w.org\/{rel}","templated":true}]}}