{"id":4166,"date":"2024-05-08T04:19:47","date_gmt":"2024-05-08T07:19:47","guid":{"rendered":"https:\/\/guialimeira.com.br\/2024\/05\/08\/confira-a-programacao-de-maio-no-edificio-oswald-de-andrade\/"},"modified":"2024-05-08T04:19:47","modified_gmt":"2024-05-08T07:19:47","slug":"confira-a-programacao-de-maio-no-edificio-oswald-de-andrade","status":"publish","type":"post","link":"https:\/\/guialimeira.com.br\/news\/confira-a-programacao-de-maio-no-edificio-oswald-de-andrade\/","title":{"rendered":"Confira a programa\u00e7\u00e3o de maio no Edif\u00edcio Oswald de Andrade"},"content":{"rendered":"<p> <br \/>\n<\/p>\n<div id=\"\">&#13;<\/p>\n<figure id=\"attachment_5877150\" style=\"width: 100%;max-width: 1280px\" class=\"wp-caption alignnone caption-hide\"><img data-recalc-dims=\"1\" decoding=\"async\" loading=\"lazy\" class=\"size-full wp-image-5877150\" src=\"https:\/\/i0.wp.com\/www.saopaulo.sp.gov.br\/wp-content\/uploads\/2024\/05\/oswald-de-andrade.jpeg?resize=696%2C436&#038;ssl=1\" alt=\"\" width=\"696\" height=\"436\" srcset=\"https:\/\/www.saopaulo.sp.gov.br\/wp-content\/uploads\/2024\/05\/oswald-de-andrade.jpeg 1280w, https:\/\/www.saopaulo.sp.gov.br\/wp-content\/uploads\/2024\/05\/oswald-de-andrade-300x188.jpeg 300w, https:\/\/www.saopaulo.sp.gov.br\/wp-content\/uploads\/2024\/05\/oswald-de-andrade-1024x641.jpeg 1024w, https:\/\/www.saopaulo.sp.gov.br\/wp-content\/uploads\/2024\/05\/oswald-de-andrade-768x481.jpeg 768w\" sizes=\"auto, (max-width: 1280px) 100vw, 1280px\"\/><\/figure>\n<p>Em maio, a Secretaria da Cultura, Economia e Ind\u00fastria Criativas do Estado de S\u00e3o Paulo preparou uma ampla programa\u00e7\u00e3o cultural gratuita no Edif\u00edcio Oswald de Andrade. At\u00e9 o dia 31, das 10h \u00e0s 21h, o p\u00fablico poder\u00e1 conhecer a exposi\u00e7\u00e3o \u201cGrafites em Telas \u2013 Especial Rita Lee\u201d. Com obras inspiradas nos maiores sucessos da \u201cRainha do Rock Brasileiro\u201d, 15 talentosas grafiteiras trazem suas interpreta\u00e7\u00f5es culturais diretamente do muro para as telas.<\/p>\n<p>Al\u00e9m disso, para aqueles que buscam experi\u00eancias mais imersivas, haver\u00e1 workshops de imers\u00e3o em realidade virtual e tecnologias 4.0, em que ser\u00e1 poss\u00edvel conhecer e vivenciar um pouco do que acontece nos cursos de tecnologia das F\u00e1bricas de Cultura.<\/p>\n<p>Confira abaixo a programa\u00e7\u00e3o completa:<\/p>\n<ul>\n<li><b>Grafites em Telas \u2013 Especial Rita Lee<\/b><\/li>\n<\/ul>\n<p>Inspirados nos maiores sucessos da \u201cRainha do Rock Brasileiro\u201d, 15 grafiteiras retratam suas experi\u00eancias e seu repert\u00f3rio cultural do muro para essas telas. A programa\u00e7\u00e3o \u00e9 realizada pelas F\u00e1bricas de Cultura, gerenciadas pela Organiza\u00e7\u00e3o Social Catavento Cultural e Educacional. Entre as artistas, est\u00e3o: A Folego, Zerl\u00f4, Ana Kia, Nuvem, Bruxa, Nany Dias, Ray, Fixxa, Jae Alves, Negana, Faty, Tia Bob, Anjinha, Rizka e La\u00eds da Lama.<br \/><b\/><\/p>\n<p><b>Datas: <\/b>at\u00e9 31\/5<br \/><b>Hor\u00e1rio:\u00a0<\/b>10h \u00e0s 21h<\/p>\n<ul>\n<li><b>Cineclube Mostra Holocausto no Cinema<\/b><\/li>\n<\/ul>\n<p><b\/>De Tessal\u00f4nica, Gr\u00e9cia, sob ocupa\u00e7\u00e3o nazista, 96% da popula\u00e7\u00e3o judaica foi enviada para Auschwitz. O filme documenta as hist\u00f3rias anteriormente n\u00e3o contadas de alguns dos muitos jovens estudantes judeus que frequentavam a escola italiana Umberto Primo<br \/><b\/><\/p>\n<p><b>Datas e hor\u00e1rios:\u00a0<\/b>18h30 \u00e0s 19h50 nos dias 9\/5, 10\/5, 11\/5<\/p>\n<p><b\/>Exibi\u00e7\u00e3o de filmes e document\u00e1rios que enriquecem a experi\u00eancia cultural<br \/><b\/><\/p>\n<p><b>Datas e hor\u00e1rios:\u00a0<\/b>18h30 nos dias 16\/5, 17\/5, 23\/5, 24\/5, 30\/5, 31\/5 e 16h nos dias 18\/5 e 25\/5<\/p>\n<ul>\n<li><b>Imers\u00e3o em Realidade Virtual e\/ou Tecnologias 4.0<\/b><\/li>\n<\/ul>\n<p><b\/>Workshops pr\u00e1ticos onde o p\u00fablico poder\u00e1 conhecer e vivenciar um pouco do que acontece nos cursos de tecnologia das F\u00e1bricas de Cultura, como: realidade virtual, aut\u00f4matos, rob\u00f3tica, drones e maker.<br \/><b\/><\/p>\n<p><b>Data:\u00a0<\/b>16\/5, 17\/5, 23\/5, 24\/5, 30\/5, 31\/5<br \/><b>Hor\u00e1rio:\u00a0<\/b>10h \u00e0s 17h<\/p>\n<ul>\n<li><b>Aul\u00e3o de Forr\u00f3 com Tiago Paix\u00e3o<\/b><\/li>\n<\/ul>\n<p>Durante a oficina os participantes desenvolvem coordena\u00e7\u00e3o, ritmo, express\u00e3o corporal e aprender\u00e3o os passos b\u00e1sicos como o arrasta-p\u00e9, piseiro, movimentos de bra\u00e7os e corpo, giros e encaixe corporal e postura junto ao parceiro(a).<br \/><b>Data:\u00a0<\/b>04\/05, 11\/05, 18\/05, 25\/05<br \/><b>Hor\u00e1rio:\u00a0<\/b>15h30 \u00e0s 17h<\/p>\n<ul>\n<li><b>Ensaio Aberto da S\u00e3o Paulo Companhia de Dan\u00e7a<\/b><\/li>\n<\/ul>\n<p>Ensaio Aberto com trechos das coreografias de quatro core\u00f3grafos brasileiros que integrar\u00e3o o repert\u00f3rio das apresenta\u00e7\u00f5es da Companhia na Europa (capacidade para 50 pessoas).<br \/><b>Data:\u00a0<\/b>10\/5<br \/><b>Hor\u00e1rio:\u00a0<\/b>11h30 \u00e0s 13h30<\/p>\n<ul>\n<li><b>Produ\u00e7\u00e3o Teatral \u2013 Meios e Modos de Produ\u00e7\u00e3o<\/b><\/li>\n<\/ul>\n<p><b\/>O curso visa analisar, propor caminhos e solu\u00e7\u00f5es acerca dos desafios de viabilizar e administrar a constru\u00e7\u00e3o de obras teatrais. Nos encontros do curso, ser\u00e3o abordados os seguintes temas: leis de incentivo, editais p\u00fablicos e privados, cuidados com a burocracia na efetiva\u00e7\u00e3o de um projeto teatral e sua presta\u00e7\u00e3o de contas, entre outros temas relevantes \u00e0 produ\u00e7\u00e3o de obra teatral.<br \/><b\/><\/p>\n<p><b>Data:\u00a0<\/b>16\/5 a 6\/6 \u2013 ter\u00e7as e quintas-feiras<br \/><b>Hor\u00e1rio:\u00a0<\/b>19h \u00e0s 21h<br \/>Inscri\u00e7\u00f5es\u00a0<a href=\"https:\/\/www.spescoladeteatro.org.br\/\" rel=\"noopener\">aqui\u00a0<\/a><\/p>\n<ul>\n<li><b>Laborat\u00f3rio Criativo em Projetos Multim\u00eddia<\/b><\/li>\n<\/ul>\n<p>O laborat\u00f3rio pr\u00e1tico prop\u00f5e a cria\u00e7\u00e3o de uma experi\u00eancia em ambiente multim\u00eddia abordando t\u00e9cnicas e procedimentos que utilizem corpo e tecnologias da imagem e som. Abordagem de diferentes linguagens tais como: Performance art, V\u00eddeo Mapping, Cen\u00e1rio Digital, V\u00eddeo Instala\u00e7\u00e3o e Live Cinema.<br \/><b>Data:\u00a0<\/b>16\/5 a 6\/6 \u2013 ter\u00e7as e quintas-feiras<br \/><b>Hor\u00e1rio:\u00a0<\/b>19h \u00e0s 21h<br \/>Inscri\u00e7\u00f5es\u00a0<a href=\"https:\/\/www.spescoladeteatro.org.br\/\" rel=\"noopener\">aqui\u00a0<\/a><\/p>\n<ul>\n<li><b>Treinamento Intensivo de Atua\u00e7\u00e3o<\/b><\/li>\n<\/ul>\n<p><b\/>A oficina \u00e9 um treinamento para atores que buscam se aperfei\u00e7oar atrav\u00e9s de uma metodologia que se utiliza de um fluxo de exerc\u00edcios e jogos pautados por uma atua\u00e7\u00e3o presentificada, t\u00e3o importante na prepara\u00e7\u00e3o de atuantes para s\u00e9ries, cinema e teatro. Com objetivo de oferecer uma experi\u00eancia coletiva e tamb\u00e9m \u00fanica, pois cada participante desenvolver\u00e1 t\u00e9cnicas de cria\u00e7\u00e3o e desenvolvimento de personagem, a\u00e7\u00e3o dram\u00e1tica x a\u00e7\u00e3o f\u00edsica e rela\u00e7\u00e3o com o espa\u00e7o, que o deixa apto a jogar, improvisar e criar com seus parceiros de cena.<br \/><b\/><\/p>\n<p><b>Data:\u00a0<\/b>15\/5 a 29\/5 \u2013 segundas e quartas-feiras<br \/><b>Hor\u00e1rio:\u00a0<\/b>14h30 \u00e0s 18h30<br \/>Inscri\u00e7\u00f5es\u00a0<a href=\"https:\/\/www.spescoladeteatro.org.br\/\" rel=\"noopener\">aqui\u00a0<\/a><\/p>\n<ul>\n<li><b>Oficina de Dan\u00e7a Cl\u00e1ssica<\/b><\/li>\n<\/ul>\n<p>Oficina com Beatriz Hack, ensaiadora e professora da S\u00e3o Paulo Companhia de Dan\u00e7a (capacidade para 25 pessoas).<br \/><b\/><\/p>\n<p><b>Data:\u00a0<\/b>25\/5<br \/><b>Hor\u00e1rio:\u00a0<\/b>10h \u00e0s 11h30<\/p>\n<ul>\n<li><b>Conta\u00e7\u00e3o de Hist\u00f3rias \u2013 O Trono do Daom\u00e9<\/b><\/li>\n<\/ul>\n<p>Integrando a programa\u00e7\u00e3o de a\u00e7\u00f5es extramuros realizada pelo N\u00facleo de Educa\u00e7\u00e3o do Museu Afro Brasil Emanoel Araujo, haver\u00e1 a realiza\u00e7\u00e3o de uma atividade de conta\u00e7\u00e3o de hist\u00f3rias no m\u00eas de maio, como parte da programa\u00e7\u00e3o cultural da Oswald de Andrade. Trata-se de um projeto voltado \u00e0 oralidade, cuja proposta se d\u00e1 por meio de conta\u00e7\u00e3o de hist\u00f3rias. O projeto Aos P\u00e9s do Baob\u00e1 objetiva trazer ao p\u00fablico contos africanos e brasileiros, cujo centro da a\u00e7\u00e3o s\u00e3o personagens negros e negras.<br \/><b\/><\/p>\n<p><b>Data:\u00a0<\/b>24\/5<br \/><b>Hor\u00e1rio:\u00a0<\/b>10h \u00e0s 11h<\/p>\n<p><b\/>Conta\u00e7\u00e3o de Hist\u00f3rias e pintura dos desenhos de Anne Frank.<br \/><b\/><\/p>\n<p><b>Datas e hor\u00e1rios:\u00a0<\/b>Nos dias 11\/5, 18\/5, 25\/5 das 11h \u00e0s 12h30 e no dia 3\/5, das 10h30 \u00e0s 13h30 e das 14h \u00e0s 16h<\/p>\n<ul>\n<li><b>Grupos Musicais do N\u00facleo de Desenvolvimento de Carreira \u2013 Emesp<\/b><\/li>\n<\/ul>\n<p>O N\u00facleo de Desenvolvimento de Carreira da EMESP Tom Jobim foi criado com o objetivo de preparar jovens m\u00fasicos para o mercado de trabalho. Por meio de um programa de capacita\u00e7\u00e3o e desenvolvimento de carreira, o N\u00facleo apresenta novas perspectivas de atua\u00e7\u00e3o e incentiva o aperfei\u00e7oamento e o empreendedorismo musical. O primeiro edital lan\u00e7ado em 2020 selecionou 20 grupos de forma\u00e7\u00f5es diversas para participarem de workshops sobre administra\u00e7\u00e3o de carreira e produ\u00e7\u00e3o musical, e ensaios sob a orienta\u00e7\u00e3o de professores.<br \/><b\/><\/p>\n<p><b>Data: <\/b>10\/5, 17\/5, 24\/5, 31\/5<br \/><b>Hor\u00e1rio:\u00a0<\/b>14h30 \u00e0s 15h15<\/p>\n<p>Siga o canal \u201cGoverno de S\u00e3o Paulo\u201d no WhatsApp:<br \/><a href=\"https:\/\/bit.ly\/govspnozap\" target=\"_blank\" rel=\"noopener noreferrer\">https:\/\/bit.ly\/govspnozap<\/a><\/p>\n<\/p><\/div>\n<p><br \/>\n<br \/><a href=\"https:\/\/www.saopaulo.sp.gov.br\/spnoticias\/confira-a-programacao-de-maio-no-edificio-oswald-de-andrade\/\" rel=\"noopener\">Informa\u00e7\u00f5es GOV.SP<\/a><\/p>\n","protected":false},"excerpt":{"rendered":"<p>&#13; Em maio, a Secretaria da Cultura, Economia e Ind\u00fastria Criativas do Estado de S\u00e3o Paulo preparou uma ampla programa\u00e7\u00e3o cultural gratuita no Edif\u00edcio Oswald de Andrade. At\u00e9 o dia 31, das 10h \u00e0s 21h, o p\u00fablico poder\u00e1 conhecer a exposi\u00e7\u00e3o \u201cGrafites em Telas \u2013 Especial Rita Lee\u201d. Com obras inspiradas nos maiores sucessos da [&hellip;]<\/p>\n","protected":false},"author":1,"featured_media":4167,"comment_status":"open","ping_status":"open","sticky":false,"template":"","format":"standard","meta":{"_jetpack_newsletter_access":"","_jetpack_dont_email_post_to_subs":false,"_jetpack_newsletter_tier_id":0,"_jetpack_memberships_contains_paywalled_content":false,"_mbp_banners":[],"_jetpack_feature_clip_id":0,"_jetpack_memberships_contains_paid_content":false,"footnotes":"","jetpack_publicize_message":"","jetpack_publicize_feature_enabled":true,"jetpack_social_post_already_shared":true,"jetpack_social_options":{"image_generator_settings":{"template":"highway","default_image_id":0,"font":"","enabled":false},"version":2},"jetpack_post_was_ever_published":false},"categories":[21],"tags":[],"class_list":["post-4166","post","type-post","status-publish","format-standard","has-post-thumbnail","category-sp-news"],"jetpack_publicize_connections":[],"jetpack-related-posts":[],"jetpack_shortlink":"https:\/\/wp.me\/p7Eq1F-15c","jetpack_sharing_enabled":true,"jetpack_featured_media_url":"https:\/\/i0.wp.com\/guialimeira.com.br\/news\/wp-content\/uploads\/2024\/05\/Confira-a-programacao-de-maio-no-Edificio-Oswald-de-Andrade.jpeg?fit=1280%2C801&ssl=1","_links":{"self":[{"href":"https:\/\/guialimeira.com.br\/news\/wp-json\/wp\/v2\/posts\/4166","targetHints":{"allow":["GET"]}}],"collection":[{"href":"https:\/\/guialimeira.com.br\/news\/wp-json\/wp\/v2\/posts"}],"about":[{"href":"https:\/\/guialimeira.com.br\/news\/wp-json\/wp\/v2\/types\/post"}],"author":[{"embeddable":true,"href":"https:\/\/guialimeira.com.br\/news\/wp-json\/wp\/v2\/users\/1"}],"replies":[{"embeddable":true,"href":"https:\/\/guialimeira.com.br\/news\/wp-json\/wp\/v2\/comments?post=4166"}],"version-history":[{"count":0,"href":"https:\/\/guialimeira.com.br\/news\/wp-json\/wp\/v2\/posts\/4166\/revisions"}],"wp:featuredmedia":[{"embeddable":true,"href":"https:\/\/guialimeira.com.br\/news\/wp-json\/wp\/v2\/media\/4167"}],"wp:attachment":[{"href":"https:\/\/guialimeira.com.br\/news\/wp-json\/wp\/v2\/media?parent=4166"}],"wp:term":[{"taxonomy":"category","embeddable":true,"href":"https:\/\/guialimeira.com.br\/news\/wp-json\/wp\/v2\/categories?post=4166"},{"taxonomy":"post_tag","embeddable":true,"href":"https:\/\/guialimeira.com.br\/news\/wp-json\/wp\/v2\/tags?post=4166"}],"curies":[{"name":"wp","href":"https:\/\/api.w.org\/{rel}","templated":true}]}}