{"id":4160,"date":"2024-05-08T01:51:43","date_gmt":"2024-05-08T04:51:43","guid":{"rendered":"https:\/\/guialimeira.com.br\/2024\/05\/08\/prefeitura-entrega-na-sexta-10-05-nova-pinacoteca-a-populacao-portal-do-municipio-de-piracicaba\/"},"modified":"2024-05-08T01:51:43","modified_gmt":"2024-05-08T04:51:43","slug":"prefeitura-entrega-na-sexta-10-05-nova-pinacoteca-a-populacao-portal-do-municipio-de-piracicaba","status":"publish","type":"post","link":"https:\/\/guialimeira.com.br\/news\/prefeitura-entrega-na-sexta-10-05-nova-pinacoteca-a-populacao-portal-do-municipio-de-piracicaba\/","title":{"rendered":"Prefeitura entrega na sexta, 10\/05, Nova Pinacoteca \u00e0 popula\u00e7\u00e3o \u2013 Portal do Munic\u00edpio de Piracicaba"},"content":{"rendered":"<p> <br \/>\n<\/p>\n<div>\n<figure class=\"text-center\">\n          <img data-recalc-dims=\"1\" width=\"696\" height=\"464\" src=\"https:\/\/i0.wp.com\/piracicaba.sp.gov.br\/wp-content\/uploads\/2024\/05\/Elevador-panoramico-da-acessibilidade-inedita-a-Pinacoteca-1024x682.jpg?resize=696%2C464&#038;ssl=1\" class=\"img-fluid img-thumbnail border-1 wp-post-image\" alt=\"Elevador panor\u00e2mico d\u00e1 acessibilidade in\u00e9dita \u00e0 Pinacoteca\" itemprop=\"image\" decoding=\"async\" fetchpriority=\"high\" srcset=\"https:\/\/piracicaba.sp.gov.br\/wp-content\/uploads\/2024\/05\/Elevador-panoramico-da-acessibilidade-inedita-a-Pinacoteca-1024x682.jpg 1024w, https:\/\/piracicaba.sp.gov.br\/wp-content\/uploads\/2024\/05\/Elevador-panoramico-da-acessibilidade-inedita-a-Pinacoteca-300x200.jpg 300w, https:\/\/piracicaba.sp.gov.br\/wp-content\/uploads\/2024\/05\/Elevador-panoramico-da-acessibilidade-inedita-a-Pinacoteca-768x512.jpg 768w, https:\/\/piracicaba.sp.gov.br\/wp-content\/uploads\/2024\/05\/Elevador-panoramico-da-acessibilidade-inedita-a-Pinacoteca.jpg 1240w\" sizes=\"(max-width: 1024px) 100vw, 1024px\"\/><figcaption class=\"text-center small fw-bold fst-italic mt-1\">Elevador panor\u00e2mico d\u00e1 acessibilidade in\u00e9dita \u00e0 Pinacoteca<\/figcaption><\/figure>\n<p>A Prefeitura, por meio da Semac (Secretaria Municipal da A\u00e7\u00e3o Cultural), inaugura na sexta-feira, 10\/05, a partir das 19h, a Nova Pinacoteca Municipal Miguel Archanjo Ben\u00edcio D\u2019 Assun\u00e7\u00e3o Dutra, no Armaz\u00e9m 14A do Parque do Engenho Central. O investimento na Nova Pinacoteca foi de R$ 1,56 milh\u00e3o. A inaugura\u00e7\u00e3o ser\u00e1 aberta \u00e0 popula\u00e7\u00e3o, com abertura do 7\u00ba SAP (Sal\u00e3o de Aquarelas de Piracicaba), al\u00e9m de uma mostra paralela com obras da pintora na\u00eff piracicabana Carmela Pereira.<\/p>\n<p>O projeto da Nova Pinacoteca foi desenvolvido e doado pelo arquiteto Marcelo Guidotti com o objetivo de proporcionar novas experi\u00eancias aos visitantes, valorizar o acervo, dar maior visibilidade aos artistas \u2013 passam pelo Engenho Central, a cada fim de semana, cerca de 4.000 pessoas -, tudo isso com acessibilidade. A instala\u00e7\u00e3o do equipamento, que fica em frente \u00e0 passarela P\u00eansil, tamb\u00e9m tem como fun\u00e7\u00e3o valorizar ainda mais o Engenho Central, o principal complexo hist\u00f3rico, cultural e tur\u00edstico do munic\u00edpio.<\/p>\n<figure class=\"wp-block-image size-large\"><img data-recalc-dims=\"1\" loading=\"lazy\" decoding=\"async\" width=\"696\" height=\"464\" src=\"https:\/\/i0.wp.com\/piracicaba.sp.gov.br\/wp-content\/uploads\/2024\/05\/Engenho-Central-onde-fica-a-Nova-Pinacoteca-recebe-cerca-de-4.000-visitantes-por-fim-de-semana_-visibilidade-ao-acervo-e-aos-artistas-1024x682.jpg?resize=696%2C464&#038;ssl=1\" alt=\"Engenho Central, onde fica a Nova Pinacoteca, recebe cerca de 4.000 visitantes por fim de semana_ visibilidade ao acervo e aos artistas\" class=\"wp-image-78588\" srcset=\"https:\/\/piracicaba.sp.gov.br\/wp-content\/uploads\/2024\/05\/Engenho-Central-onde-fica-a-Nova-Pinacoteca-recebe-cerca-de-4.000-visitantes-por-fim-de-semana_-visibilidade-ao-acervo-e-aos-artistas-1024x682.jpg 1024w, https:\/\/piracicaba.sp.gov.br\/wp-content\/uploads\/2024\/05\/Engenho-Central-onde-fica-a-Nova-Pinacoteca-recebe-cerca-de-4.000-visitantes-por-fim-de-semana_-visibilidade-ao-acervo-e-aos-artistas-300x200.jpg 300w, https:\/\/piracicaba.sp.gov.br\/wp-content\/uploads\/2024\/05\/Engenho-Central-onde-fica-a-Nova-Pinacoteca-recebe-cerca-de-4.000-visitantes-por-fim-de-semana_-visibilidade-ao-acervo-e-aos-artistas-768x512.jpg 768w, https:\/\/piracicaba.sp.gov.br\/wp-content\/uploads\/2024\/05\/Engenho-Central-onde-fica-a-Nova-Pinacoteca-recebe-cerca-de-4.000-visitantes-por-fim-de-semana_-visibilidade-ao-acervo-e-aos-artistas-1536x1024.jpg 1536w, https:\/\/piracicaba.sp.gov.br\/wp-content\/uploads\/2024\/05\/Engenho-Central-onde-fica-a-Nova-Pinacoteca-recebe-cerca-de-4.000-visitantes-por-fim-de-semana_-visibilidade-ao-acervo-e-aos-artistas.jpg 2000w\" sizes=\"auto, (max-width: 1024px) 100vw, 1024px\"\/><figcaption class=\"wp-element-caption\"><strong><em>Engenho Central, onde fica a Nova Pinacoteca, recebe cerca de 4.000 visitantes por fim de semana_ visibilidade ao acervo e aos artistas<\/em><\/strong><\/figcaption><\/figure>\n<p>O Armaz\u00e9m 14A, que abriga o equipamento, \u00e9 tombado pelo Codepac (Conselho de Defesa do Patrim\u00f4nio Cultural de Piracicaba), e foi dep\u00f3sito de a\u00e7\u00facar at\u00e9 o fim da d\u00e9cada de 1970, quando o Engenho Central era a sede da extinta Soci\u00e9t\u00e9 de Sucreries Br\u00e9silienes.<\/p>\n<p>Em projeto inovador e plural, o pr\u00e9dio hist\u00f3rico ganhou acessibilidade com a instala\u00e7\u00e3o de um elevador panor\u00e2mico e foi dividido em espa\u00e7os. H\u00e1 duas salas para exposi\u00e7\u00f5es: o Grande Sal\u00e3o, cuja entrada \u00e9 pela lateral do Armaz\u00e9m 14 (a porta principal do espa\u00e7o), e o Mezanino. O Grande Sal\u00e3o receber\u00e1 os tr\u00eas eventos art\u00edsticos expressivos do espa\u00e7o, dos quais se originam a maioria das obras que comp\u00f5em o acervo da institui\u00e7\u00e3o: o Sal\u00e3o de Belas Artes, o Sal\u00e3o de Arte Contempor\u00e2nea e o Sal\u00e3o de Aquarelas. J\u00e1 o Mezanino ser\u00e1 utilizado para mostras paralelas ou de artistas convidados.<\/p>\n<p>Tamb\u00e9m haver\u00e1 espa\u00e7o para oficinas e arte educa\u00e7\u00e3o, onde acontecer\u00e3o cursos de arte, Sala de Restauro ao lado do Reserva T\u00e9cnica, al\u00e9m de sala administrativa e \u00e1rea externa que pode ser usada como apoio \u00e0s a\u00e7\u00f5es educativas como de socializa\u00e7\u00e3o. Com a volta das oficinas de arte, que ser\u00e3o abertas em breve, novos talentos poder\u00e3o ser desenvolvidos e conhecidos pelo p\u00fablico.<\/p>\n<figure class=\"wp-block-image size-large\"><img data-recalc-dims=\"1\" loading=\"lazy\" decoding=\"async\" width=\"696\" height=\"464\" src=\"https:\/\/i0.wp.com\/piracicaba.sp.gov.br\/wp-content\/uploads\/2024\/05\/Fachada-da-Nova-Pinacoteca-Miguel-Archanjo-Benicio-DAssumpcao-Dutra-1024x682.jpg?resize=696%2C464&#038;ssl=1\" alt=\"Fachada da Nova Pinacoteca Miguel Archanjo Ben\u00edcio D\u2019Assump\u00e7\u00e3o Dutra\" class=\"wp-image-78589\" srcset=\"https:\/\/piracicaba.sp.gov.br\/wp-content\/uploads\/2024\/05\/Fachada-da-Nova-Pinacoteca-Miguel-Archanjo-Benicio-DAssumpcao-Dutra-1024x682.jpg 1024w, https:\/\/piracicaba.sp.gov.br\/wp-content\/uploads\/2024\/05\/Fachada-da-Nova-Pinacoteca-Miguel-Archanjo-Benicio-DAssumpcao-Dutra-300x200.jpg 300w, https:\/\/piracicaba.sp.gov.br\/wp-content\/uploads\/2024\/05\/Fachada-da-Nova-Pinacoteca-Miguel-Archanjo-Benicio-DAssumpcao-Dutra-768x512.jpg 768w, https:\/\/piracicaba.sp.gov.br\/wp-content\/uploads\/2024\/05\/Fachada-da-Nova-Pinacoteca-Miguel-Archanjo-Benicio-DAssumpcao-Dutra-1536x1024.jpg 1536w, https:\/\/piracicaba.sp.gov.br\/wp-content\/uploads\/2024\/05\/Fachada-da-Nova-Pinacoteca-Miguel-Archanjo-Benicio-DAssumpcao-Dutra.jpg 2000w\" sizes=\"auto, (max-width: 1024px) 100vw, 1024px\"\/><figcaption class=\"wp-element-caption\"><strong><em>Fachada da Nova Pinacoteca Miguel Archanjo Ben\u00edcio D\u2019Assump\u00e7\u00e3o Dutra<\/em><\/strong><\/figcaption><\/figure>\n<p>A sala do Reserva T\u00e9cnica, com controle t\u00e9rmico e de umidade, assim como a Sala de Restauro, foram projetadas tamb\u00e9m pensando na din\u00e2mica do trabalho dos funcion\u00e1rios que cuidar\u00e3o do rico acervo, com importantes trabalhos de artistas renomados de diversas d\u00e9cadas, tanto de Piracicaba como do Brasil. S\u00e3o esculturas, pinturas, gravuras e desenhos.<\/p>\n<p>Para o prefeito Luciano Almeida, a entrega da Nova Pinacoteca Municipal Miguel Dutra \u00e9 um marco para a cultura piracicabana. \u201cInauguraremos uma Pinacoteca moderna, adequada aos padr\u00f5es de um espa\u00e7o de arte, e mais pr\u00f3xima da popula\u00e7\u00e3o. Tamb\u00e9m vale ressaltar que estamos integrando a Pinacoteca ao Engenho Central, onde j\u00e1 temos o Teatro Municipal Erotides de Campos, o que tornar\u00e1 o complexo ainda mais pujante e mais povoado do que j\u00e1 \u00e9, por meio da nossa gest\u00e3o, com a realiza\u00e7\u00e3o de diversos eventos todas as semanas\u201d.<\/p>\n<p>O secret\u00e1rio da A\u00e7\u00e3o Cultural, Carlos Beltrame, refor\u00e7a a transfer\u00eancia do equipamento para o Engenho, um local com grande fluxo di\u00e1rio de pessoas, como mais um movimento da Gest\u00e3o Luciano Almeida em democratizar o acesso \u00e0 cultura. \u201cA Pinacoteca de Piracicaba dentro do Engenho Central cumprir\u00e1, de fato, sua fun\u00e7\u00e3o social: um espa\u00e7o onde objetos de arte est\u00e3o dispon\u00edveis com f\u00e1cil acesso para a aprecia\u00e7\u00e3o dos cidad\u00e3os. Com este projeto moderno e funcional, certamente vamos receber sempre muitas visitas \u00e0 Pinacoteca\u201d.<\/p>\n<p><strong>VALORIZA\u00c7\u00c3O<\/strong>\u00a0\u2013 A diretora da Pinacoteca, Renata Gava, refor\u00e7a que a circula\u00e7\u00e3o de pessoas no complexo do Engenho Central dar\u00e1 maior visibilidade aos artistas participantes dos sal\u00f5es oficiais e exposi\u00e7\u00f5es de curta dura\u00e7\u00e3o. \u201cCom os ambientes melhores definidos, o novo espa\u00e7o no Armaz\u00e9m 14A nos permite pensar em maior n\u00famero de exposi\u00e7\u00f5es, de forma a tornar a Pinacoteca mais din\u00e2mica. A Pinacoteca reabre repaginada\u201d, garante.<\/p>\n<p>\u201cConseguimos aumentar a capacidade de guarda da reserva t\u00e9cnica, \u00e1rea de guarda com controle clim\u00e1tico, maior espa\u00e7o na \u00e1rea reservada para conserva\u00e7\u00e3o das obras, ambiente de sociabiliza\u00e7\u00e3o no p\u00e1tio interno, podendo agregar oficinas, a\u00e7\u00f5es educativas, eventos de forma\u00e7\u00e3o e a\u00e7\u00f5es culturais, al\u00e9m de ser prop\u00edcio \u00e0 contempla\u00e7\u00e3o do salto do nosso rio Piracicaba. Junto ao projeto de restauro foi tamb\u00e9m executado o luminot\u00e9cnico, que, al\u00e9m de valorizar o pr\u00e9dio restaurado com focos de luzes, foi pensado na valoriza\u00e7\u00e3o das obras em exposi\u00e7\u00e3o\u201d, completa Renata.<\/p>\n<p><strong>O PATRONO<\/strong>\u00a0\u2013 Miguel Archanjo Ben\u00edcio D\u2019Assump\u00e7\u00e3o Dutra, tamb\u00e9m chamado de Miguelzinho Dutra (1812-1875), foi um dos expoentes da arte piracicabana, cujo trabalho possui um valor est\u00e9tico incontest\u00e1vel. Al\u00e9m de pintor, Miguelzinho foi escultor, arquiteto, m\u00fasico, ourives, poeta e entalhador. Em Piracicaba, trabalhou na constru\u00e7\u00e3o da Igreja Nossa Senhora da Boa Morte, hoje parte do Col\u00e9gio Dom Bosco Assun\u00e7\u00e3o, onde foi enterrado ap\u00f3s seu falecimento.<\/p>\n<\/p><\/div>\n<p><br \/>\n<br \/><a href=\"https:\/\/piracicaba.sp.gov.br\/noticias\/prefeitura-entrega-na-sexta-10-05-nova-pinacoteca-a-populacao\/\" rel=\"noopener\">Informa\u00e7\u00f5es PMP <\/a><\/p>\n","protected":false},"excerpt":{"rendered":"<p>Elevador panor\u00e2mico d\u00e1 acessibilidade in\u00e9dita \u00e0 Pinacoteca A Prefeitura, por meio da Semac (Secretaria Municipal da A\u00e7\u00e3o Cultural), inaugura na sexta-feira, 10\/05, a partir das 19h, a Nova Pinacoteca Municipal Miguel Archanjo Ben\u00edcio D\u2019 Assun\u00e7\u00e3o Dutra, no Armaz\u00e9m 14A do Parque do Engenho Central. O investimento na Nova Pinacoteca foi de R$ 1,56 milh\u00e3o. A [&hellip;]<\/p>\n","protected":false},"author":1,"featured_media":4161,"comment_status":"open","ping_status":"open","sticky":false,"template":"","format":"standard","meta":{"_jetpack_newsletter_access":"","_jetpack_dont_email_post_to_subs":false,"_jetpack_newsletter_tier_id":0,"_jetpack_memberships_contains_paywalled_content":false,"_mbp_banners":[],"_jetpack_feature_clip_id":0,"_jetpack_memberships_contains_paid_content":false,"footnotes":"","jetpack_publicize_message":"","jetpack_publicize_feature_enabled":true,"jetpack_social_post_already_shared":true,"jetpack_social_options":{"image_generator_settings":{"template":"highway","default_image_id":0,"font":"","enabled":false},"version":2},"jetpack_post_was_ever_published":false},"categories":[20],"tags":[],"class_list":["post-4160","post","type-post","status-publish","format-standard","has-post-thumbnail","category-regiao"],"jetpack_publicize_connections":[],"jetpack-related-posts":[],"jetpack_shortlink":"https:\/\/wp.me\/p7Eq1F-156","jetpack_sharing_enabled":true,"jetpack_featured_media_url":"https:\/\/i0.wp.com\/guialimeira.com.br\/news\/wp-content\/uploads\/2024\/05\/Elevador-panoramico-da-acessibilidade-inedita-a-Pinacoteca.jpg?fit=1240%2C826&ssl=1","_links":{"self":[{"href":"https:\/\/guialimeira.com.br\/news\/wp-json\/wp\/v2\/posts\/4160","targetHints":{"allow":["GET"]}}],"collection":[{"href":"https:\/\/guialimeira.com.br\/news\/wp-json\/wp\/v2\/posts"}],"about":[{"href":"https:\/\/guialimeira.com.br\/news\/wp-json\/wp\/v2\/types\/post"}],"author":[{"embeddable":true,"href":"https:\/\/guialimeira.com.br\/news\/wp-json\/wp\/v2\/users\/1"}],"replies":[{"embeddable":true,"href":"https:\/\/guialimeira.com.br\/news\/wp-json\/wp\/v2\/comments?post=4160"}],"version-history":[{"count":0,"href":"https:\/\/guialimeira.com.br\/news\/wp-json\/wp\/v2\/posts\/4160\/revisions"}],"wp:featuredmedia":[{"embeddable":true,"href":"https:\/\/guialimeira.com.br\/news\/wp-json\/wp\/v2\/media\/4161"}],"wp:attachment":[{"href":"https:\/\/guialimeira.com.br\/news\/wp-json\/wp\/v2\/media?parent=4160"}],"wp:term":[{"taxonomy":"category","embeddable":true,"href":"https:\/\/guialimeira.com.br\/news\/wp-json\/wp\/v2\/categories?post=4160"},{"taxonomy":"post_tag","embeddable":true,"href":"https:\/\/guialimeira.com.br\/news\/wp-json\/wp\/v2\/tags?post=4160"}],"curies":[{"name":"wp","href":"https:\/\/api.w.org\/{rel}","templated":true}]}}