{"id":41581,"date":"2025-08-18T18:06:10","date_gmt":"2025-08-18T21:06:10","guid":{"rendered":"https:\/\/guialimeira.com.br\/?p=41581"},"modified":"2025-08-18T18:06:10","modified_gmt":"2025-08-18T21:06:10","slug":"6o-golden-mma-movimenta-cordeiropolis-com-atletas-de-todo-o-brasil-prefeitura-municipal-de-cordeiropolis","status":"publish","type":"post","link":"https:\/\/guialimeira.com.br\/news\/6o-golden-mma-movimenta-cordeiropolis-com-atletas-de-todo-o-brasil-prefeitura-municipal-de-cordeiropolis\/","title":{"rendered":"6\u00ba Golden MMA movimenta Cordeir\u00f3polis com atletas de todo o Brasil \u2013 Prefeitura Municipal de Cordeir\u00f3polis"},"content":{"rendered":"<p> <br \/>\n<\/p>\n<div>\n<p>Cordeir\u00f3polis recebe, no dia 6 de setembro, a 6\u00aa edi\u00e7\u00e3o do Golden MMA, evento esportivo de lutas, com apresenta\u00e7\u00f5es de atletas da cidade e de todo o Brasil. A realiza\u00e7\u00e3o \u00e9 do Grupo Naef Eventos, em parceria com a Prefeitura de Cordeir\u00f3polis, por meio da Secretaria de Esporte e Lazer. O evento come\u00e7a \u00e0s 10h, no Gin\u00e1sio de Esportes \u201cOrestes Qu\u00e9rcia\u201d.<\/p>\n<p>\u201cO Golden MMA j\u00e1 se consolidou como uma das principais competi\u00e7\u00f5es da modalidade na regi\u00e3o, reunindo lutadores em disputas que valorizam o esporte, a disciplina e o esp\u00edrito de supera\u00e7\u00e3o\u201d, afirma a secret\u00e1ria de Esporte e Lazer, Layla Pennas. \u201cTrazer esse esporte para a cidade, de forma in\u00e9dita, representa a valoriza\u00e7\u00e3o dos nossos atletas e do esporte de Cordeir\u00f3polis\u201d, completa.<\/p>\n<p>Al\u00e9m das lutas, o p\u00fablico poder\u00e1 aproveitar pra\u00e7a de alimenta\u00e7\u00e3o. O valor do ingresso \u00e9 R$ 20, que poder\u00e1 ser adquirido a partir do dia 1\u00ba de setembro, de segunda a sexta-feira, das 9h \u00e0s 19h, no gin\u00e1sio. Crian\u00e7as menores de 6 anos n\u00e3o pagam. Parte da arrecada\u00e7\u00e3o ser\u00e1 revertida ao Fundo Municipal de Esportes. O evento tamb\u00e9m tem apoio de empresas e parceiros locais.<\/p>\n<p><strong>Servi\u00e7o<\/strong><\/p>\n<p><strong>6\u00ba Golden MMA em Cordeir\u00f3polis<\/strong><\/p>\n<p>Quando: 6 de setembro (s\u00e1bado), a partir das 10h<\/p>\n<p>Onde: Gin\u00e1sio de Esportes \u201cOrestes Qu\u00e9rcia\u201d \u2013 Rua Carlos Gomes, 777, Centro<\/p>\n<p>Ingressos: R$ 20 (parte ser\u00e1 revertida ao Fundo Municipal de Esportes) \u2013 compras a partir de 1\u00ba de setembro, no gin\u00e1sio<\/p>\n<\/p><\/div>\n<p><br \/>\n<br \/><a href=\"https:\/\/www.cordeiropolis.sp.gov.br\/6o-golden-mma-movimenta-cordeiropolis-com-atletas-de-todo-o-brasil\/\" rel=\"noopener\">Informa\u00e7\u00f5es Cordeir\u00f3polis <\/a><\/p>\n","protected":false},"excerpt":{"rendered":"<p>Cordeir\u00f3polis recebe, no dia 6 de setembro, a 6\u00aa edi\u00e7\u00e3o do Golden MMA, evento esportivo de lutas, com apresenta\u00e7\u00f5es de atletas da cidade e de todo o Brasil. A realiza\u00e7\u00e3o \u00e9 do Grupo Naef Eventos, em parceria com a Prefeitura de Cordeir\u00f3polis, por meio da Secretaria de Esporte e Lazer. O evento come\u00e7a \u00e0s 10h, [&hellip;]<\/p>\n","protected":false},"author":1,"featured_media":0,"comment_status":"open","ping_status":"open","sticky":false,"template":"","format":"standard","meta":{"_jetpack_newsletter_access":"","_jetpack_dont_email_post_to_subs":false,"_jetpack_newsletter_tier_id":0,"_jetpack_memberships_contains_paywalled_content":false,"_mbp_banners":[],"_jetpack_feature_clip_id":0,"_jetpack_memberships_contains_paid_content":false,"footnotes":"","jetpack_publicize_message":"","jetpack_publicize_feature_enabled":true,"jetpack_social_post_already_shared":true,"jetpack_social_options":{"image_generator_settings":{"template":"highway","default_image_id":0,"font":"","enabled":false},"version":2},"jetpack_post_was_ever_published":false},"categories":[20],"tags":[],"class_list":["post-41581","post","type-post","status-publish","format-standard","category-regiao"],"jetpack_publicize_connections":[],"jetpack-related-posts":[],"jetpack_shortlink":"https:\/\/wp.me\/p7Eq1F-aOF","jetpack_sharing_enabled":true,"jetpack_featured_media_url":"","_links":{"self":[{"href":"https:\/\/guialimeira.com.br\/news\/wp-json\/wp\/v2\/posts\/41581","targetHints":{"allow":["GET"]}}],"collection":[{"href":"https:\/\/guialimeira.com.br\/news\/wp-json\/wp\/v2\/posts"}],"about":[{"href":"https:\/\/guialimeira.com.br\/news\/wp-json\/wp\/v2\/types\/post"}],"author":[{"embeddable":true,"href":"https:\/\/guialimeira.com.br\/news\/wp-json\/wp\/v2\/users\/1"}],"replies":[{"embeddable":true,"href":"https:\/\/guialimeira.com.br\/news\/wp-json\/wp\/v2\/comments?post=41581"}],"version-history":[{"count":1,"href":"https:\/\/guialimeira.com.br\/news\/wp-json\/wp\/v2\/posts\/41581\/revisions"}],"predecessor-version":[{"id":41582,"href":"https:\/\/guialimeira.com.br\/news\/wp-json\/wp\/v2\/posts\/41581\/revisions\/41582"}],"wp:attachment":[{"href":"https:\/\/guialimeira.com.br\/news\/wp-json\/wp\/v2\/media?parent=41581"}],"wp:term":[{"taxonomy":"category","embeddable":true,"href":"https:\/\/guialimeira.com.br\/news\/wp-json\/wp\/v2\/categories?post=41581"},{"taxonomy":"post_tag","embeddable":true,"href":"https:\/\/guialimeira.com.br\/news\/wp-json\/wp\/v2\/tags?post=41581"}],"curies":[{"name":"wp","href":"https:\/\/api.w.org\/{rel}","templated":true}]}}