{"id":4158,"date":"2024-05-08T01:16:50","date_gmt":"2024-05-08T04:16:50","guid":{"rendered":"https:\/\/guialimeira.com.br\/2024\/05\/08\/vestibular-das-fatecs-divulga-resultado-dos-pedidos-de-beneficios\/"},"modified":"2024-05-08T01:16:50","modified_gmt":"2024-05-08T04:16:50","slug":"vestibular-das-fatecs-divulga-resultado-dos-pedidos-de-beneficios","status":"publish","type":"post","link":"https:\/\/guialimeira.com.br\/news\/vestibular-das-fatecs-divulga-resultado-dos-pedidos-de-beneficios\/","title":{"rendered":"Vestibular das Fatecs divulga resultado dos pedidos de benef\u00edcios"},"content":{"rendered":"<p> <br \/>\n<\/p>\n<div id=\"\">&#13;<br \/>\n                                <!-- Title -->&#13;<br \/>\n                                &#13;<br \/>\n&#13;<br \/>\n                                <!-- Excerpt -->&#13;<\/p>\n<p class=\"excerpt\">Informa\u00e7\u00e3o ficar\u00e1 dispon\u00edvel na internet, a partir das 15h; inscri\u00e7\u00e3o para o segundo semestre de 2024 \u00e9 online e vai at\u00e9 7 de junho<\/p>\n<p>&#13;<br \/>\n&#13;<br \/>\n                                &#13;\n                            <\/p><\/div>\n<div id=\"\">&#13;<\/p>\n<figure id=\"attachment_5879881\" style=\"width: 100%;max-width: 746px\" class=\"wp-caption alignnone\"><img data-recalc-dims=\"1\" decoding=\"async\" loading=\"lazy\" class=\" wp-image-5879881\" src=\"https:\/\/i0.wp.com\/www.saopaulo.sp.gov.br\/wp-content\/uploads\/2024\/05\/Vestibular-Fatec-CPS-Roberto-Sungi-300x200.jpg?resize=696%2C464&#038;ssl=1\" alt=\"\" width=\"696\" height=\"464\" srcset=\"https:\/\/www.saopaulo.sp.gov.br\/wp-content\/uploads\/2024\/05\/Vestibular-Fatec-CPS-Roberto-Sungi-300x200.jpg 300w, https:\/\/www.saopaulo.sp.gov.br\/wp-content\/uploads\/2024\/05\/Vestibular-Fatec-CPS-Roberto-Sungi-1024x682.jpg 1024w, https:\/\/www.saopaulo.sp.gov.br\/wp-content\/uploads\/2024\/05\/Vestibular-Fatec-CPS-Roberto-Sungi-768x511.jpg 768w, https:\/\/www.saopaulo.sp.gov.br\/wp-content\/uploads\/2024\/05\/Vestibular-Fatec-CPS-Roberto-Sungi-1536x1022.jpg 1536w, https:\/\/www.saopaulo.sp.gov.br\/wp-content\/uploads\/2024\/05\/Vestibular-Fatec-CPS-Roberto-Sungi-2048x1363.jpg 2048w\" sizes=\"auto, (max-width: 746px) 100vw, 746px\"\/><figcaption class=\"wp-caption-text\">Vestibular das Fatecs oferece 14.406 vagas em cursos superiores de tecnologia gratuitos<\/figcaption><\/figure>\n<p class=\"img-destaque-post\">Quem solicitou recurso por ter resposta indeferida ao pedido de isen\u00e7\u00e3o e redu\u00e7\u00e3o da taxa de inscri\u00e7\u00e3o do Vestibular das Faculdades de Tecnologia do Estado (Fatecs) pode consultar o resultado a partir das 15h desta ter\u00e7a-feira (7), pelo site <a href=\"http:\/\/www.vestibularfatec.com.br\/\" target=\"_blank\" rel=\"noreferrer noopener\">www.vestibularfatec.com.br<\/a>. O candidato contemplado dever\u00e1 efetuar a inscri\u00e7\u00e3o no processo seletivo das Fatecs ap\u00f3s receber a resposta, assim como os demais interessados em concorrer a uma vaga no processo seletivo para o segundo semestre de 2024.<\/p>\n<p><strong>Processo seletivo<\/strong><\/p>\n<p>A inscri\u00e7\u00e3o para o Vestibular das Fatecs pode ser feita at\u00e9 7 de junho, \u00e0s 15h, exclusivamente, pelo site <a href=\"https:\/\/www.vestibularfatec.com.br\/home\/\" target=\"_blank\" rel=\"noreferrer noopener\">vestibularfatec.com.br<\/a>. As unidades oferecem cursos superiores de tecnologia gratuitos. A prova ser\u00e1 aplicada no dia 30 de junho. O valor da taxa \u00e9 de R$ 90.<\/p>\n<p>O requisito para participar do processo seletivo \u00e9 que o candidato tenha terminado ou esteja cursando o Ensino M\u00e9dio, ou equivalente, desde que comprove a conclus\u00e3o do curso no ato da matr\u00edcula.<\/p>\n<p>O Centro Paula Souza (CPS), autarquia que administra as Fatecs, disponibiliza 14.406 vagas para este processo seletivo. Outras 5.109 vagas est\u00e3o reservadas para os <a href=\"https:\/\/www.saopaulo.sp.gov.br\/spnoticias\/ultimas-noticias\/provao-paulista-divulga-lista-de-aprovados-nas-fatecs-e-univesp\/\" target=\"_blank\" rel=\"noopener noreferrer\">candidatos do\u00a0Prov\u00e3o Paulista<\/a>. No total, s\u00e3o 19.515 vagas para a forma\u00e7\u00e3o profissional gratuita de\u00a0n\u00edvel superior no segundo semestre de 2024.<\/p>\n<p>O candidato pode optar por cursos presenciais e a dist\u00e2ncia (EaD), distribu\u00eddos por unidades localizadas em todas as regi\u00f5es do estado de S\u00e3o Paulo. Com curr\u00edculos constantemente atualizados, s\u00e3o 92 <a href=\"https:\/\/www.vestibularfatec.com.br\/unidades-cursos\/\" target=\"_blank\" rel=\"noreferrer noopener\">op\u00e7\u00f5es de cursos<\/a>\u00a0alinhados \u00e0s atuais demandas do mercado de trabalho.<\/p>\n<p>Caso o interessado necessite, as Fatecs disponibilizam computadores e acesso \u00e0 internet para que a inscri\u00e7\u00e3o seja realizada. Para tanto, \u00e9 preciso entrar em contato com a unidade para obter informa\u00e7\u00f5es sobre datas e hor\u00e1rios dispon\u00edveis.<\/p>\n<p>Outras informa\u00e7\u00f5es pelos telefones (11) 3471-4103 (capital e Regi\u00e3o Metropolitana) e 0800-596 9696 (demais localidades) ou pelo site <a href=\"http:\/\/www.vestibularfatec.com.br\/\" target=\"_blank\" rel=\"noreferrer noopener\">www.vestibularfatec.com.br<\/a>.<\/p>\n<p>Siga o canal \u201cGoverno de S\u00e3o Paulo\u201d no WhatsApp:<br \/><a href=\"https:\/\/bit.ly\/govspnozap\" target=\"_blank\" rel=\"noopener noreferrer\">https:\/\/bit.ly\/govspnozap<\/a><\/p>\n<\/p><\/div>\n<p><br \/>\n<br \/><a href=\"https:\/\/www.saopaulo.sp.gov.br\/spnoticias\/ultimas-noticias\/vestibular-das-fatecs-divulga-resultado-do-recurso-de-isencao-e-reducao-da-taxa\/\" rel=\"noopener\">Informa\u00e7\u00f5es GOV.SP<\/a><\/p>\n","protected":false},"excerpt":{"rendered":"<p>&#13; &#13; &#13; &#13; &#13; Informa\u00e7\u00e3o ficar\u00e1 dispon\u00edvel na internet, a partir das 15h; inscri\u00e7\u00e3o para o segundo semestre de 2024 \u00e9 online e vai at\u00e9 7 de junho &#13; &#13; &#13; &#13; Vestibular das Fatecs oferece 14.406 vagas em cursos superiores de tecnologia gratuitos Quem solicitou recurso por ter resposta indeferida ao pedido de [&hellip;]<\/p>\n","protected":false},"author":1,"featured_media":4159,"comment_status":"open","ping_status":"open","sticky":false,"template":"","format":"standard","meta":{"_jetpack_newsletter_access":"","_jetpack_dont_email_post_to_subs":false,"_jetpack_newsletter_tier_id":0,"_jetpack_memberships_contains_paywalled_content":false,"_mbp_banners":[],"_jetpack_feature_clip_id":0,"_jetpack_memberships_contains_paid_content":false,"footnotes":"","jetpack_publicize_message":"","jetpack_publicize_feature_enabled":true,"jetpack_social_post_already_shared":true,"jetpack_social_options":{"image_generator_settings":{"template":"highway","default_image_id":0,"font":"","enabled":false},"version":2},"jetpack_post_was_ever_published":false},"categories":[21],"tags":[],"class_list":["post-4158","post","type-post","status-publish","format-standard","has-post-thumbnail","category-sp-news"],"jetpack_publicize_connections":[],"jetpack-related-posts":[],"jetpack_shortlink":"https:\/\/wp.me\/p7Eq1F-154","jetpack_sharing_enabled":true,"jetpack_featured_media_url":"https:\/\/i0.wp.com\/guialimeira.com.br\/news\/wp-content\/uploads\/2024\/05\/Vestibular-das-Fatecs-divulga-resultado-dos-pedidos-de-beneficios.jpg?fit=300%2C200&ssl=1","_links":{"self":[{"href":"https:\/\/guialimeira.com.br\/news\/wp-json\/wp\/v2\/posts\/4158","targetHints":{"allow":["GET"]}}],"collection":[{"href":"https:\/\/guialimeira.com.br\/news\/wp-json\/wp\/v2\/posts"}],"about":[{"href":"https:\/\/guialimeira.com.br\/news\/wp-json\/wp\/v2\/types\/post"}],"author":[{"embeddable":true,"href":"https:\/\/guialimeira.com.br\/news\/wp-json\/wp\/v2\/users\/1"}],"replies":[{"embeddable":true,"href":"https:\/\/guialimeira.com.br\/news\/wp-json\/wp\/v2\/comments?post=4158"}],"version-history":[{"count":0,"href":"https:\/\/guialimeira.com.br\/news\/wp-json\/wp\/v2\/posts\/4158\/revisions"}],"wp:featuredmedia":[{"embeddable":true,"href":"https:\/\/guialimeira.com.br\/news\/wp-json\/wp\/v2\/media\/4159"}],"wp:attachment":[{"href":"https:\/\/guialimeira.com.br\/news\/wp-json\/wp\/v2\/media?parent=4158"}],"wp:term":[{"taxonomy":"category","embeddable":true,"href":"https:\/\/guialimeira.com.br\/news\/wp-json\/wp\/v2\/categories?post=4158"},{"taxonomy":"post_tag","embeddable":true,"href":"https:\/\/guialimeira.com.br\/news\/wp-json\/wp\/v2\/tags?post=4158"}],"curies":[{"name":"wp","href":"https:\/\/api.w.org\/{rel}","templated":true}]}}