{"id":4156,"date":"2024-05-08T00:50:42","date_gmt":"2024-05-08T03:50:42","guid":{"rendered":"https:\/\/guialimeira.com.br\/2024\/05\/08\/equipes-de-damas-da-selam-sao-destaques-nos-jogos-da-juventude-portal-do-municipio-de-piracicaba\/"},"modified":"2024-05-08T00:50:42","modified_gmt":"2024-05-08T03:50:42","slug":"equipes-de-damas-da-selam-sao-destaques-nos-jogos-da-juventude-portal-do-municipio-de-piracicaba","status":"publish","type":"post","link":"https:\/\/guialimeira.com.br\/news\/equipes-de-damas-da-selam-sao-destaques-nos-jogos-da-juventude-portal-do-municipio-de-piracicaba\/","title":{"rendered":"Equipes de damas da Selam s\u00e3o destaques nos Jogos da Juventude \u2013 Portal do Munic\u00edpio de Piracicaba"},"content":{"rendered":"<p> <br \/>\n<\/p>\n<div itemprop=\"articleBody\">\n<div class=\"m-auto col-lg-8\">\n<p><em>Fase regional da competi\u00e7\u00e3o foi disputada no s\u00e1bado, dia 4\/5, em Rio Claro<\/em><\/p>\n<div class=\"wp-block-image\">\n<figure class=\"aligncenter size-large\"><img data-recalc-dims=\"1\" fetchpriority=\"high\" decoding=\"async\" width=\"696\" height=\"650\" src=\"https:\/\/i0.wp.com\/piracicaba.sp.gov.br\/wp-content\/uploads\/2024\/05\/Damas-feminino-de-Piracicaba-nos-Jogos-da-Juventude-credito-foto-Marco-RibeiroAPX-1024x956.jpeg?resize=696%2C650&#038;ssl=1\" alt=\"\" class=\"wp-image-78592\" srcset=\"https:\/\/piracicaba.sp.gov.br\/wp-content\/uploads\/2024\/05\/Damas-feminino-de-Piracicaba-nos-Jogos-da-Juventude-credito-foto-Marco-RibeiroAPX-1024x956.jpeg 1024w, https:\/\/piracicaba.sp.gov.br\/wp-content\/uploads\/2024\/05\/Damas-feminino-de-Piracicaba-nos-Jogos-da-Juventude-credito-foto-Marco-RibeiroAPX-300x280.jpeg 300w, https:\/\/piracicaba.sp.gov.br\/wp-content\/uploads\/2024\/05\/Damas-feminino-de-Piracicaba-nos-Jogos-da-Juventude-credito-foto-Marco-RibeiroAPX-768x717.jpeg 768w, https:\/\/piracicaba.sp.gov.br\/wp-content\/uploads\/2024\/05\/Damas-feminino-de-Piracicaba-nos-Jogos-da-Juventude-credito-foto-Marco-RibeiroAPX.jpeg 1200w\" sizes=\"(max-width: 1024px) 100vw, 1024px\"\/><figcaption class=\"wp-element-caption\"><strong>Damas feminino de Piracicaba nos Jogos da Juventude \u2013 cr\u00e9dito foto Marco RibeiroAPX<\/strong><\/figcaption><\/figure>\n<\/div>\n<p>As equipes de damas e de xadrez da Selam (Secretaria de Esportes, Lazer e Atividades Motoras) da Prefeitura de Piracicaba, participaram no \u00faltimo s\u00e1bado, dia 4\/5, da fase regional dos Jogos da Juventude, disputada no Grupo Gin\u00e1stico Rioclarense, em Rio Claro.<\/p>\n<p>Sob a coordena\u00e7\u00e3o de Marco Ribeiro da APX (Associa\u00e7\u00e3o Piracicabana de Xadrez), o elenco masculino de damas sagrou-se campe\u00e3o da competi\u00e7\u00e3o e garantiu sua vaga \u00e0 fase final dos Jogos da Juventude. A equipe feminina de damas fechou sua participa\u00e7\u00e3o na segunda posi\u00e7\u00e3o e ainda tem chances de participar da fase estadual dos jogos.<\/p>\n<div class=\"wp-block-image\">\n<figure class=\"aligncenter size-large\"><img data-recalc-dims=\"1\" loading=\"lazy\" decoding=\"async\" width=\"696\" height=\"753\" src=\"https:\/\/i0.wp.com\/piracicaba.sp.gov.br\/wp-content\/uploads\/2024\/05\/Damas-feminino-segunda-colocada-nos-Jogos-da-Juventude-credito-foto-Marco-RibeiroAPX-947x1024.jpeg?resize=696%2C753&#038;ssl=1\" alt=\"\" class=\"wp-image-78593\" srcset=\"https:\/\/piracicaba.sp.gov.br\/wp-content\/uploads\/2024\/05\/Damas-feminino-segunda-colocada-nos-Jogos-da-Juventude-credito-foto-Marco-RibeiroAPX-947x1024.jpeg 947w, https:\/\/piracicaba.sp.gov.br\/wp-content\/uploads\/2024\/05\/Damas-feminino-segunda-colocada-nos-Jogos-da-Juventude-credito-foto-Marco-RibeiroAPX-277x300.jpeg 277w, https:\/\/piracicaba.sp.gov.br\/wp-content\/uploads\/2024\/05\/Damas-feminino-segunda-colocada-nos-Jogos-da-Juventude-credito-foto-Marco-RibeiroAPX-768x831.jpeg 768w, https:\/\/piracicaba.sp.gov.br\/wp-content\/uploads\/2024\/05\/Damas-feminino-segunda-colocada-nos-Jogos-da-Juventude-credito-foto-Marco-RibeiroAPX.jpeg 1200w\" sizes=\"auto, (max-width: 947px) 100vw, 947px\"\/><figcaption class=\"wp-element-caption\"><strong>Damas feminino, segunda colocada nos Jogos da Juventude \u2013 cr\u00e9dito foto Marco RibeiroAPX<\/strong><\/figcaption><\/figure>\n<\/div>\n<p>O coordenador da equipe Selam, Marco Ribeiro, fez uma avalia\u00e7\u00e3o positiva da participa\u00e7\u00e3o piracicabana na fase regional dos Jogos da Juventude e disse que o elenco de damas masculino demonstrou novamente que est\u00e1 um n\u00edvel acima das cidades da regi\u00e3o, o que j\u00e1 havia sido comprovado nos Jogos Regionais de 2023. Segundo Ribeiro, as meninas, mesmo com 12 anos, conquistaram a segunda posi\u00e7\u00e3o numa competi\u00e7\u00e3o para atletas do sub-18.<\/p>\n<div class=\"wp-block-image\">\n<figure class=\"aligncenter size-large\"><img data-recalc-dims=\"1\" loading=\"lazy\" decoding=\"async\" width=\"696\" height=\"768\" src=\"https:\/\/i0.wp.com\/piracicaba.sp.gov.br\/wp-content\/uploads\/2024\/05\/Equipe-de-xadrez-nos-Jogos-da-Juventude-em-Rio-Claro-credito-foto-Marco-RibeiroAPX-928x1024.jpeg?resize=696%2C768&#038;ssl=1\" alt=\"\" class=\"wp-image-78594\" srcset=\"https:\/\/piracicaba.sp.gov.br\/wp-content\/uploads\/2024\/05\/Equipe-de-xadrez-nos-Jogos-da-Juventude-em-Rio-Claro-credito-foto-Marco-RibeiroAPX-928x1024.jpeg 928w, https:\/\/piracicaba.sp.gov.br\/wp-content\/uploads\/2024\/05\/Equipe-de-xadrez-nos-Jogos-da-Juventude-em-Rio-Claro-credito-foto-Marco-RibeiroAPX-272x300.jpeg 272w, https:\/\/piracicaba.sp.gov.br\/wp-content\/uploads\/2024\/05\/Equipe-de-xadrez-nos-Jogos-da-Juventude-em-Rio-Claro-credito-foto-Marco-RibeiroAPX-768x847.jpeg 768w, https:\/\/piracicaba.sp.gov.br\/wp-content\/uploads\/2024\/05\/Equipe-de-xadrez-nos-Jogos-da-Juventude-em-Rio-Claro-credito-foto-Marco-RibeiroAPX.jpeg 960w\" sizes=\"auto, (max-width: 928px) 100vw, 928px\"\/><figcaption class=\"wp-element-caption\"><strong>Equipe de xadrez nos Jogos da Juventude, em Rio Claro \u2013 cr\u00e9dito foto Marco RibeiroAPX<\/strong><\/figcaption><\/figure>\n<\/div>\n<p>\u201cAgora \u00e9 manter a prepara\u00e7\u00e3o dos atletas nos treinamentos marcados sempre aos s\u00e1bados, das 14h \u00e0s 18h, no Clube de Campo de Piracicaba, onde \u00e9 realizado o trabalho de aprofundamento das t\u00e9cnicas com foco nos pr\u00f3ximos compromissos\u201d, ressalta Ribeiro.<\/p>\n<p>As equipes de xadrez da Selam, masculina e feminina, terminaram suas participa\u00e7\u00f5es na quarta posi\u00e7\u00e3o na classifica\u00e7\u00e3o geral.<\/p>\n<div class=\"wp-block-image\">\n<figure class=\"aligncenter size-large\"><img data-recalc-dims=\"1\" loading=\"lazy\" decoding=\"async\" width=\"696\" height=\"474\" src=\"https:\/\/i0.wp.com\/piracicaba.sp.gov.br\/wp-content\/uploads\/2024\/05\/Jogos-da-Juventude-fase-regional-em-Rio-Claro-credito-foto-Marco-RibeiroAPX-1024x697.jpeg?resize=696%2C474&#038;ssl=1\" alt=\"\" class=\"wp-image-78596\" srcset=\"https:\/\/piracicaba.sp.gov.br\/wp-content\/uploads\/2024\/05\/Jogos-da-Juventude-fase-regional-em-Rio-Claro-credito-foto-Marco-RibeiroAPX-1024x697.jpeg 1024w, https:\/\/piracicaba.sp.gov.br\/wp-content\/uploads\/2024\/05\/Jogos-da-Juventude-fase-regional-em-Rio-Claro-credito-foto-Marco-RibeiroAPX-300x204.jpeg 300w, https:\/\/piracicaba.sp.gov.br\/wp-content\/uploads\/2024\/05\/Jogos-da-Juventude-fase-regional-em-Rio-Claro-credito-foto-Marco-RibeiroAPX-768x523.jpeg 768w, https:\/\/piracicaba.sp.gov.br\/wp-content\/uploads\/2024\/05\/Jogos-da-Juventude-fase-regional-em-Rio-Claro-credito-foto-Marco-RibeiroAPX.jpeg 1107w\" sizes=\"auto, (max-width: 1024px) 100vw, 1024px\"\/><figcaption class=\"wp-element-caption\"><strong>Jogos da Juventude, fase regional, em Rio Claro \u2013 cr\u00e9dito foto Marco RibeiroAPX<\/strong><\/figcaption><\/figure>\n<\/div>\n<\/div>\n<\/div>\n<p><br \/>\n<br \/><a href=\"https:\/\/piracicaba.sp.gov.br\/noticias\/equipes-de-damas-da-selam-sao-destaques-nos-jogos-da-juventude\/\" rel=\"noopener\">Informa\u00e7\u00f5es PMP <\/a><\/p>\n","protected":false},"excerpt":{"rendered":"<p>Fase regional da competi\u00e7\u00e3o foi disputada no s\u00e1bado, dia 4\/5, em Rio Claro Damas feminino de Piracicaba nos Jogos da Juventude \u2013 cr\u00e9dito foto Marco RibeiroAPX As equipes de damas e de xadrez da Selam (Secretaria de Esportes, Lazer e Atividades Motoras) da Prefeitura de Piracicaba, participaram no \u00faltimo s\u00e1bado, dia 4\/5, da fase regional [&hellip;]<\/p>\n","protected":false},"author":1,"featured_media":4157,"comment_status":"open","ping_status":"open","sticky":false,"template":"","format":"standard","meta":{"_jetpack_newsletter_access":"","_jetpack_dont_email_post_to_subs":false,"_jetpack_newsletter_tier_id":0,"_jetpack_memberships_contains_paywalled_content":false,"_mbp_banners":[],"_jetpack_feature_clip_id":0,"_jetpack_memberships_contains_paid_content":false,"footnotes":"","jetpack_publicize_message":"","jetpack_publicize_feature_enabled":true,"jetpack_social_post_already_shared":true,"jetpack_social_options":{"image_generator_settings":{"template":"highway","default_image_id":0,"font":"","enabled":false},"version":2},"jetpack_post_was_ever_published":false},"categories":[20],"tags":[],"class_list":["post-4156","post","type-post","status-publish","format-standard","has-post-thumbnail","category-regiao"],"jetpack_publicize_connections":[],"jetpack-related-posts":[],"jetpack_shortlink":"https:\/\/wp.me\/p7Eq1F-152","jetpack_sharing_enabled":true,"jetpack_featured_media_url":"https:\/\/i0.wp.com\/guialimeira.com.br\/news\/wp-content\/uploads\/2024\/05\/Damas-feminino-de-Piracicaba-nos-Jogos-da-Juventude-credito-foto-Marco-RibeiroAPX-1024x956.jpeg?fit=1024%2C956&ssl=1","_links":{"self":[{"href":"https:\/\/guialimeira.com.br\/news\/wp-json\/wp\/v2\/posts\/4156","targetHints":{"allow":["GET"]}}],"collection":[{"href":"https:\/\/guialimeira.com.br\/news\/wp-json\/wp\/v2\/posts"}],"about":[{"href":"https:\/\/guialimeira.com.br\/news\/wp-json\/wp\/v2\/types\/post"}],"author":[{"embeddable":true,"href":"https:\/\/guialimeira.com.br\/news\/wp-json\/wp\/v2\/users\/1"}],"replies":[{"embeddable":true,"href":"https:\/\/guialimeira.com.br\/news\/wp-json\/wp\/v2\/comments?post=4156"}],"version-history":[{"count":0,"href":"https:\/\/guialimeira.com.br\/news\/wp-json\/wp\/v2\/posts\/4156\/revisions"}],"wp:featuredmedia":[{"embeddable":true,"href":"https:\/\/guialimeira.com.br\/news\/wp-json\/wp\/v2\/media\/4157"}],"wp:attachment":[{"href":"https:\/\/guialimeira.com.br\/news\/wp-json\/wp\/v2\/media?parent=4156"}],"wp:term":[{"taxonomy":"category","embeddable":true,"href":"https:\/\/guialimeira.com.br\/news\/wp-json\/wp\/v2\/categories?post=4156"},{"taxonomy":"post_tag","embeddable":true,"href":"https:\/\/guialimeira.com.br\/news\/wp-json\/wp\/v2\/tags?post=4156"}],"curies":[{"name":"wp","href":"https:\/\/api.w.org\/{rel}","templated":true}]}}