{"id":415,"date":"2024-03-29T20:58:47","date_gmt":"2024-03-29T23:58:47","guid":{"rendered":"https:\/\/guialimeira.com.br\/2024\/03\/29\/prefeitura-municipal-de-americana-8\/"},"modified":"2024-03-29T20:58:47","modified_gmt":"2024-03-29T23:58:47","slug":"prefeitura-municipal-de-americana-8","status":"publish","type":"post","link":"https:\/\/guialimeira.com.br\/news\/prefeitura-municipal-de-americana-8\/","title":{"rendered":"Prefeitura Municipal de Americana"},"content":{"rendered":"<p> <br \/>\n<\/p>\n<div>Pacientes, acompanhantes e colaboradores da Unacon (Unidade de Assist\u00eancia de Alta Complexidade em Oncologia) de Americana participaram da palestra &#8220;Conscientiza\u00e7\u00e3o do C\u00e2ncer Colorretal&#8221; na manh\u00e3 desta quarta-feira (27). O evento foi organizado em raz\u00e3o do Mar\u00e7o Azul-Marinho, campanha nacional de preven\u00e7\u00e3o ao c\u00e2ncer de intestino.<\/p>\n<p>A palestra foi apresentada pela m\u00e9dica oncologista cl\u00ednica da Unacon, Viviane Oliveira Marcacine, que destacou a import\u00e2ncia do rastreamento e do diagn\u00f3stico precoce da doen\u00e7a. &#8220;Essas a\u00e7\u00f5es possibilitam a cura na maior parte dos casos&#8221;, salientou.<\/p>\n<p>&#8220;O objetivo dessa palestra \u00e9 alertar pacientes, familiares e amigos que, mesmo que n\u00e3o haja sintomas, \u00e9 fundamental procurar aux\u00edlio m\u00e9dico especializado para fazer exames de rastreamento para detectar o c\u00e2ncer precocemente para aumentar as chances de cura&#8221;, acrescentou a m\u00e9dica.<\/p>\n<p>De acordo com ela, os principais fatores de risco do c\u00e2ncer colorretal s\u00e3o a idade acima dos 50 anos, sedentarismo, obesidade, dieta rica em carnes vermelhas e alimentos processados, falta de atividade f\u00edsica e hist\u00f3rico familiar.<\/p>\n<p>&#8220;A preven\u00e7\u00e3o sempre \u00e9 a melhor escolha quando falamos de sa\u00fade. A conscientiza\u00e7\u00e3o sobre como se prevenir \u00e9 fundamental em todos os n\u00edveis da assist\u00eancia. O c\u00e2ncer colorretal \u00e9 um dos tipos com maior incid\u00eancia na popula\u00e7\u00e3o brasileira, por isso a import\u00e2ncia em se adotar pr\u00e1ticas saud\u00e1veis, para evit\u00e1-lo&#8221;, argumentou o secret\u00e1rio de Sa\u00fade, Danilo Carvalho Oliveira.<\/p>\n<p>A coordenadora da Unacon, Raquel Cordeiro, destacou a estat\u00edstica do Inca (Instituto Nacional de C\u00e2ncer), que aponta que o c\u00e2ncer colorretal \u00e9 o segundo mais incidente tanto entre homens quanto nas mulheres. Em 2022, foram registrados 21.970 casos da doen\u00e7a entre homens e 23.660 casos entre mulheres. <\/p>\n<p>A Unacon \u00e9 administrada pela organiza\u00e7\u00e3o social Santa Casa de Miseric\u00f3rdia de Chavantes (SCMC), por meio de gest\u00e3o compartilhada com a Secretaria Municipal de Sa\u00fade da Prefeitura de Americana.<\/p>\n<p>Texto: Marcelo Rocha \/ Assessoria de Imprensa da Santa Casa de Chavantes (MTb 29.754)\n                            <\/p>\n<\/div>\n<p><script async defer crossorigin=\"anonymous\" src=\"https:\/\/connect.facebook.net\/pt_BR\/sdk.js#xfbml=1&#038;version=v5.0\"><\/script><br \/>\n<br \/><br \/>\n<br \/><a href=\"https:\/\/www.americana.sp.gov.br\/americana-index.php?a=noticia&#038;id=30459\" rel=\"noopener\">Informa\u00e7\u00f5es PMA<\/a><\/p>\n","protected":false},"excerpt":{"rendered":"<p>Pacientes, acompanhantes e colaboradores da Unacon (Unidade de Assist\u00eancia de Alta Complexidade em Oncologia) de Americana participaram da palestra &#8220;Conscientiza\u00e7\u00e3o do C\u00e2ncer Colorretal&#8221; na manh\u00e3 desta quarta-feira (27). O evento foi organizado em raz\u00e3o do Mar\u00e7o Azul-Marinho, campanha nacional de preven\u00e7\u00e3o ao c\u00e2ncer de intestino. A palestra foi apresentada pela m\u00e9dica oncologista cl\u00ednica da Unacon, [&hellip;]<\/p>\n","protected":false},"author":1,"featured_media":0,"comment_status":"open","ping_status":"open","sticky":false,"template":"","format":"standard","meta":{"_jetpack_newsletter_access":"","_jetpack_dont_email_post_to_subs":false,"_jetpack_newsletter_tier_id":0,"_jetpack_memberships_contains_paywalled_content":false,"_mbp_banners":[],"_jetpack_feature_clip_id":0,"_jetpack_memberships_contains_paid_content":false,"footnotes":"","jetpack_publicize_message":"","jetpack_publicize_feature_enabled":true,"jetpack_social_post_already_shared":true,"jetpack_social_options":{"image_generator_settings":{"template":"highway","default_image_id":0,"font":"","enabled":false},"version":2},"jetpack_post_was_ever_published":false},"categories":[20],"tags":[],"class_list":["post-415","post","type-post","status-publish","format-standard","category-regiao"],"jetpack_publicize_connections":[],"jetpack-related-posts":[],"jetpack_shortlink":"https:\/\/wp.me\/p7Eq1F-6H","jetpack_sharing_enabled":true,"jetpack_featured_media_url":"","_links":{"self":[{"href":"https:\/\/guialimeira.com.br\/news\/wp-json\/wp\/v2\/posts\/415","targetHints":{"allow":["GET"]}}],"collection":[{"href":"https:\/\/guialimeira.com.br\/news\/wp-json\/wp\/v2\/posts"}],"about":[{"href":"https:\/\/guialimeira.com.br\/news\/wp-json\/wp\/v2\/types\/post"}],"author":[{"embeddable":true,"href":"https:\/\/guialimeira.com.br\/news\/wp-json\/wp\/v2\/users\/1"}],"replies":[{"embeddable":true,"href":"https:\/\/guialimeira.com.br\/news\/wp-json\/wp\/v2\/comments?post=415"}],"version-history":[{"count":0,"href":"https:\/\/guialimeira.com.br\/news\/wp-json\/wp\/v2\/posts\/415\/revisions"}],"wp:attachment":[{"href":"https:\/\/guialimeira.com.br\/news\/wp-json\/wp\/v2\/media?parent=415"}],"wp:term":[{"taxonomy":"category","embeddable":true,"href":"https:\/\/guialimeira.com.br\/news\/wp-json\/wp\/v2\/categories?post=415"},{"taxonomy":"post_tag","embeddable":true,"href":"https:\/\/guialimeira.com.br\/news\/wp-json\/wp\/v2\/tags?post=415"}],"curies":[{"name":"wp","href":"https:\/\/api.w.org\/{rel}","templated":true}]}}