{"id":4148,"date":"2024-05-07T23:49:45","date_gmt":"2024-05-08T02:49:45","guid":{"rendered":"https:\/\/guialimeira.com.br\/2024\/05\/07\/42-vias-receberam-servicos-de-tapa-buraco-na-ultima-semana-portal-do-municipio-de-piracicaba\/"},"modified":"2024-05-07T23:49:45","modified_gmt":"2024-05-08T02:49:45","slug":"42-vias-receberam-servicos-de-tapa-buraco-na-ultima-semana-portal-do-municipio-de-piracicaba","status":"publish","type":"post","link":"https:\/\/guialimeira.com.br\/news\/42-vias-receberam-servicos-de-tapa-buraco-na-ultima-semana-portal-do-municipio-de-piracicaba\/","title":{"rendered":"42 vias receberam servi\u00e7os de tapa-buraco na \u00faltima semana \u2013 Portal do Munic\u00edpio de Piracicaba"},"content":{"rendered":"<p> <br \/>\n<\/p>\n<div itemprop=\"articleBody\">\n<div class=\"m-auto col-lg-8\">\n<figure class=\"wp-block-image size-large\"><img data-recalc-dims=\"1\" fetchpriority=\"high\" decoding=\"async\" width=\"696\" height=\"464\" src=\"https:\/\/i0.wp.com\/piracicaba.sp.gov.br\/wp-content\/uploads\/2024\/05\/Rua-Professora-Ana-Candida-de-Mello-Ferraz-no-Jardim-Primavera-recebeu-os-servicos-de-tapa-buraco-na-ultima-semana-1024x682.jpg?resize=696%2C464&#038;ssl=1\" alt=\"\" class=\"wp-image-78626\" srcset=\"https:\/\/piracicaba.sp.gov.br\/wp-content\/uploads\/2024\/05\/Rua-Professora-Ana-Candida-de-Mello-Ferraz-no-Jardim-Primavera-recebeu-os-servicos-de-tapa-buraco-na-ultima-semana-1024x682.jpg 1024w, https:\/\/piracicaba.sp.gov.br\/wp-content\/uploads\/2024\/05\/Rua-Professora-Ana-Candida-de-Mello-Ferraz-no-Jardim-Primavera-recebeu-os-servicos-de-tapa-buraco-na-ultima-semana-300x200.jpg 300w, https:\/\/piracicaba.sp.gov.br\/wp-content\/uploads\/2024\/05\/Rua-Professora-Ana-Candida-de-Mello-Ferraz-no-Jardim-Primavera-recebeu-os-servicos-de-tapa-buraco-na-ultima-semana-768x512.jpg 768w, https:\/\/piracicaba.sp.gov.br\/wp-content\/uploads\/2024\/05\/Rua-Professora-Ana-Candida-de-Mello-Ferraz-no-Jardim-Primavera-recebeu-os-servicos-de-tapa-buraco-na-ultima-semana-1536x1024.jpg 1536w, https:\/\/piracicaba.sp.gov.br\/wp-content\/uploads\/2024\/05\/Rua-Professora-Ana-Candida-de-Mello-Ferraz-no-Jardim-Primavera-recebeu-os-servicos-de-tapa-buraco-na-ultima-semana.jpg 2000w\" sizes=\"(max-width: 1024px) 100vw, 1024px\"\/><figcaption class=\"wp-element-caption\"><strong><em><sub>Rua Professora Ana C\u00e2ndida de Mello Ferraz, no Jardim Primavera, recebeu os servi\u00e7os de tapa-buraco na \u00faltima semana<\/sub><\/em><\/strong><\/figcaption><\/figure>\n<p>A Prefeitura de Piracicaba, por meio da Secretaria Municipal de Obras e Zeladoria (Semozel), executou servi\u00e7os de tapa-buraco na \u00faltima semana, de 29\/04 a 03\/05, em 42 vias do munic\u00edpio, entre avenidas, ruas, travessas e rodovias. Ao todo, as equipes percorreram 16 bairros.<\/p>\n<p>Por meio da opera\u00e7\u00e3o Tapa-buraco, a Semozel atende solicita\u00e7\u00f5es da popula\u00e7\u00e3o via SIP (Servi\u00e7o de Informa\u00e7\u00f5es \u00e0 Popula\u00e7\u00e3o) \u2013 156 e vereadores, al\u00e9m das necessidades pontuais que as equipes verificam nas vias que percorrem.<\/p>\n<p>As equipes priorizam regi\u00f5es estrat\u00e9gicas de mais urg\u00eancia, como avenidas com fluxo intenso, e necessidades pontuais. Os servi\u00e7os s\u00e3o executados com medi\u00e7\u00e3o da massa aplicada por m\u00b2 e padroniza\u00e7\u00e3o, realizando requadramento ao redor do buraco, preenchendo com bica corrida (conjunto de pedra britada, pedrisco e p\u00f3-de-pedra) e finalizando com a massa asf\u00e1ltica, nos buracos que precisem de interven\u00e7\u00e3o mais profunda.<\/p>\n<p><strong>Confira abaixo os bairros e respectivas vias atendidas:<\/strong><\/p>\n<ul>\n<li>\u00c1gua Branca: rua Porto Alegre, rua Am\u00e9lia Carraro Pav\u00e3o, rua Antonio Carlos Pedroso, rua Marcelino Ferreira, rua Laudir Landre Barbosa e rua Raul Aparecido Gardin<\/li>\n<li>Artemis: avenida Maria Julia de Camargo Dini<\/li>\n<li>Jardim Flamboyant: rua Sebastiana Siqueira Rodrigues<\/li>\n<li>Jardim Maria Cl\u00e1udia: rua Raul Ata\u00edde<\/li>\n<li>Jardim Prezotto: rua Sebasti\u00e3o Santos de Oliveira e rua Territ\u00f3rio do Acre<\/li>\n<li>Jardim Primavera: rua Professora Ana C\u00e2ndida de Mello Ferraz, rua Cec\u00edlio Elias, rua Henrique Wolgmuth, rua Melhem Wiliam Maluf, rua Benedito Tric\u00e2nico, rua Le\u00f4nidas Andrade Foga\u00e7a, rua Prof. Jo\u00e3o Teixeira de Lara e rua Prof. Jos\u00e9 do Amaral Mello<\/li>\n<li>Morumbi: rua Jo\u00e3o Antonio Fischer, rua Jo\u00e3o Maciel e rua Jorge Zohlner<\/li>\n<li>Nova Am\u00e9rica: rua Frei Wilson, rua Miss Martha Watts, rua Santa Catarina e travessa Almeida Junior<\/li>\n<li>Pompeia: rua Luiz da Silveira Nunes<\/li>\n<li>Parque 1\u00ba de Maio: rua Cap\u00e3o Bonito, rua Cotia, rua Goi\u00e2nia e rua Macap\u00e1<\/li>\n<li>Santa Rosa: avenida Adiel Paes Zamith e avenida Manoel Lopes Alarcon<\/li>\n<li>Santa Teresinha: rua Borborema, rua Corcovado, rua Iper\u00f3, rua Panorama e rua Peru\u00edbe<\/li>\n<li>S\u00e3o Dimas: rua Dr. Jo\u00e3o Sampaio<\/li>\n<li>Sol Nascente: avenida Eldorado Paulista<\/li>\n<li>Vila Independ\u00eancia: avenida Professor Alberto Vollet Sachs<\/li>\n<li>Vila Rezende: rua Jos\u00e9 Soledade<\/li>\n<\/ul>\n<\/div>\n<\/div>\n<p><br \/>\n<br \/><a href=\"https:\/\/piracicaba.sp.gov.br\/noticias\/42-vias-receberam-servicos-de-tapa-buraco-na-ultima-semana\/\" rel=\"noopener\">Informa\u00e7\u00f5es PMP <\/a><\/p>\n","protected":false},"excerpt":{"rendered":"<p>Rua Professora Ana C\u00e2ndida de Mello Ferraz, no Jardim Primavera, recebeu os servi\u00e7os de tapa-buraco na \u00faltima semana A Prefeitura de Piracicaba, por meio da Secretaria Municipal de Obras e Zeladoria (Semozel), executou servi\u00e7os de tapa-buraco na \u00faltima semana, de 29\/04 a 03\/05, em 42 vias do munic\u00edpio, entre avenidas, ruas, travessas e rodovias. Ao [&hellip;]<\/p>\n","protected":false},"author":1,"featured_media":4149,"comment_status":"open","ping_status":"open","sticky":false,"template":"","format":"standard","meta":{"_jetpack_newsletter_access":"","_jetpack_dont_email_post_to_subs":false,"_jetpack_newsletter_tier_id":0,"_jetpack_memberships_contains_paywalled_content":false,"_mbp_banners":[],"_jetpack_feature_clip_id":0,"_jetpack_memberships_contains_paid_content":false,"footnotes":"","jetpack_publicize_message":"","jetpack_publicize_feature_enabled":true,"jetpack_social_post_already_shared":true,"jetpack_social_options":{"image_generator_settings":{"template":"highway","default_image_id":0,"font":"","enabled":false},"version":2},"jetpack_post_was_ever_published":false},"categories":[20],"tags":[],"class_list":["post-4148","post","type-post","status-publish","format-standard","has-post-thumbnail","category-regiao"],"jetpack_publicize_connections":[],"jetpack-related-posts":[],"jetpack_shortlink":"https:\/\/wp.me\/p7Eq1F-14U","jetpack_sharing_enabled":true,"jetpack_featured_media_url":"https:\/\/i0.wp.com\/guialimeira.com.br\/news\/wp-content\/uploads\/2024\/05\/Rua-Professora-Ana-Candida-de-Mello-Ferraz-no-Jardim-Primavera-recebeu-os-servicos-de-tapa-buraco-na-ultima-semana-1024x682.jpg?fit=1024%2C682&ssl=1","_links":{"self":[{"href":"https:\/\/guialimeira.com.br\/news\/wp-json\/wp\/v2\/posts\/4148","targetHints":{"allow":["GET"]}}],"collection":[{"href":"https:\/\/guialimeira.com.br\/news\/wp-json\/wp\/v2\/posts"}],"about":[{"href":"https:\/\/guialimeira.com.br\/news\/wp-json\/wp\/v2\/types\/post"}],"author":[{"embeddable":true,"href":"https:\/\/guialimeira.com.br\/news\/wp-json\/wp\/v2\/users\/1"}],"replies":[{"embeddable":true,"href":"https:\/\/guialimeira.com.br\/news\/wp-json\/wp\/v2\/comments?post=4148"}],"version-history":[{"count":0,"href":"https:\/\/guialimeira.com.br\/news\/wp-json\/wp\/v2\/posts\/4148\/revisions"}],"wp:featuredmedia":[{"embeddable":true,"href":"https:\/\/guialimeira.com.br\/news\/wp-json\/wp\/v2\/media\/4149"}],"wp:attachment":[{"href":"https:\/\/guialimeira.com.br\/news\/wp-json\/wp\/v2\/media?parent=4148"}],"wp:term":[{"taxonomy":"category","embeddable":true,"href":"https:\/\/guialimeira.com.br\/news\/wp-json\/wp\/v2\/categories?post=4148"},{"taxonomy":"post_tag","embeddable":true,"href":"https:\/\/guialimeira.com.br\/news\/wp-json\/wp\/v2\/tags?post=4148"}],"curies":[{"name":"wp","href":"https:\/\/api.w.org\/{rel}","templated":true}]}}