{"id":4146,"date":"2024-05-07T23:14:52","date_gmt":"2024-05-08T02:14:52","guid":{"rendered":"https:\/\/guialimeira.com.br\/2024\/05\/07\/governo-de-sp-ilumina-palacio-dos-bandeirantes-em-solidariedade-ao-rio-grande-do-sul\/"},"modified":"2024-05-07T23:14:52","modified_gmt":"2024-05-08T02:14:52","slug":"governo-de-sp-ilumina-palacio-dos-bandeirantes-em-solidariedade-ao-rio-grande-do-sul","status":"publish","type":"post","link":"https:\/\/guialimeira.com.br\/news\/governo-de-sp-ilumina-palacio-dos-bandeirantes-em-solidariedade-ao-rio-grande-do-sul\/","title":{"rendered":"Governo de SP ilumina Pal\u00e1cio dos Bandeirantes em solidariedade ao Rio Grande do Sul"},"content":{"rendered":"<p> <br \/>\n<\/p>\n<div id=\"\">&#13;<br \/>\n                                <!-- Title -->&#13;<br \/>\n                                &#13;<br \/>\n&#13;<br \/>\n                                <!-- Excerpt -->&#13;<\/p>\n<p class=\"excerpt\">Fundo Social e Defesa Civil est\u00e3o recebendo doa\u00e7\u00f5es para auxiliar as v\u00edtimas das chuvas no Sul<\/p>\n<p>&#13;<br \/>\n&#13;<br \/>\n                                &#13;\n                            <\/p><\/div>\n<div id=\"\">&#13;<\/p>\n<figure id=\"attachment_5880234\" style=\"width: 100%;max-width: 772px\" class=\"wp-caption alignnone\"><img data-recalc-dims=\"1\" decoding=\"async\" loading=\"lazy\" class=\"wp-image-5880234\" src=\"https:\/\/i0.wp.com\/www.saopaulo.sp.gov.br\/wp-content\/uploads\/2024\/05\/Palacio-dos-Bandeirantes-cores-RS-300x225.jpg?resize=696%2C522&#038;ssl=1\" alt=\"Pr\u00e9dio do pal\u00e1cio iluminado de verde, vermelho e amarelo\" width=\"696\" height=\"522\" srcset=\"https:\/\/www.saopaulo.sp.gov.br\/wp-content\/uploads\/2024\/05\/Palacio-dos-Bandeirantes-cores-RS-300x225.jpg 300w, https:\/\/www.saopaulo.sp.gov.br\/wp-content\/uploads\/2024\/05\/Palacio-dos-Bandeirantes-cores-RS-1024x768.jpg 1024w, https:\/\/www.saopaulo.sp.gov.br\/wp-content\/uploads\/2024\/05\/Palacio-dos-Bandeirantes-cores-RS-768x576.jpg 768w, https:\/\/www.saopaulo.sp.gov.br\/wp-content\/uploads\/2024\/05\/Palacio-dos-Bandeirantes-cores-RS-1536x1152.jpg 1536w, https:\/\/www.saopaulo.sp.gov.br\/wp-content\/uploads\/2024\/05\/Palacio-dos-Bandeirantes-cores-RS-2048x1536.jpg 2048w\" sizes=\"auto, (max-width: 772px) 100vw, 772px\"\/><figcaption class=\"wp-caption-text\">Pal\u00e1cio dos Bandeirantes iluminado em homangem ao RS<\/figcaption><\/figure>\n<p>O Pal\u00e1cio dos Bandeirantes, sede do governo do Estado de S\u00e3o Paulo, no Morumbi, capital, estar\u00e1 iluminado na noite desta ter\u00e7a-feira (7) com as cores da bandeira do Rio Grande do Sul para homenagear a popula\u00e7\u00e3o v\u00edtima das fortes chuvas.<\/p>\n<p>J\u00e1 na segunda-feira (6), <a href=\"https:\/\/www.saopaulo.sp.gov.br\/spnoticias\/ultimas-noticias\/sao-paulo-envia-mais-de-13-toneladas-de-ajuda-humanitaria-para-o-rio-grande-do-sul\/\" rel=\"noopener\">S\u00e3o Paulo encaminhou o primeiro lote de donativos ao RS<\/a>. Mais de 13 toneladas de suprimentos essenciais como \u00e1gua pot\u00e1vel, colch\u00f5es e cobertores, al\u00e9m de disponibilizar 25 antenas para conex\u00e3o \u00e0 internet via sat\u00e9lite e nove geradores de energia el\u00e9trica para auxiliar no restabelecimento da comunica\u00e7\u00e3o e do fornecimento de energia el\u00e9trica nas \u00e1reas impactadas.<\/p>\n<p><a href=\"https:\/\/www.saopaulo.sp.gov.br\/spnoticias\/ultimas-noticias\/governo-de-sp-inicia-arrecadacao-para-vitimas-do-rs-veja-o-que-doar\/\" rel=\"noopener\">O Fundo Social de Paulo (FUSSP) e a Defesa Civil continuam recebendo doa\u00e7\u00f5es.<\/a> A prioridade neste momento \u00e9 para \u00e1gua pot\u00e1vel e produtos de limpeza e higiene. Itens como alimentos, cal\u00e7ados e roupas n\u00e3o est\u00e3o sendo recebidos, por enquanto, nos postos de arrecada\u00e7\u00e3o. Os materiais devem ser entregues no dep\u00f3sito do FUSSP, localizado na Avenida Marechal M\u00e1rio Guedes, 301, no bairro do Jaguar\u00e9, na Capital, das 8h \u00e0s 17h e tamb\u00e9m nas unidades do Poupatempo e da Sabesp.<\/p>\n<\/p><\/div>\n<p><br \/>\n<br \/><a href=\"https:\/\/www.saopaulo.sp.gov.br\/spnoticias\/ultimas-noticias\/governo-de-sp-ilumina-palacio-dos-bandeirantes-em-solidariedade-ao-rio-grande-do-sul\/\" rel=\"noopener\">Informa\u00e7\u00f5es GOV.SP<\/a><\/p>\n","protected":false},"excerpt":{"rendered":"<p>&#13; &#13; &#13; &#13; &#13; Fundo Social e Defesa Civil est\u00e3o recebendo doa\u00e7\u00f5es para auxiliar as v\u00edtimas das chuvas no Sul &#13; &#13; &#13; &#13; Pal\u00e1cio dos Bandeirantes iluminado em homangem ao RS O Pal\u00e1cio dos Bandeirantes, sede do governo do Estado de S\u00e3o Paulo, no Morumbi, capital, estar\u00e1 iluminado na noite desta ter\u00e7a-feira (7) [&hellip;]<\/p>\n","protected":false},"author":1,"featured_media":4147,"comment_status":"open","ping_status":"open","sticky":false,"template":"","format":"standard","meta":{"_jetpack_newsletter_access":"","_jetpack_dont_email_post_to_subs":false,"_jetpack_newsletter_tier_id":0,"_jetpack_memberships_contains_paywalled_content":false,"_mbp_banners":[],"_jetpack_feature_clip_id":0,"_jetpack_memberships_contains_paid_content":false,"footnotes":"","jetpack_publicize_message":"","jetpack_publicize_feature_enabled":true,"jetpack_social_post_already_shared":true,"jetpack_social_options":{"image_generator_settings":{"template":"highway","default_image_id":0,"font":"","enabled":false},"version":2},"jetpack_post_was_ever_published":false},"categories":[21],"tags":[],"class_list":["post-4146","post","type-post","status-publish","format-standard","has-post-thumbnail","category-sp-news"],"jetpack_publicize_connections":[],"jetpack-related-posts":[],"jetpack_shortlink":"https:\/\/wp.me\/p7Eq1F-14S","jetpack_sharing_enabled":true,"jetpack_featured_media_url":"https:\/\/i0.wp.com\/guialimeira.com.br\/news\/wp-content\/uploads\/2024\/05\/Governo-de-SP-ilumina-Palacio-dos-Bandeirantes-em-solidariedade-ao.jpg?fit=300%2C225&ssl=1","_links":{"self":[{"href":"https:\/\/guialimeira.com.br\/news\/wp-json\/wp\/v2\/posts\/4146","targetHints":{"allow":["GET"]}}],"collection":[{"href":"https:\/\/guialimeira.com.br\/news\/wp-json\/wp\/v2\/posts"}],"about":[{"href":"https:\/\/guialimeira.com.br\/news\/wp-json\/wp\/v2\/types\/post"}],"author":[{"embeddable":true,"href":"https:\/\/guialimeira.com.br\/news\/wp-json\/wp\/v2\/users\/1"}],"replies":[{"embeddable":true,"href":"https:\/\/guialimeira.com.br\/news\/wp-json\/wp\/v2\/comments?post=4146"}],"version-history":[{"count":0,"href":"https:\/\/guialimeira.com.br\/news\/wp-json\/wp\/v2\/posts\/4146\/revisions"}],"wp:featuredmedia":[{"embeddable":true,"href":"https:\/\/guialimeira.com.br\/news\/wp-json\/wp\/v2\/media\/4147"}],"wp:attachment":[{"href":"https:\/\/guialimeira.com.br\/news\/wp-json\/wp\/v2\/media?parent=4146"}],"wp:term":[{"taxonomy":"category","embeddable":true,"href":"https:\/\/guialimeira.com.br\/news\/wp-json\/wp\/v2\/categories?post=4146"},{"taxonomy":"post_tag","embeddable":true,"href":"https:\/\/guialimeira.com.br\/news\/wp-json\/wp\/v2\/tags?post=4146"}],"curies":[{"name":"wp","href":"https:\/\/api.w.org\/{rel}","templated":true}]}}