{"id":4140,"date":"2024-05-07T22:48:45","date_gmt":"2024-05-08T01:48:45","guid":{"rendered":"https:\/\/guialimeira.com.br\/2024\/05\/07\/semdettur-palestra-sobre-cota-de-aprendizagem-profissional-reune-30-empresas-portal-do-municipio-de-piracicaba\/"},"modified":"2024-05-07T22:48:45","modified_gmt":"2024-05-08T01:48:45","slug":"semdettur-palestra-sobre-cota-de-aprendizagem-profissional-reune-30-empresas-portal-do-municipio-de-piracicaba","status":"publish","type":"post","link":"https:\/\/guialimeira.com.br\/news\/semdettur-palestra-sobre-cota-de-aprendizagem-profissional-reune-30-empresas-portal-do-municipio-de-piracicaba\/","title":{"rendered":"Semdettur:\u00a0palestra\u00a0sobre cota de\u00a0aprendizagem\u00a0profissional re\u00fane 30 empresas \u2013 Portal do Munic\u00edpio de Piracicaba"},"content":{"rendered":"<p> <br \/>\n<\/p>\n<div>\n<p>Representantes de 30 empresas participaram na manh\u00e3 de hoje, 07\/05, da palestra realizada pela Prefeitura de Piracicaba, por meio da Secretaria de Desenvolvimento Econ\u00f4mico, Trabalho e Turismo (Semdettur), sobre a cota de aprendizagem profissional. O evento antecede e prepara para a Feira da Empregabilidade do Aprendiz, que acontece amanh\u00e3, 08\/05, na Acipi (Associa\u00e7\u00e3o Comercial e Industrial de Piracicaba). Ao todo, 15 empresas e institui\u00e7\u00f5es de ensino e recursos humanos participam, oferecendo 80 vagas de emprego, al\u00e9m de fazer o cadastro de candidatos no banco de talentos. O evento \u00e9 aberto ao p\u00fablico e acontece entre 9h e 12h.<\/p>\n<p>A palestra foi realizada em parceria com o Minist\u00e9rio do Trabalho e Emprego (MTE), no audit\u00f3rio do Simespi (Sindicato das Ind\u00fastrias Metal\u00fargicas, Mec\u00e2nicas, de Material El\u00e9trico, Eletr\u00f4nico, Sider\u00fargicas e Fundi\u00e7\u00f5es). A Aprendizagem Profissional \u00e9 uma pol\u00edtica p\u00fablica de inclus\u00e3o de adolescentes e jovens de 14 a 24 anos no mercado de trabalho. Empresas de grande e m\u00e9dio porte podem contratar esses jovens, criando n\u00e3o s\u00f3 oportunidades para esse grupo se inserir na vida profissional na condi\u00e7\u00e3o de aprendizes, mas tamb\u00e9m, a partir disso, formar m\u00e3o-de-obra qualificada.<\/p>\n<figure class=\"wp-block-image size-large\"><img data-recalc-dims=\"1\" fetchpriority=\"high\" decoding=\"async\" width=\"696\" height=\"464\" src=\"https:\/\/i0.wp.com\/piracicaba.sp.gov.br\/wp-content\/uploads\/2024\/05\/Semdettur-realizou-palestra-gratuita-sobre-Aprendizagem-Profissional-no-auditorio-do-Simespi-1024x682.jpg?resize=696%2C464&#038;ssl=1\" alt=\"\" class=\"wp-image-78637\" srcset=\"https:\/\/piracicaba.sp.gov.br\/wp-content\/uploads\/2024\/05\/Semdettur-realizou-palestra-gratuita-sobre-Aprendizagem-Profissional-no-auditorio-do-Simespi-1024x682.jpg 1024w, https:\/\/piracicaba.sp.gov.br\/wp-content\/uploads\/2024\/05\/Semdettur-realizou-palestra-gratuita-sobre-Aprendizagem-Profissional-no-auditorio-do-Simespi-300x200.jpg 300w, https:\/\/piracicaba.sp.gov.br\/wp-content\/uploads\/2024\/05\/Semdettur-realizou-palestra-gratuita-sobre-Aprendizagem-Profissional-no-auditorio-do-Simespi-768x512.jpg 768w, https:\/\/piracicaba.sp.gov.br\/wp-content\/uploads\/2024\/05\/Semdettur-realizou-palestra-gratuita-sobre-Aprendizagem-Profissional-no-auditorio-do-Simespi-1536x1024.jpg 1536w, https:\/\/piracicaba.sp.gov.br\/wp-content\/uploads\/2024\/05\/Semdettur-realizou-palestra-gratuita-sobre-Aprendizagem-Profissional-no-auditorio-do-Simespi.jpg 2000w\" sizes=\"(max-width: 1024px) 100vw, 1024px\"\/><figcaption class=\"wp-element-caption\"><strong><em><sub>Semdettur realizou palestra gratuita sobre Aprendizagem Profissional no audit\u00f3rio do Simespi<\/sub><\/em><\/strong><\/figcaption><\/figure>\n<p>\u201cA Prefeitura e a Semdettur v\u00eam fazendo um trabalho de inser\u00e7\u00e3o e reinser\u00e7\u00e3o da popula\u00e7\u00e3o no mercado de trabalho atrav\u00e9s de diversas feiras de empregabilidade que acontecem durante todo o ano. E esse trabalho em parceria com o Minist\u00e9rio do Trabalho visa melhorar as oportunidades de emprego para esses jovens na cidade e tamb\u00e9m ajudar as empresas que, muitas vezes, t\u00eam dificuldade para cumprir essa cota do programa\u201d, comentou o secret\u00e1rio da Semdettur, Euclides Libardi, na abertura do evento.<\/p>\n<p>A palestra foi ministrada pela auditora fiscal do trabalho e gerente regional do Minist\u00e9rio do Trabalho e Emprego em Piracicaba, Gabriela Mendon\u00e7a de Albuquerque. Ela explicou sobre a legisla\u00e7\u00e3o do contrato especial de aprendizagem \u2013 que exige, por exemplo, que o jovem esteja matriculado em um curso de aprendizagem profissional, tempo de servi\u00e7o permitido, para n\u00e3o atrapalhar os estudos, al\u00e9m da remunera\u00e7\u00e3o para aprendizes.<\/p>\n<figure class=\"wp-block-image size-large\"><img data-recalc-dims=\"1\" loading=\"lazy\" decoding=\"async\" width=\"696\" height=\"464\" src=\"https:\/\/i0.wp.com\/piracicaba.sp.gov.br\/wp-content\/uploads\/2024\/05\/Euclides-Libardi-secretario-da-Semdettur-1024x682.jpg?resize=696%2C464&#038;ssl=1\" alt=\"\" class=\"wp-image-78636\" srcset=\"https:\/\/piracicaba.sp.gov.br\/wp-content\/uploads\/2024\/05\/Euclides-Libardi-secretario-da-Semdettur-1024x682.jpg 1024w, https:\/\/piracicaba.sp.gov.br\/wp-content\/uploads\/2024\/05\/Euclides-Libardi-secretario-da-Semdettur-300x200.jpg 300w, https:\/\/piracicaba.sp.gov.br\/wp-content\/uploads\/2024\/05\/Euclides-Libardi-secretario-da-Semdettur-768x512.jpg 768w, https:\/\/piracicaba.sp.gov.br\/wp-content\/uploads\/2024\/05\/Euclides-Libardi-secretario-da-Semdettur-1536x1024.jpg 1536w, https:\/\/piracicaba.sp.gov.br\/wp-content\/uploads\/2024\/05\/Euclides-Libardi-secretario-da-Semdettur.jpg 2000w\" sizes=\"auto, (max-width: 1024px) 100vw, 1024px\"\/><figcaption class=\"wp-element-caption\"><strong><em><sub>Euclides Libardi, secret\u00e1rio da Semdettur<\/sub><\/em><\/strong><\/figcaption><\/figure>\n<p>O superintendente substituto do MTE estadual, Ant\u00f4nio Fojo da Costa, tamb\u00e9m esteve presente no evento, esclarecendo as d\u00favidas dos representantes das empresas ap\u00f3s a palestra. \u201cA Aprendizagem Profissional \u00e9 importante porque, muitas vezes, \u00e9 o primeiro contato do jovem com o mercado de trabalho, e tamb\u00e9m \u00e9 um incentivo \u00e0 profissionaliza\u00e7\u00e3o. Muitos empres\u00e1rios, \u00e0s vezes, reclamam da qualidade da m\u00e3o-de-obra, ent\u00e3o eu sempre vi a inclus\u00e3o dos aprendizes no mercado de trabalho como um meio de sanar essa dificuldade dos empres\u00e1rios\u201d, disse Costa.<\/p>\n<p>\u201cA aprendizagem \u00e9 [tamb\u00e9m] importante para reter talentos, ela oferece oportunidades de aprendizagem e desenvolvimento, ela aumenta a satisfa\u00e7\u00e3o e o engajamento de funcion\u00e1rios, que ficam mais propensos a permanecer na empresa. Ent\u00e3o o aprendiz, como foi dada uma oportunidade, ele vai permanecer na empresa, adquirir conhecimento, repassar esse conhecimento adquirido. Al\u00e9m disso, para as empresas, o programa \u00e9 importante para o cumprimento da cota da legisla\u00e7\u00e3o, e n\u00e3o apenas para evitar penalidades [trabalhistas], mas para ampliar o acesso dos jovens \u00e0s empresas e no mercado de trabalho\u201d, explicou Gabriela.<\/p>\n<figure class=\"wp-block-image size-large\"><img data-recalc-dims=\"1\" loading=\"lazy\" decoding=\"async\" width=\"696\" height=\"464\" src=\"https:\/\/i0.wp.com\/piracicaba.sp.gov.br\/wp-content\/uploads\/2024\/05\/Gerente-regional-do-Ministerio-do-Trabalho-e-Emprego-em-Piracicaba-Gabriela-Mendonca-de-Albuquerque-1024x682.jpg?resize=696%2C464&#038;ssl=1\" alt=\"\" class=\"wp-image-78639\" srcset=\"https:\/\/piracicaba.sp.gov.br\/wp-content\/uploads\/2024\/05\/Gerente-regional-do-Ministerio-do-Trabalho-e-Emprego-em-Piracicaba-Gabriela-Mendonca-de-Albuquerque-1024x682.jpg 1024w, https:\/\/piracicaba.sp.gov.br\/wp-content\/uploads\/2024\/05\/Gerente-regional-do-Ministerio-do-Trabalho-e-Emprego-em-Piracicaba-Gabriela-Mendonca-de-Albuquerque-300x200.jpg 300w, https:\/\/piracicaba.sp.gov.br\/wp-content\/uploads\/2024\/05\/Gerente-regional-do-Ministerio-do-Trabalho-e-Emprego-em-Piracicaba-Gabriela-Mendonca-de-Albuquerque-768x512.jpg 768w, https:\/\/piracicaba.sp.gov.br\/wp-content\/uploads\/2024\/05\/Gerente-regional-do-Ministerio-do-Trabalho-e-Emprego-em-Piracicaba-Gabriela-Mendonca-de-Albuquerque-1536x1024.jpg 1536w, https:\/\/piracicaba.sp.gov.br\/wp-content\/uploads\/2024\/05\/Gerente-regional-do-Ministerio-do-Trabalho-e-Emprego-em-Piracicaba-Gabriela-Mendonca-de-Albuquerque.jpg 2000w\" sizes=\"auto, (max-width: 1024px) 100vw, 1024px\"\/><figcaption class=\"wp-element-caption\"><strong><em><sub>Gerente regional do Minist\u00e9rio do Trabalho e Emprego em Piracicaba, Gabriela Mendon\u00e7a de Albuquerque<\/sub><\/em><\/strong><\/figcaption><\/figure>\n<p><strong>FEIRA EMPREGABILIDADE \u2013 <\/strong>A 1\u00aa Feira de Empregabilidade para Aprendiz acontece amanh\u00e3, 08\/05, na Acipi (Associa\u00e7\u00e3o Comercial e Industrial de Piracicaba), entre 9h e 12h, localizada na Rua Prudente de Moraes, 463, no Centro. Durante o evento, as empresas parceiras v\u00e3o oferecer 80 vagas de aprendizes, al\u00e9m de cadastrar os candidatos no banco de talentos. O evento \u00e9 aberto ao p\u00fablico.<\/p>\n<\/div>\n<p><br \/>\n<br \/><a href=\"https:\/\/piracicaba.sp.gov.br\/noticias\/semdettur-palestra-sobre-cota-de-aprendizagem-profissional-reune-30-empresas\/\" rel=\"noopener\">Informa\u00e7\u00f5es PMP <\/a><\/p>\n","protected":false},"excerpt":{"rendered":"<p>Representantes de 30 empresas participaram na manh\u00e3 de hoje, 07\/05, da palestra realizada pela Prefeitura de Piracicaba, por meio da Secretaria de Desenvolvimento Econ\u00f4mico, Trabalho e Turismo (Semdettur), sobre a cota de aprendizagem profissional. O evento antecede e prepara para a Feira da Empregabilidade do Aprendiz, que acontece amanh\u00e3, 08\/05, na Acipi (Associa\u00e7\u00e3o Comercial e [&hellip;]<\/p>\n","protected":false},"author":1,"featured_media":4141,"comment_status":"open","ping_status":"open","sticky":false,"template":"","format":"standard","meta":{"_jetpack_newsletter_access":"","_jetpack_dont_email_post_to_subs":false,"_jetpack_newsletter_tier_id":0,"_jetpack_memberships_contains_paywalled_content":false,"_mbp_banners":[],"_jetpack_feature_clip_id":0,"_jetpack_memberships_contains_paid_content":false,"footnotes":"","jetpack_publicize_message":"","jetpack_publicize_feature_enabled":true,"jetpack_social_post_already_shared":true,"jetpack_social_options":{"image_generator_settings":{"template":"highway","default_image_id":0,"font":"","enabled":false},"version":2},"jetpack_post_was_ever_published":false},"categories":[20],"tags":[],"class_list":["post-4140","post","type-post","status-publish","format-standard","has-post-thumbnail","category-regiao"],"jetpack_publicize_connections":[],"jetpack-related-posts":[],"jetpack_shortlink":"https:\/\/wp.me\/p7Eq1F-14M","jetpack_sharing_enabled":true,"jetpack_featured_media_url":"https:\/\/i0.wp.com\/guialimeira.com.br\/news\/wp-content\/uploads\/2024\/05\/Semdettur-realizou-palestra-gratuita-sobre-Aprendizagem-Profissional-no-auditorio-do-Simespi-1024x682.jpg?fit=1024%2C682&ssl=1","_links":{"self":[{"href":"https:\/\/guialimeira.com.br\/news\/wp-json\/wp\/v2\/posts\/4140","targetHints":{"allow":["GET"]}}],"collection":[{"href":"https:\/\/guialimeira.com.br\/news\/wp-json\/wp\/v2\/posts"}],"about":[{"href":"https:\/\/guialimeira.com.br\/news\/wp-json\/wp\/v2\/types\/post"}],"author":[{"embeddable":true,"href":"https:\/\/guialimeira.com.br\/news\/wp-json\/wp\/v2\/users\/1"}],"replies":[{"embeddable":true,"href":"https:\/\/guialimeira.com.br\/news\/wp-json\/wp\/v2\/comments?post=4140"}],"version-history":[{"count":0,"href":"https:\/\/guialimeira.com.br\/news\/wp-json\/wp\/v2\/posts\/4140\/revisions"}],"wp:featuredmedia":[{"embeddable":true,"href":"https:\/\/guialimeira.com.br\/news\/wp-json\/wp\/v2\/media\/4141"}],"wp:attachment":[{"href":"https:\/\/guialimeira.com.br\/news\/wp-json\/wp\/v2\/media?parent=4140"}],"wp:term":[{"taxonomy":"category","embeddable":true,"href":"https:\/\/guialimeira.com.br\/news\/wp-json\/wp\/v2\/categories?post=4140"},{"taxonomy":"post_tag","embeddable":true,"href":"https:\/\/guialimeira.com.br\/news\/wp-json\/wp\/v2\/tags?post=4140"}],"curies":[{"name":"wp","href":"https:\/\/api.w.org\/{rel}","templated":true}]}}