{"id":4134,"date":"2024-05-07T22:08:49","date_gmt":"2024-05-08T01:08:49","guid":{"rendered":"https:\/\/guialimeira.com.br\/2024\/05\/07\/conselho-suspende-por-30-dias-regime-de-recuperacao-fiscal-do-rs\/"},"modified":"2024-05-07T22:08:49","modified_gmt":"2024-05-08T01:08:49","slug":"conselho-suspende-por-30-dias-regime-de-recuperacao-fiscal-do-rs","status":"publish","type":"post","link":"https:\/\/guialimeira.com.br\/news\/conselho-suspende-por-30-dias-regime-de-recuperacao-fiscal-do-rs\/","title":{"rendered":"Conselho suspende por 30 dias regime de recupera\u00e7\u00e3o fiscal do RS"},"content":{"rendered":"<p> <br \/>\n<\/p>\n<div>\n<p>Em plano de recupera\u00e7\u00e3o fiscal desde 2022, o Rio Grande do Sul deixar\u00e1 de cumprir as exig\u00eancias do plano por 30 dias, decidiu nesta ter\u00e7a-feira (7) o Conselho de Supervis\u00e3o do Regime de Recupera\u00e7\u00e3o Fiscal do estado. Segundo o Minist\u00e9rio da Fazenda, a decis\u00e3o poder\u00e1 ser prorrogada, caso seja necess\u00e1rio.<img data-recalc-dims=\"1\" decoding=\"async\" src=\"https:\/\/i0.wp.com\/agenciabrasil.ebc.com.br\/ebc.png?w=696&#038;ssl=1\" style=\"width:1px; height:1px; display:inline;\"\/><img data-recalc-dims=\"1\" decoding=\"async\" src=\"https:\/\/i0.wp.com\/agenciabrasil.ebc.com.br\/ebc.gif?w=696&#038;ssl=1\" style=\"width:1px; height:1px; display:inline;\"\/><\/p>\n<p>A decis\u00e3o foi tomada por unanimidade, por causa do estado de calamidade p\u00fablica decretado em 336 munic\u00edpios. Fechado em junho de 2022, o <a href=\"https:\/\/agenciabrasil.ebc.com.br\/economia\/noticia\/2022-06\/plano-de-recuperacao-fiscal-do-rio-grande-do-sul-e-homologado\" target=\"_blank\" rel=\"noopener\">acordo do regime de recupera\u00e7\u00e3o fiscal<\/a> imp\u00f4s uma s\u00e9rie de condi\u00e7\u00f5es para que o estado refinanciasse a d\u00edvida com a Uni\u00e3o em troca de medidas de ajuste fiscal, como reformas para reduzir os gastos locais e desestatiza\u00e7\u00f5es.<\/p>\n<p>Antes de as enchentes atingirem o estado, o governador Eduardo Leite estava renegociando o regime de recupera\u00e7\u00e3o fiscal com o Minist\u00e9rio da Fazenda.<\/p>\n<p>Al\u00e9m da suspens\u00e3o do plano de recupera\u00e7\u00e3o, o governo federal pretende interromper, ainda nesta semana, o pagamento das d\u00edvidas do governo ga\u00facho com a Uni\u00e3o at\u00e9 o fim do ano. Mais cedo, o senador Paulo Paim (PT-RS) disse que conversou sobre o assunto com o ministro Fernando Haddad.<\/p>\n<p>&#8220;\u00c9 uma d\u00edvida que chega em torno de R$ 92 bilh\u00f5es. \u00c9 uma d\u00edvida impag\u00e1vel [&#8230;] N\u00f3s n\u00e3o pagaremos um centavo nesse per\u00edodo [at\u00e9 dezembro], por decis\u00e3o e grandeza do presidente Lula e grandeza do Brasil, que entendeu que n\u00e3o tem como n\u00f3s pagarmos um percentual de juros e corre\u00e7\u00e3o de uma d\u00edvida de R$ 92 bilh\u00f5es com o povo morrendo&#8221;, declarou Paim.<\/p>\n<h2>Procuradoria da Fazenda<\/h2>\n<p>Tamb\u00e9m nesta ter\u00e7a-feira, a Procuradoria-Geral da Fazenda Nacional (PGFN) suspendeu, por 90 dias, a cobran\u00e7a de d\u00edvidas e de a\u00e7\u00f5es executivas para os devedores residentes nos munic\u00edpios atingidos. O vencimento das d\u00edvidas em abril, maio e junho foi postergado para julho, agosto e setembro.<\/p>\n<p>A medida \u00e9 semelhante \u00e0 <a href=\"https:\/\/agenciabrasil.ebc.com.br\/economia\/noticia\/2024-05\/bc-suspende-medidas-contra-devedores-do-rio-grande-do-sul-por-90-dias\" target=\"_blank\" rel=\"noopener\">suspens\u00e3o da cobran\u00e7a de d\u00edvidas <\/a>pelo Banco Central. A autarquia deixar\u00e1 de incluir na d\u00edvida ativa ou emitir certid\u00f5es de protesto para pessoas f\u00edsicas residentes e empresas com sede no estado.<\/p>\n<\/p><\/div>\n<p><br \/>\n<br \/><a href=\"https:\/\/agenciabrasil.ebc.com.br\/economia\/noticia\/2024-05\/conselho-suspende-por-30-dias-regime-de-recuperacao-fiscal-do-rs\" rel=\"noopener\">Ag\u00eancia Brasil<\/a><\/p>\n","protected":false},"excerpt":{"rendered":"<p>Em plano de recupera\u00e7\u00e3o fiscal desde 2022, o Rio Grande do Sul deixar\u00e1 de cumprir as exig\u00eancias do plano por 30 dias, decidiu nesta ter\u00e7a-feira (7) o Conselho de Supervis\u00e3o do Regime de Recupera\u00e7\u00e3o Fiscal do estado. Segundo o Minist\u00e9rio da Fazenda, a decis\u00e3o poder\u00e1 ser prorrogada, caso seja necess\u00e1rio. A decis\u00e3o foi tomada por [&hellip;]<\/p>\n","protected":false},"author":1,"featured_media":4135,"comment_status":"open","ping_status":"open","sticky":false,"template":"","format":"standard","meta":{"_jetpack_newsletter_access":"","_jetpack_dont_email_post_to_subs":false,"_jetpack_newsletter_tier_id":0,"_jetpack_memberships_contains_paywalled_content":false,"_mbp_banners":[],"_jetpack_feature_clip_id":0,"_jetpack_memberships_contains_paid_content":false,"footnotes":"","jetpack_publicize_message":"","jetpack_publicize_feature_enabled":true,"jetpack_social_post_already_shared":true,"jetpack_social_options":{"image_generator_settings":{"template":"highway","default_image_id":0,"font":"","enabled":false},"version":2},"jetpack_post_was_ever_published":false},"categories":[24],"tags":[],"class_list":["post-4134","post","type-post","status-publish","format-standard","has-post-thumbnail","category-economia"],"jetpack_publicize_connections":[],"jetpack-related-posts":[],"jetpack_shortlink":"https:\/\/wp.me\/p7Eq1F-14G","jetpack_sharing_enabled":true,"jetpack_featured_media_url":"https:\/\/i0.wp.com\/guialimeira.com.br\/news\/wp-content\/uploads\/2024\/05\/53704834427_aba20ea2bb_o.jpg?fit=1600%2C800&ssl=1","_links":{"self":[{"href":"https:\/\/guialimeira.com.br\/news\/wp-json\/wp\/v2\/posts\/4134","targetHints":{"allow":["GET"]}}],"collection":[{"href":"https:\/\/guialimeira.com.br\/news\/wp-json\/wp\/v2\/posts"}],"about":[{"href":"https:\/\/guialimeira.com.br\/news\/wp-json\/wp\/v2\/types\/post"}],"author":[{"embeddable":true,"href":"https:\/\/guialimeira.com.br\/news\/wp-json\/wp\/v2\/users\/1"}],"replies":[{"embeddable":true,"href":"https:\/\/guialimeira.com.br\/news\/wp-json\/wp\/v2\/comments?post=4134"}],"version-history":[{"count":0,"href":"https:\/\/guialimeira.com.br\/news\/wp-json\/wp\/v2\/posts\/4134\/revisions"}],"wp:featuredmedia":[{"embeddable":true,"href":"https:\/\/guialimeira.com.br\/news\/wp-json\/wp\/v2\/media\/4135"}],"wp:attachment":[{"href":"https:\/\/guialimeira.com.br\/news\/wp-json\/wp\/v2\/media?parent=4134"}],"wp:term":[{"taxonomy":"category","embeddable":true,"href":"https:\/\/guialimeira.com.br\/news\/wp-json\/wp\/v2\/categories?post=4134"},{"taxonomy":"post_tag","embeddable":true,"href":"https:\/\/guialimeira.com.br\/news\/wp-json\/wp\/v2\/tags?post=4134"}],"curies":[{"name":"wp","href":"https:\/\/api.w.org\/{rel}","templated":true}]}}