{"id":4131,"date":"2024-05-07T21:47:45","date_gmt":"2024-05-08T00:47:45","guid":{"rendered":"https:\/\/guialimeira.com.br\/2024\/05\/07\/estrutura-para-a-39a-festa-das-nacoes-comeca-a-ser-montada-no-engenho-central-portal-do-municipio-de-piracicaba\/"},"modified":"2024-05-07T21:47:45","modified_gmt":"2024-05-08T00:47:45","slug":"estrutura-para-a-39a-festa-das-nacoes-comeca-a-ser-montada-no-engenho-central-portal-do-municipio-de-piracicaba","status":"publish","type":"post","link":"https:\/\/guialimeira.com.br\/news\/estrutura-para-a-39a-festa-das-nacoes-comeca-a-ser-montada-no-engenho-central-portal-do-municipio-de-piracicaba\/","title":{"rendered":"Estrutura para a 39\u00aa Festa das Na\u00e7\u00f5es come\u00e7a a ser montada no Engenho Central \u2013 Portal do Munic\u00edpio de Piracicaba"},"content":{"rendered":"<p> <br \/>\n<\/p>\n<div>\n<figure class=\"wp-block-image size-large\"><img data-recalc-dims=\"1\" fetchpriority=\"high\" decoding=\"async\" width=\"696\" height=\"522\" src=\"https:\/\/i0.wp.com\/piracicaba.sp.gov.br\/wp-content\/uploads\/2024\/05\/Palco-da-39a-Festa-das-Nacoes-ja-comecou-a-ganhar-forma-1024x768.jpg?resize=696%2C522&#038;ssl=1\" alt=\"\" class=\"wp-image-78630\" srcset=\"https:\/\/piracicaba.sp.gov.br\/wp-content\/uploads\/2024\/05\/Palco-da-39a-Festa-das-Nacoes-ja-comecou-a-ganhar-forma-1024x768.jpg 1024w, https:\/\/piracicaba.sp.gov.br\/wp-content\/uploads\/2024\/05\/Palco-da-39a-Festa-das-Nacoes-ja-comecou-a-ganhar-forma-300x225.jpg 300w, https:\/\/piracicaba.sp.gov.br\/wp-content\/uploads\/2024\/05\/Palco-da-39a-Festa-das-Nacoes-ja-comecou-a-ganhar-forma-768x576.jpg 768w, https:\/\/piracicaba.sp.gov.br\/wp-content\/uploads\/2024\/05\/Palco-da-39a-Festa-das-Nacoes-ja-comecou-a-ganhar-forma-1536x1152.jpg 1536w, https:\/\/piracicaba.sp.gov.br\/wp-content\/uploads\/2024\/05\/Palco-da-39a-Festa-das-Nacoes-ja-comecou-a-ganhar-forma.jpg 2000w\" sizes=\"(max-width: 1024px) 100vw, 1024px\"\/><figcaption class=\"wp-element-caption\"><strong><em><sub>Palco da 39\u00aa Festa das Na\u00e7\u00f5es j\u00e1 come\u00e7ou a ganhar forma<\/sub><\/em><\/strong><\/figcaption><\/figure>\n<p>J\u00e1 iniciando os preparativos para a 39\u00aa edi\u00e7\u00e3o da Festa das Na\u00e7\u00f5es de Piracicaba, toda as estruturas de restaurantes, palco, tendas e \u00e1reas comuns j\u00e1 est\u00e3o sendo montadas no Engenho Central. A festa, que acontece de 15 a 19 de maio, \u00e9 realizada pela Associa\u00e7\u00e3o Cultural Festa das Na\u00e7\u00f5es (Fenapi), promovida pela Prefeitura de Piracicaba, por meio do Fundo Social de Solidariedade de Piracicaba (Fussp), com organiza\u00e7\u00e3o da Secretaria Municipal de Governo, e apresentada pelo Minist\u00e9rio da Cultura e pela Tools Digital Services.<\/p>\n<p>De acordo com Fabio Sanches, presidente da Fenapi, toda a estrutura \u00e9 montada em espa\u00e7o de aproximadamente 60 mil metros quadrados no Engenho Central. \u201cEstamos executando a montagem de toda a infraestrutura e estruturas das cozinhas e tamb\u00e9m fazendo adequa\u00e7\u00f5es que envolvem a parte hidr\u00e1ulica, como liga\u00e7\u00e3o de \u00e1gua pot\u00e1vel e escoamento; a parte el\u00e9trica, para funcionamento de equipamentos e ilumina\u00e7\u00e3o; montagem de tendas; pisos e fechamentos; palco e estruturas de apoio\u201d, explicou.<\/p>\n<p>Sanches ainda contou que neste ano haver\u00e1, de forma in\u00e9dita, o Espa\u00e7o Fam\u00edlia, um trailler com seis cabines de sanit\u00e1rios. \u201cFizemos uma parceria in\u00e9dita, entre a Festa e a Unimed Piracicaba, para oferecer o Espa\u00e7o Fam\u00edlia, um local especialmente e exclusivamente destinado para uso de crian\u00e7as, PCDs, gestantes e idosos, com monitoramento durante todo o evento\u201d, acrescentou. Tamb\u00e9m ser\u00e3o instalados 120 sanit\u00e1rios qu\u00edmicos.<\/p>\n<figure class=\"wp-block-image size-large\"><img data-recalc-dims=\"1\" loading=\"lazy\" decoding=\"async\" width=\"696\" height=\"522\" src=\"https:\/\/i0.wp.com\/piracicaba.sp.gov.br\/wp-content\/uploads\/2024\/05\/Equipes-estao-montando-a-Grande-Tenda-1024x768.jpg?resize=696%2C522&#038;ssl=1\" alt=\"\" class=\"wp-image-78627\" srcset=\"https:\/\/piracicaba.sp.gov.br\/wp-content\/uploads\/2024\/05\/Equipes-estao-montando-a-Grande-Tenda-1024x768.jpg 1024w, https:\/\/piracicaba.sp.gov.br\/wp-content\/uploads\/2024\/05\/Equipes-estao-montando-a-Grande-Tenda-300x225.jpg 300w, https:\/\/piracicaba.sp.gov.br\/wp-content\/uploads\/2024\/05\/Equipes-estao-montando-a-Grande-Tenda-768x576.jpg 768w, https:\/\/piracicaba.sp.gov.br\/wp-content\/uploads\/2024\/05\/Equipes-estao-montando-a-Grande-Tenda-1536x1152.jpg 1536w, https:\/\/piracicaba.sp.gov.br\/wp-content\/uploads\/2024\/05\/Equipes-estao-montando-a-Grande-Tenda.jpg 2016w\" sizes=\"auto, (max-width: 1024px) 100vw, 1024px\"\/><figcaption class=\"wp-element-caption\"><em><strong><sub>Equipes est\u00e3o montando a Grande Tenda<\/sub><\/strong><\/em><\/figcaption><\/figure>\n<p>A Grande Tenda, que fica localizada em frente ao palco e \u00e9 destinada para alimenta\u00e7\u00e3o dos visitantes da festa, j\u00e1 est\u00e1 tomando forma nesta semana, assim como as tr\u00eas bilheterias que ser\u00e3o alocadas dentro do Engenho Central.<\/p>\n<p>Neste ano, a festa ter\u00e1 restaurantes de 17 na\u00e7\u00f5es, sendo: \u00c1frica do Sul, Alemanha, \u00c1ustria, Brasil, Congo, Coreia do Sul, Espanha, Estados Unidos, Holanda, It\u00e1lia, Jap\u00e3o, M\u00e9xico, Mo\u00e7ambique, Na\u00e7\u00f5es \u00c1rabes, Portugal, Reino Unido e Su\u00ed\u00e7a. Toda a renda da 39\u00aa Festa das Na\u00e7\u00f5es ser\u00e1 revertida em prol de 19 institui\u00e7\u00f5es sociais de Piracicaba, que representam as 17 na\u00e7\u00f5es.<\/p>\n<figure class=\"wp-block-image size-large\"><img data-recalc-dims=\"1\" loading=\"lazy\" decoding=\"async\" width=\"696\" height=\"482\" src=\"https:\/\/i0.wp.com\/piracicaba.sp.gov.br\/wp-content\/uploads\/2024\/05\/Neste-ano-a-festa-tera-restaurantes-de-17-nacoes-1024x709.jpg?resize=696%2C482&#038;ssl=1\" alt=\"\" class=\"wp-image-78629\" srcset=\"https:\/\/piracicaba.sp.gov.br\/wp-content\/uploads\/2024\/05\/Neste-ano-a-festa-tera-restaurantes-de-17-nacoes-1024x709.jpg 1024w, https:\/\/piracicaba.sp.gov.br\/wp-content\/uploads\/2024\/05\/Neste-ano-a-festa-tera-restaurantes-de-17-nacoes-300x208.jpg 300w, https:\/\/piracicaba.sp.gov.br\/wp-content\/uploads\/2024\/05\/Neste-ano-a-festa-tera-restaurantes-de-17-nacoes-768x532.jpg 768w, https:\/\/piracicaba.sp.gov.br\/wp-content\/uploads\/2024\/05\/Neste-ano-a-festa-tera-restaurantes-de-17-nacoes-1536x1064.jpg 1536w, https:\/\/piracicaba.sp.gov.br\/wp-content\/uploads\/2024\/05\/Neste-ano-a-festa-tera-restaurantes-de-17-nacoes.jpg 2000w\" sizes=\"auto, (max-width: 1024px) 100vw, 1024px\"\/><figcaption class=\"wp-element-caption\"><strong><em><sub>Neste ano, a festa ter\u00e1 restaurantes de 17 na\u00e7\u00f5es<\/sub><\/em><\/strong><\/figcaption><\/figure>\n<p><strong>IMPRENSA \u2013<\/strong>\u00a0Pelo segundo ano consecutivo, a Festa das Na\u00e7\u00f5es ter\u00e1 um espa\u00e7o dedicado \u00e0 imprensa, para recep\u00e7\u00e3o e apoio dos ve\u00edculos de comunica\u00e7\u00e3o, que, todos os anos, comparece ao evento para coberturas e entrevistas.<\/p>\n<p>Localizado no recinto da festa, ao lado do palco principal, a \u00e1rea de Apoio \u00e0 Imprensa do Centro de Comunica\u00e7\u00e3o Social (CCS), da Prefeitura de Piracicaba, ficar\u00e1 dispon\u00edvel para auxiliar as equipes de jornalismo durante os cinco dias de Festa das Na\u00e7\u00f5es.<\/p>\n<p>\u201cComo a Festa das Na\u00e7\u00f5es \u00e9 a festa da solidariedade precisamos do maior apoio poss\u00edvel na divulga\u00e7\u00e3o e parceria com os ve\u00edculos de comunica\u00e7\u00e3o de Piracicaba e da regi\u00e3o. Deste nosso espa\u00e7o, as equipes t\u00eam a possibilidade de produ\u00e7\u00e3o de conte\u00fado, estruturas t\u00e9cnicas \u00e0 disposi\u00e7\u00e3o e fazerem a ampla divulga\u00e7\u00e3o do evento. A imprensa tem um papel fundamental para o sucesso de mais esta edi\u00e7\u00e3o e merece ser acolhida da melhor maneira poss\u00edvel\u201d, destacou o diretor do CCS, Thiago Marquezin.<\/p>\n<figure class=\"wp-block-image size-large\"><img data-recalc-dims=\"1\" loading=\"lazy\" decoding=\"async\" width=\"696\" height=\"464\" src=\"https:\/\/i0.wp.com\/piracicaba.sp.gov.br\/wp-content\/uploads\/2024\/05\/Espaco-de-Apoio-a-Imprensa-na-Festa-das-Nacoes-de-2023-foi-inedito-e-sera-continuado-nesta-edicao-1024x682.jpg?resize=696%2C464&#038;ssl=1\" alt=\"\" class=\"wp-image-78628\" srcset=\"https:\/\/piracicaba.sp.gov.br\/wp-content\/uploads\/2024\/05\/Espaco-de-Apoio-a-Imprensa-na-Festa-das-Nacoes-de-2023-foi-inedito-e-sera-continuado-nesta-edicao-1024x682.jpg 1024w, https:\/\/piracicaba.sp.gov.br\/wp-content\/uploads\/2024\/05\/Espaco-de-Apoio-a-Imprensa-na-Festa-das-Nacoes-de-2023-foi-inedito-e-sera-continuado-nesta-edicao-300x200.jpg 300w, https:\/\/piracicaba.sp.gov.br\/wp-content\/uploads\/2024\/05\/Espaco-de-Apoio-a-Imprensa-na-Festa-das-Nacoes-de-2023-foi-inedito-e-sera-continuado-nesta-edicao-768x512.jpg 768w, https:\/\/piracicaba.sp.gov.br\/wp-content\/uploads\/2024\/05\/Espaco-de-Apoio-a-Imprensa-na-Festa-das-Nacoes-de-2023-foi-inedito-e-sera-continuado-nesta-edicao-1536x1024.jpg 1536w, https:\/\/piracicaba.sp.gov.br\/wp-content\/uploads\/2024\/05\/Espaco-de-Apoio-a-Imprensa-na-Festa-das-Nacoes-de-2023-foi-inedito-e-sera-continuado-nesta-edicao.jpg 2000w\" sizes=\"auto, (max-width: 1024px) 100vw, 1024px\"\/><figcaption class=\"wp-element-caption\"><strong><em><sub>Espa\u00e7o de Apoio \u00e0 Imprensa na Festa das Na\u00e7\u00f5es de 2023 foi in\u00e9dito e ser\u00e1 continuado nesta edi\u00e7\u00e3o<\/sub><\/em><\/strong><\/figcaption><\/figure>\n<p><strong>PATROC\u00cdNIO \u2013\u00a0<\/strong>Por meio da Lei de Incentivo \u00e0 Cultura (Lei Rouanet), a 39\u00aa Festa das Na\u00e7\u00f5es de Piracicaba \u00e9 apresentada pelo Minist\u00e9rio da Cultura e pela Tools Digital Services. Os patrocinadores desta edi\u00e7\u00e3o s\u00e3o Tools Digital Services, Caterpillar e Hyundai (Ouro); Drogal, Grupo Pirasa, Pecege e Unimed Piracicaba (Prata); e Arcelor Mittal, CJ Brasil, Embraplan, Essencial, Paques e Unimil (Bronze). Apoio: Andritz, Doowon, Glovis, Hwashin, Hyundai Mobis, Hyundai Steel, Hyundai Transys, Myoung Shin Brasil, Seoyon E-hwa, S.H. e Shopping Piracicaba. A cerveja oficial \u00e9 Germ\u00e2nia.<\/p>\n<figure class=\"wp-block-image size-large\"><img data-recalc-dims=\"1\" loading=\"lazy\" decoding=\"async\" width=\"696\" height=\"522\" src=\"https:\/\/i0.wp.com\/piracicaba.sp.gov.br\/wp-content\/uploads\/2024\/05\/Todas-as-estruturas-de-restaurantes-estao-sendo-montadas-para-a-festa-1024x768.jpg?resize=696%2C522&#038;ssl=1\" alt=\"\" class=\"wp-image-78631\" srcset=\"https:\/\/piracicaba.sp.gov.br\/wp-content\/uploads\/2024\/05\/Todas-as-estruturas-de-restaurantes-estao-sendo-montadas-para-a-festa-1024x768.jpg 1024w, https:\/\/piracicaba.sp.gov.br\/wp-content\/uploads\/2024\/05\/Todas-as-estruturas-de-restaurantes-estao-sendo-montadas-para-a-festa-300x225.jpg 300w, https:\/\/piracicaba.sp.gov.br\/wp-content\/uploads\/2024\/05\/Todas-as-estruturas-de-restaurantes-estao-sendo-montadas-para-a-festa-768x576.jpg 768w, https:\/\/piracicaba.sp.gov.br\/wp-content\/uploads\/2024\/05\/Todas-as-estruturas-de-restaurantes-estao-sendo-montadas-para-a-festa-1536x1152.jpg 1536w, https:\/\/piracicaba.sp.gov.br\/wp-content\/uploads\/2024\/05\/Todas-as-estruturas-de-restaurantes-estao-sendo-montadas-para-a-festa.jpg 2000w\" sizes=\"auto, (max-width: 1024px) 100vw, 1024px\"\/><figcaption class=\"wp-element-caption\"><strong><em><sub>Todas as estruturas de restaurantes est\u00e3o sendo montadas para a festa<\/sub><\/em><\/strong><\/figcaption><\/figure>\n<p><a\/><strong>INGRESSOS E HOR\u00c1RIOS \u2013\u00a0<\/strong>A venda antecipada de ingressos j\u00e1 est\u00e1 liberada, aos valores de R$ 16 (inteira) e R$ 8 (meia-entrada). Para adquirir, basta entrar no site oficial da festa (<a href=\"https:\/\/festadasnacoes.org.br\/\" target=\"_blank\" rel=\"noreferrer noopener\"><u>https:\/\/festadasnacoes.org.br\/<\/u><\/a>), clicar no bot\u00e3o Ingresso e escolher os dias. Ser\u00e3o aceitos pagamentos com cart\u00e3o de cr\u00e9dito e pix.<\/p>\n<p>Informa\u00e7\u00f5es sobre gratuidade e meia-entrada, assim como os termos para a entrada de menores de idade est\u00e3o dispon\u00edveis no site, no bot\u00e3o Acesso \u00e0 Festa. A entrada de menores de 16 anos s\u00f3 ser\u00e1 poss\u00edvel na companhia de um adulto ou respons\u00e1vel e com o preenchimento da declara\u00e7\u00e3o necess\u00e1ria, dispon\u00edvel, tamb\u00e9m, no bot\u00e3o Acesso \u00e0 Festa.<\/p>\n<p>Na quarta, quinta e sexta, dias 15, 16 e 17, a festa come\u00e7a \u00e0s 19h, Na quarta se encerra \u00e0 meia-noite, na quinta, \u00e0 1h, e na sexta, \u00e0s 2h. No s\u00e1bado, 18, come\u00e7a \u00e0s 11h e termina \u00e0s 2h, e no domingo, 19, come\u00e7a \u00e0s 11h e termina \u00e0s 18h.<\/p>\n<p><a\/><strong>SERVI\u00c7O \u2013\u00a0<\/strong>39\u00aa Festa das Na\u00e7\u00f5es de Piracicaba, apresentada pelo Minist\u00e9rio da Cultura e pela Tools Digital Services. De 15 a 19 de maio, no Engenho Central, avenida Maurice Allain, 454.<br \/>Site:\u00a0<a href=\"http:\/\/www.xn--festadasnaes-tdb0r.org.br\/\" target=\"_blank\" rel=\"noreferrer noopener\"><u>www.festadasna\u00e7\u00f5es.org.br<\/u><\/a>. Facebook: festadasnacoesdepiracicaba. Instagram: festadasnacoesdepiracicaba.<\/p>\n<\/div>\n<p><br \/>\n<br \/><a href=\"https:\/\/piracicaba.sp.gov.br\/noticias\/estrutura-para-a-39a-festa-das-nacoes-comeca-a-ser-montada-no-engenho-central\/\" rel=\"noopener\">Informa\u00e7\u00f5es PMP <\/a><\/p>\n","protected":false},"excerpt":{"rendered":"<p>Palco da 39\u00aa Festa das Na\u00e7\u00f5es j\u00e1 come\u00e7ou a ganhar forma J\u00e1 iniciando os preparativos para a 39\u00aa edi\u00e7\u00e3o da Festa das Na\u00e7\u00f5es de Piracicaba, toda as estruturas de restaurantes, palco, tendas e \u00e1reas comuns j\u00e1 est\u00e3o sendo montadas no Engenho Central. A festa, que acontece de 15 a 19 de maio, \u00e9 realizada pela [&hellip;]<\/p>\n","protected":false},"author":1,"featured_media":4132,"comment_status":"open","ping_status":"open","sticky":false,"template":"","format":"standard","meta":{"_jetpack_newsletter_access":"","_jetpack_dont_email_post_to_subs":false,"_jetpack_newsletter_tier_id":0,"_jetpack_memberships_contains_paywalled_content":false,"_mbp_banners":[],"_jetpack_feature_clip_id":0,"_jetpack_memberships_contains_paid_content":false,"footnotes":"","jetpack_publicize_message":"","jetpack_publicize_feature_enabled":true,"jetpack_social_post_already_shared":true,"jetpack_social_options":{"image_generator_settings":{"template":"highway","default_image_id":0,"font":"","enabled":false},"version":2},"jetpack_post_was_ever_published":false},"categories":[20],"tags":[],"class_list":["post-4131","post","type-post","status-publish","format-standard","has-post-thumbnail","category-regiao"],"jetpack_publicize_connections":[],"jetpack-related-posts":[],"jetpack_shortlink":"https:\/\/wp.me\/p7Eq1F-14D","jetpack_sharing_enabled":true,"jetpack_featured_media_url":"https:\/\/i0.wp.com\/guialimeira.com.br\/news\/wp-content\/uploads\/2024\/05\/Palco-da-39a-Festa-das-Nacoes-ja-comecou-a-ganhar-forma-1024x768.jpg?fit=1024%2C768&ssl=1","_links":{"self":[{"href":"https:\/\/guialimeira.com.br\/news\/wp-json\/wp\/v2\/posts\/4131","targetHints":{"allow":["GET"]}}],"collection":[{"href":"https:\/\/guialimeira.com.br\/news\/wp-json\/wp\/v2\/posts"}],"about":[{"href":"https:\/\/guialimeira.com.br\/news\/wp-json\/wp\/v2\/types\/post"}],"author":[{"embeddable":true,"href":"https:\/\/guialimeira.com.br\/news\/wp-json\/wp\/v2\/users\/1"}],"replies":[{"embeddable":true,"href":"https:\/\/guialimeira.com.br\/news\/wp-json\/wp\/v2\/comments?post=4131"}],"version-history":[{"count":0,"href":"https:\/\/guialimeira.com.br\/news\/wp-json\/wp\/v2\/posts\/4131\/revisions"}],"wp:featuredmedia":[{"embeddable":true,"href":"https:\/\/guialimeira.com.br\/news\/wp-json\/wp\/v2\/media\/4132"}],"wp:attachment":[{"href":"https:\/\/guialimeira.com.br\/news\/wp-json\/wp\/v2\/media?parent=4131"}],"wp:term":[{"taxonomy":"category","embeddable":true,"href":"https:\/\/guialimeira.com.br\/news\/wp-json\/wp\/v2\/categories?post=4131"},{"taxonomy":"post_tag","embeddable":true,"href":"https:\/\/guialimeira.com.br\/news\/wp-json\/wp\/v2\/tags?post=4131"}],"curies":[{"name":"wp","href":"https:\/\/api.w.org\/{rel}","templated":true}]}}