{"id":413,"date":"2024-03-29T20:57:51","date_gmt":"2024-03-29T23:57:51","guid":{"rendered":"https:\/\/guialimeira.com.br\/2024\/03\/29\/procon-finaliza-operacao-pascoa-estabelecimentos-estavam-em-conformidade-com-o-cdc-portal-do-municipio-de-piracicaba\/"},"modified":"2024-03-29T20:57:51","modified_gmt":"2024-03-29T23:57:51","slug":"procon-finaliza-operacao-pascoa-estabelecimentos-estavam-em-conformidade-com-o-cdc-portal-do-municipio-de-piracicaba","status":"publish","type":"post","link":"https:\/\/guialimeira.com.br\/news\/procon-finaliza-operacao-pascoa-estabelecimentos-estavam-em-conformidade-com-o-cdc-portal-do-municipio-de-piracicaba\/","title":{"rendered":"Procon\u00a0finaliza\u00a0Opera\u00e7\u00e3o P\u00e1scoa;\u00a0estabelecimentos estavam em conformidade com o CDC \u2013 Portal do Munic\u00edpio de Piracicaba"},"content":{"rendered":"<p> <br \/>\n<\/p>\n<div>\n<figure class=\"wp-block-image size-large\"><img data-recalc-dims=\"1\" fetchpriority=\"high\" decoding=\"async\" width=\"696\" height=\"464\" src=\"https:\/\/i0.wp.com\/piracicaba.sp.gov.br\/wp-content\/uploads\/2024\/03\/Os-ovos-de-pascoa-estavam-entre-os-produtos-fiscalizados-pelos-agentes-do-Procon-1024x682.jpg?resize=696%2C464&#038;ssl=1\" alt=\"Ovos de p\u00e1scoa em diversas cores expostos em estabelecimento.\" class=\"wp-image-75954\" srcset=\"https:\/\/piracicaba.sp.gov.br\/wp-content\/uploads\/2024\/03\/Os-ovos-de-pascoa-estavam-entre-os-produtos-fiscalizados-pelos-agentes-do-Procon-1024x682.jpg 1024w, https:\/\/piracicaba.sp.gov.br\/wp-content\/uploads\/2024\/03\/Os-ovos-de-pascoa-estavam-entre-os-produtos-fiscalizados-pelos-agentes-do-Procon-300x200.jpg 300w, https:\/\/piracicaba.sp.gov.br\/wp-content\/uploads\/2024\/03\/Os-ovos-de-pascoa-estavam-entre-os-produtos-fiscalizados-pelos-agentes-do-Procon-768x512.jpg 768w, https:\/\/piracicaba.sp.gov.br\/wp-content\/uploads\/2024\/03\/Os-ovos-de-pascoa-estavam-entre-os-produtos-fiscalizados-pelos-agentes-do-Procon-1536x1024.jpg 1536w, https:\/\/piracicaba.sp.gov.br\/wp-content\/uploads\/2024\/03\/Os-ovos-de-pascoa-estavam-entre-os-produtos-fiscalizados-pelos-agentes-do-Procon.jpg 2000w\" sizes=\"(max-width: 1024px) 100vw, 1024px\"\/><figcaption class=\"wp-element-caption\"><strong><sup>Os ovos de p\u00e1scoa estavam entre os produtos fiscalizados pelos agentes do Procon<\/sup><\/strong><\/figcaption><\/figure>\n<p>A Prefeitura, por meio do Procon Piracicaba, encerrou hoje, 28\/03, a Opera\u00e7\u00e3o P\u00e1scoa, iniciada em 18\/03. Foram fiscalizados 23 estabelecimentos, abrangendo os bairros S\u00e3o Dimas, Vila Rezende, S\u00e3o Judas, Vila Industrial, Nossa Senhora de F\u00e1tima, Terras de Piracicaba, Bairro Alto, Centro, Are\u00e3o, Bongue, Santa Terezinha, Paulic\u00e9ia e Morumbi. N\u00e3o foram encontradas irregularidades.<\/p>\n<p>A opera\u00e7\u00e3o visou fiscalizar estabelecimentos que comercializam produtos relacionados a essa data festiva, como ovos de chocolate, colomba pascal, caixas de bombom, produtos de peixaria, entre outros.<\/p>\n<p>A inten\u00e7\u00e3o com a opera\u00e7\u00e3o foi verificar se os estabelecimentos estavam seguindo as normas dispostas no CDC (C\u00f3digo de Prote\u00e7\u00e3o e Defesa do Consumidor), ou seja, se os produtos expostos aos consumidores asseguravam as informa\u00e7\u00f5es corretas e precisas sobre suas caracter\u00edsticas, quantidade, pre\u00e7o, prazo de validade entre outros dados e, ainda, sobre os riscos que apresentam \u00e0 sa\u00fade e seguran\u00e7a dos consumidores.<\/p>\n<figure class=\"wp-block-image size-large\"><img data-recalc-dims=\"1\" loading=\"lazy\" decoding=\"async\" width=\"696\" height=\"464\" src=\"https:\/\/i0.wp.com\/piracicaba.sp.gov.br\/wp-content\/uploads\/2024\/03\/A-operacao-fiscalizou-estabelecimentos-que-comercializam-produtos-relacionados-a-Pascoa-1024x682.jpg?resize=696%2C464&#038;ssl=1\" alt=\"Quatro ovos de p\u00e1scoa embalados em papel nas cores vermelho e branco.\" class=\"wp-image-75955\" srcset=\"https:\/\/piracicaba.sp.gov.br\/wp-content\/uploads\/2024\/03\/A-operacao-fiscalizou-estabelecimentos-que-comercializam-produtos-relacionados-a-Pascoa-1024x682.jpg 1024w, https:\/\/piracicaba.sp.gov.br\/wp-content\/uploads\/2024\/03\/A-operacao-fiscalizou-estabelecimentos-que-comercializam-produtos-relacionados-a-Pascoa-300x200.jpg 300w, https:\/\/piracicaba.sp.gov.br\/wp-content\/uploads\/2024\/03\/A-operacao-fiscalizou-estabelecimentos-que-comercializam-produtos-relacionados-a-Pascoa-768x512.jpg 768w, https:\/\/piracicaba.sp.gov.br\/wp-content\/uploads\/2024\/03\/A-operacao-fiscalizou-estabelecimentos-que-comercializam-produtos-relacionados-a-Pascoa-1536x1024.jpg 1536w, https:\/\/piracicaba.sp.gov.br\/wp-content\/uploads\/2024\/03\/A-operacao-fiscalizou-estabelecimentos-que-comercializam-produtos-relacionados-a-Pascoa.jpg 2000w\" sizes=\"auto, (max-width: 1024px) 100vw, 1024px\"\/><figcaption class=\"wp-element-caption\"><strong><sup>A opera\u00e7\u00e3o fiscalizou estabelecimentos que comercializam produtos relacionados a P\u00e1scoa<\/sup><\/strong><\/figcaption><\/figure>\n<p><strong>SERVI\u00c7O\u00a0<\/strong>\u2013 O Procon Piracicaba realiza atendimento presencial mediante agendamento pr\u00e9vio pelo telefone 151, de segunda a sexta-feira, das 8h30 \u00e0s 16h30. Pelo telefone 151, s\u00e3o prestadas informa\u00e7\u00f5es de quais documentos s\u00e3o necess\u00e1rios para viabilizar o atendimento presencial. O Procon est\u00e1 localizado no T\u00e9rreo 2, do Centro C\u00edvico da Prefeitura.<\/p>\n<\/div>\n<p><br \/>\n<br \/><a href=\"https:\/\/piracicaba.sp.gov.br\/noticias\/procon-finaliza-operacao-pascoa-estabelecimentos-estavam-em-conformidade-com-o-cdc\/\" rel=\"noopener\">Informa\u00e7\u00f5es PMP <\/a><\/p>\n","protected":false},"excerpt":{"rendered":"<p>Os ovos de p\u00e1scoa estavam entre os produtos fiscalizados pelos agentes do Procon A Prefeitura, por meio do Procon Piracicaba, encerrou hoje, 28\/03, a Opera\u00e7\u00e3o P\u00e1scoa, iniciada em 18\/03. Foram fiscalizados 23 estabelecimentos, abrangendo os bairros S\u00e3o Dimas, Vila Rezende, S\u00e3o Judas, Vila Industrial, Nossa Senhora de F\u00e1tima, Terras de Piracicaba, Bairro Alto, Centro, Are\u00e3o, [&hellip;]<\/p>\n","protected":false},"author":1,"featured_media":414,"comment_status":"open","ping_status":"open","sticky":false,"template":"","format":"standard","meta":{"_jetpack_newsletter_access":"","_jetpack_dont_email_post_to_subs":false,"_jetpack_newsletter_tier_id":0,"_jetpack_memberships_contains_paywalled_content":false,"_mbp_banners":[],"_jetpack_feature_clip_id":0,"_jetpack_memberships_contains_paid_content":false,"footnotes":"","jetpack_publicize_message":"","jetpack_publicize_feature_enabled":true,"jetpack_social_post_already_shared":true,"jetpack_social_options":{"image_generator_settings":{"template":"highway","default_image_id":0,"font":"","enabled":false},"version":2},"jetpack_post_was_ever_published":false},"categories":[20],"tags":[],"class_list":["post-413","post","type-post","status-publish","format-standard","has-post-thumbnail","category-regiao"],"jetpack_publicize_connections":[],"jetpack-related-posts":[],"jetpack_shortlink":"https:\/\/wp.me\/p7Eq1F-6F","jetpack_sharing_enabled":true,"jetpack_featured_media_url":"https:\/\/i0.wp.com\/guialimeira.com.br\/news\/wp-content\/uploads\/2024\/03\/Os-ovos-de-pascoa-estavam-entre-os-produtos-fiscalizados-pelos-agentes-do-Procon-1024x682.jpg?fit=1024%2C682&ssl=1","_links":{"self":[{"href":"https:\/\/guialimeira.com.br\/news\/wp-json\/wp\/v2\/posts\/413","targetHints":{"allow":["GET"]}}],"collection":[{"href":"https:\/\/guialimeira.com.br\/news\/wp-json\/wp\/v2\/posts"}],"about":[{"href":"https:\/\/guialimeira.com.br\/news\/wp-json\/wp\/v2\/types\/post"}],"author":[{"embeddable":true,"href":"https:\/\/guialimeira.com.br\/news\/wp-json\/wp\/v2\/users\/1"}],"replies":[{"embeddable":true,"href":"https:\/\/guialimeira.com.br\/news\/wp-json\/wp\/v2\/comments?post=413"}],"version-history":[{"count":0,"href":"https:\/\/guialimeira.com.br\/news\/wp-json\/wp\/v2\/posts\/413\/revisions"}],"wp:featuredmedia":[{"embeddable":true,"href":"https:\/\/guialimeira.com.br\/news\/wp-json\/wp\/v2\/media\/414"}],"wp:attachment":[{"href":"https:\/\/guialimeira.com.br\/news\/wp-json\/wp\/v2\/media?parent=413"}],"wp:term":[{"taxonomy":"category","embeddable":true,"href":"https:\/\/guialimeira.com.br\/news\/wp-json\/wp\/v2\/categories?post=413"},{"taxonomy":"post_tag","embeddable":true,"href":"https:\/\/guialimeira.com.br\/news\/wp-json\/wp\/v2\/tags?post=413"}],"curies":[{"name":"wp","href":"https:\/\/api.w.org\/{rel}","templated":true}]}}