{"id":4129,"date":"2024-05-07T21:27:44","date_gmt":"2024-05-08T00:27:44","guid":{"rendered":"https:\/\/guialimeira.com.br\/2024\/05\/07\/artistas-limeirenses-participam-do-21o-territorio-da-arte-de-araraquara-professor-da-prefeitura-esta-presente\/"},"modified":"2024-05-07T21:27:44","modified_gmt":"2024-05-08T00:27:44","slug":"artistas-limeirenses-participam-do-21o-territorio-da-arte-de-araraquara-professor-da-prefeitura-esta-presente","status":"publish","type":"post","link":"https:\/\/guialimeira.com.br\/news\/artistas-limeirenses-participam-do-21o-territorio-da-arte-de-araraquara-professor-da-prefeitura-esta-presente\/","title":{"rendered":"Artistas limeirenses participam do 21\u00ba Territ\u00f3rio da Arte de Araraquara; professor da Prefeitura est\u00e1 presente"},"content":{"rendered":"<p> <br \/>\n<\/p>\n<div>\n            <main class=\"\">&#13;<br \/>\n                &#13;<br \/>\n&#13;<br \/>\n&#13;<br \/>\n&#13;<br \/>\n    <img data-recalc-dims=\"1\" decoding=\"async\" src=\"https:\/\/i0.wp.com\/ecrie.com.br\/sistema\/conteudos\/imagem\/m_137_0_1_07052024143301.jpeg?w=696&#038;ssl=1\" alt=\"Artistas limeirenses participam do 21\u00ba Territ\u00f3rio da Arte de Araraquara; professor da Prefeitura est\u00e1 presente\"\/>&#13;<br \/>\n&#13;<\/p>\n<p style=\"text-align: justify;\"><span style=\"font-weight: 400;\">Os artistas limeirenses Gilio Mialichi e Wesler Machado Alma participam do 21\u00ba Territ\u00f3rio da Arte de Araraquara, que tem in\u00edcio nesta quarta-feira (8), tendo como tema \u201cCada instante \u00e9 sempre\u201d. O evento acontece no Teatro Municipal, \u00e0s 19h30. Mialichi atua como professor de artes pl\u00e1sticas dentro da Prefeitura de Limeira, por meio da Secretaria de Cultura.<\/span><\/p>\n<p>&#13;<\/p>\n<p style=\"text-align: justify;\"><span style=\"font-weight: 400;\">A exposi\u00e7\u00e3o traz obras de 83 artistas, abordando a mem\u00f3ria, um dos suportes da identidade cultural, sendo um mecanismo de reten\u00e7\u00e3o de informa\u00e7\u00e3o, conhecimentos e viv\u00eancias. A curadoria \u00e9 de Rita Michelutti, respons\u00e1vel pelo projeto do livro \u201cPaulo Mascia &#8211; Araraquara, a cidade e sua gente\u201d.<\/span><\/p>\n<p>&#13;<\/p>\n<p style=\"text-align: justify;\"><span style=\"font-weight: 400;\">A obra de Mialichi, nomeada de \u201cPintura Desabitada\u201d, foi criada atrav\u00e9s de coleta feita nas ruas de Araraquara, gerando um livro de artista e uma pintura experimental, que prop\u00f5em interatividade com o p\u00fablico.<\/span><\/p>\n<p>&#13;<\/p>\n<p style=\"text-align: justify;\"><span style=\"font-weight: 400;\">J\u00e1 o artista Wesler Machado Alma exp\u00f5e uma obra representando sua s\u00e9rie \u201cEsquinas que me dobram\u201d, realizada atrav\u00e9s da utiliza\u00e7\u00e3o de chapa galvanizada, lata, tinta l\u00e1tex, madeira e parafuso.<\/span><\/p>\n<p>&#13;<\/p>\n<p style=\"text-align: justify;\"><span style=\"font-weight: 400;\">O Teatro Municipal de Araraquara fica na Av. Bento de Abreu, s\/n\u00ba &#8211; Pra\u00e7a L\u00edvio Abramo, Jardim Primavera.<\/span><\/p>\n<p>&#13;<\/p>\n<p style=\"text-align: justify;\">\u00a0<\/p>\n<p>&#13;<br \/>\n&#13;<br \/>\n&#13;<br \/>\n&#13;<\/p>\n<aside class=\"list-related no-print\">&#13;<br \/>\n        &#13;<br \/>\n&#13;<\/p>\n<article class=\"list-item noticias \">&#13;<br \/>\n                    <a class=\"list-item__img\" href=\"https:\/\/limeira.sp.gov.br\/imprensa\/noticias\/cultura\/espetaculo-gratuito-a-divina-farsa-acontece-nesta-quinta-9\" tabindex=\"-1\" aria-hidden=\"true\" rel=\"noopener\">&#13;<br \/>\n                        <img data-recalc-dims=\"1\" decoding=\"async\" src=\"https:\/\/i0.wp.com\/ecrie.com.br\/sistema\/conteudos\/imagem\/m_137_0_1_07052024140254.png?w=696&#038;ssl=1\" alt=\"Espet\u00e1culo gratuito \u201cA Divina Farsa\u201d acontece nesta quinta (9)\"\/>&#13;<br \/>\n                    <\/a>&#13;<br \/>\n&#13;<br \/>\n                &#13;<br \/>\n            <\/article>\n<p>&#13;<\/p>\n<article class=\"list-item noticias \">&#13;<br \/>\n                    <a class=\"list-item__img\" href=\"https:\/\/limeira.sp.gov.br\/imprensa\/noticias\/cultura\/evento-de-lancamento-do-livro-a-rua-do-infinito-acontece-nesta-terca-7\" tabindex=\"-1\" aria-hidden=\"true\" rel=\"noopener\">&#13;<br \/>\n                        <img data-recalc-dims=\"1\" decoding=\"async\" src=\"https:\/\/i0.wp.com\/ecrie.com.br\/sistema\/conteudos\/imagem\/m_137_0_1_07052024090949.jpg?w=696&#038;ssl=1\" alt=\"Evento de lan\u00e7amento do livro \u201cA Rua do Infinito\u201d acontece nesta ter\u00e7a (7)\"\/>&#13;<br \/>\n                    <\/a>&#13;<br \/>\n&#13;<br \/>\n                &#13;<br \/>\n            <\/article>\n<p>&#13;<\/p>\n<article class=\"list-item noticias \">&#13;<br \/>\n                    <a class=\"list-item__img\" href=\"https:\/\/limeira.sp.gov.br\/imprensa\/noticias\/cultura\/banca-de-trocas-de-livros-e-gibis-acontece-nesta-quarta-8\" tabindex=\"-1\" aria-hidden=\"true\" rel=\"noopener\">&#13;<br \/>\n                        <img data-recalc-dims=\"1\" decoding=\"async\" src=\"https:\/\/i0.wp.com\/ecrie.com.br\/sistema\/conteudos\/imagem\/m_137_0_1_06052024144956.png?w=696&#038;ssl=1\" alt=\"Banca de Trocas de Livros e Gibis acontece nesta quarta (8)\"\/>&#13;<br \/>\n                    <\/a>&#13;<br \/>\n&#13;<br \/>\n                &#13;<br \/>\n            <\/article>\n<p>&#13;<br \/>\n    <\/aside>\n<p>&#13;<br \/>\n&#13;<br \/>\n            <\/main><\/p><\/div>\n<p><br \/>\n<br \/><a href=\"https:\/\/limeira.sp.gov.br\/artistas-limeirenses-participam-do-21-territorio-da-arte-de-araraquara-professor-da-prefeitura-esta-presente\" rel=\"noopener\">Informa\u00e7\u00f5es da PML <\/a><\/p>\n","protected":false},"excerpt":{"rendered":"<p>&#13; &#13; &#13; &#13; &#13; &#13; &#13; Os artistas limeirenses Gilio Mialichi e Wesler Machado Alma participam do 21\u00ba Territ\u00f3rio da Arte de Araraquara, que tem in\u00edcio nesta quarta-feira (8), tendo como tema \u201cCada instante \u00e9 sempre\u201d. O evento acontece no Teatro Municipal, \u00e0s 19h30. Mialichi atua como professor de artes pl\u00e1sticas dentro da Prefeitura [&hellip;]<\/p>\n","protected":false},"author":1,"featured_media":4130,"comment_status":"open","ping_status":"open","sticky":false,"template":"","format":"standard","meta":{"_jetpack_newsletter_access":"","_jetpack_dont_email_post_to_subs":false,"_jetpack_newsletter_tier_id":0,"_jetpack_memberships_contains_paywalled_content":false,"_mbp_banners":[],"_jetpack_feature_clip_id":0,"_jetpack_memberships_contains_paid_content":false,"footnotes":"","jetpack_publicize_message":"","jetpack_publicize_feature_enabled":true,"jetpack_social_post_already_shared":true,"jetpack_social_options":{"image_generator_settings":{"template":"highway","default_image_id":0,"font":"","enabled":false},"version":2},"jetpack_post_was_ever_published":false},"categories":[16],"tags":[],"class_list":["post-4129","post","type-post","status-publish","format-standard","has-post-thumbnail","category-local"],"jetpack_publicize_connections":[],"jetpack-related-posts":[],"jetpack_shortlink":"https:\/\/wp.me\/p7Eq1F-14B","jetpack_sharing_enabled":true,"jetpack_featured_media_url":"https:\/\/i0.wp.com\/guialimeira.com.br\/news\/wp-content\/uploads\/2024\/05\/m_137_0_1_07052024143301.jpeg?fit=900%2C675&ssl=1","_links":{"self":[{"href":"https:\/\/guialimeira.com.br\/news\/wp-json\/wp\/v2\/posts\/4129","targetHints":{"allow":["GET"]}}],"collection":[{"href":"https:\/\/guialimeira.com.br\/news\/wp-json\/wp\/v2\/posts"}],"about":[{"href":"https:\/\/guialimeira.com.br\/news\/wp-json\/wp\/v2\/types\/post"}],"author":[{"embeddable":true,"href":"https:\/\/guialimeira.com.br\/news\/wp-json\/wp\/v2\/users\/1"}],"replies":[{"embeddable":true,"href":"https:\/\/guialimeira.com.br\/news\/wp-json\/wp\/v2\/comments?post=4129"}],"version-history":[{"count":0,"href":"https:\/\/guialimeira.com.br\/news\/wp-json\/wp\/v2\/posts\/4129\/revisions"}],"wp:featuredmedia":[{"embeddable":true,"href":"https:\/\/guialimeira.com.br\/news\/wp-json\/wp\/v2\/media\/4130"}],"wp:attachment":[{"href":"https:\/\/guialimeira.com.br\/news\/wp-json\/wp\/v2\/media?parent=4129"}],"wp:term":[{"taxonomy":"category","embeddable":true,"href":"https:\/\/guialimeira.com.br\/news\/wp-json\/wp\/v2\/categories?post=4129"},{"taxonomy":"post_tag","embeddable":true,"href":"https:\/\/guialimeira.com.br\/news\/wp-json\/wp\/v2\/tags?post=4129"}],"curies":[{"name":"wp","href":"https:\/\/api.w.org\/{rel}","templated":true}]}}