{"id":41248,"date":"2025-08-14T18:31:42","date_gmt":"2025-08-14T21:31:42","guid":{"rendered":"https:\/\/guialimeira.com.br\/?p=41248"},"modified":"2025-08-14T18:31:42","modified_gmt":"2025-08-14T21:31:42","slug":"conferencia-de-saude-apresenta-propostas-para-fortalecer-atencao-basica-e-otimizar-rede-municipal-prefeitura-municipal-de-cordeiropolis","status":"publish","type":"post","link":"https:\/\/guialimeira.com.br\/news\/conferencia-de-saude-apresenta-propostas-para-fortalecer-atencao-basica-e-otimizar-rede-municipal-prefeitura-municipal-de-cordeiropolis\/","title":{"rendered":"Confer\u00eancia de Sa\u00fade apresenta propostas para fortalecer Aten\u00e7\u00e3o B\u00e1sica e otimizar rede municipal \u2013 Prefeitura Municipal de Cordeir\u00f3polis"},"content":{"rendered":"<p> <br \/>\n<\/p>\n<div>\n<p>Sugest\u00f5es e propostas apresentadas pela popula\u00e7\u00e3o na 12\u00aa Confer\u00eancia Municipal de Sa\u00fade ser\u00e3o incorporadas ao Plano Plurianual (PPA) de Cordeir\u00f3polis para os pr\u00f3ximos quatro anos. A confer\u00eancia foi realizada no final de julho e teve como tema \u201cA import\u00e2ncia da Reorganiza\u00e7\u00e3o da Aten\u00e7\u00e3o B\u00e1sica para garantir o funcionamento adequado de toda Rede de Sa\u00fade\u201d.<\/p>\n<p>O evento reuniu profissionais, gestores e representantes da sociedade civil para debater e apresentar propostas. De acordo com a secret\u00e1ria de Sa\u00fade, Regiane Portes Mendes, al\u00e9m das sugest\u00f5es da confer\u00eancia, formar\u00e3o o PPA as propostas do plano de governo da administra\u00e7\u00e3o Cristina Saad, bem como legisla\u00e7\u00f5es atuais e outras demandas do servi\u00e7o p\u00fablico de sa\u00fade.<\/p>\n<p>Entre as principais sugest\u00f5es apresentadas na Confer\u00eancia est\u00e3o:<\/p>\n<ul>\n<li>Implanta\u00e7\u00e3o de servi\u00e7os de telemedicina e tele-enfermagem, ampliando o acesso, agilizando atendimentos e oferecendo suporte cl\u00ednico remoto para equipes e usu\u00e1rios;<\/li>\n<li>Elabora\u00e7\u00e3o de estudo para viabilizar um centro de imagens no munic\u00edpio, com o objetivo de reduzir deslocamentos e garantir maior autonomia diagn\u00f3stica;<\/li>\n<li>Funcionamento do odontom\u00f3vel em \u00e1reas rurais, levando atendimento odontol\u00f3gico itinerante \u00e0 popula\u00e7\u00e3o que vive distante das unidades de sa\u00fade;<\/li>\n<li>Moderniza\u00e7\u00e3o da infraestrutura f\u00edsica das unidades de sa\u00fade, com reformas, amplia\u00e7\u00f5es e adequa\u00e7\u00f5es que garantam ambientes seguros e acess\u00edveis, incluindo a constru\u00e7\u00e3o de banheiros adaptados;<\/li>\n<li>Fortalecimento da sa\u00fade mental na Aten\u00e7\u00e3o B\u00e1sica, com acolhimento qualificado, atendimento em rede e parcerias com escolas para apoio a estudantes, profissionais da educa\u00e7\u00e3o e fam\u00edlias;<\/li>\n<li>Ado\u00e7\u00e3o de estrat\u00e9gias para reduzir o absente\u00edsmo em consultas, como envio de lembretes, confirma\u00e7\u00f5es pr\u00e9vias e remanejamento de vagas para diminuir o tempo de espera;<\/li>\n<li>Valoriza\u00e7\u00e3o e capacita\u00e7\u00e3o cont\u00ednua das equipes de sa\u00fade da fam\u00edlia e agentes comunit\u00e1rios, assegurando a integralidade e a continuidade do cuidado.<\/li>\n<\/ul>\n<p>Outras ideias tamb\u00e9m tratam do fortalecimento do di\u00e1logo entre a popula\u00e7\u00e3o e a gest\u00e3o e cria\u00e7\u00e3o de conselhos locais; garantia da acessibilidade plena para pessoas com defici\u00eancia; promo\u00e7\u00e3o de campanhas de conscientiza\u00e7\u00e3o; entre outras.<\/p>\n<p>\u201cAs propostas refletem o compromisso do munic\u00edpio com a qualifica\u00e7\u00e3o dos servi\u00e7os e a amplia\u00e7\u00e3o do acesso \u00e0 sa\u00fade, garantindo que a Aten\u00e7\u00e3o B\u00e1sica continue sendo a porta de entrada e a base para o cuidado com a popula\u00e7\u00e3o\u201d, destacou a prefeita Cristina Saad. \u201cO di\u00e1logo com a popula\u00e7\u00e3o \u00e9 fundamental\u201d, enfatizou o vice-prefeito, Anderson Hespanhol Pique.<\/p>\n<figure class=\"wp-block-gallery has-nested-images columns-default is-cropped wp-block-gallery-1 is-layout-flex wp-block-gallery-is-layout-flex\">\n<figure class=\"wp-block-image size-large\"><\/figure>\n<figure class=\"wp-block-image size-large\"><img data-recalc-dims=\"1\" decoding=\"async\" loading=\"lazy\" width=\"696\" height=\"522\" data-id=\"31031\" src=\"https:\/\/i0.wp.com\/guialimeira.com.br\/wp-content\/uploads\/2025\/08\/1755207100_384_Conferencia-de-Saude-apresenta-propostas-para-fortalecer-Atencao-Basica-e.jpg?resize=696%2C522&#038;ssl=1\" alt=\"\" class=\"wp-image-31031\" \/><\/figure>\n<figure class=\"wp-block-image size-large\"><img data-recalc-dims=\"1\" decoding=\"async\" loading=\"lazy\" width=\"696\" height=\"392\" data-id=\"31030\" src=\"https:\/\/i0.wp.com\/guialimeira.com.br\/wp-content\/uploads\/2025\/08\/1755207100_107_Conferencia-de-Saude-apresenta-propostas-para-fortalecer-Atencao-Basica-e.jpg?resize=696%2C392&#038;ssl=1\" alt=\"\" class=\"wp-image-31030\" \/><\/figure>\n<figure class=\"wp-block-image size-large\"><img data-recalc-dims=\"1\" decoding=\"async\" loading=\"lazy\" width=\"696\" height=\"392\" data-id=\"31028\" src=\"https:\/\/i0.wp.com\/guialimeira.com.br\/wp-content\/uploads\/2025\/08\/1755207100_412_Conferencia-de-Saude-apresenta-propostas-para-fortalecer-Atencao-Basica-e.jpg?resize=696%2C392&#038;ssl=1\" alt=\"\" class=\"wp-image-31028\" \/><\/figure>\n<figure class=\"wp-block-image size-large\"><img data-recalc-dims=\"1\" decoding=\"async\" loading=\"lazy\" width=\"696\" height=\"392\" data-id=\"31027\" src=\"https:\/\/i0.wp.com\/guialimeira.com.br\/wp-content\/uploads\/2025\/08\/1755207101_852_Conferencia-de-Saude-apresenta-propostas-para-fortalecer-Atencao-Basica-e.jpg?resize=696%2C392&#038;ssl=1\" alt=\"\" class=\"wp-image-31027\" \/><\/figure>\n<\/figure><\/div>\n<p><br \/>\n<br \/><a href=\"https:\/\/www.cordeiropolis.sp.gov.br\/conferencia-de-saude-apresenta-propostas-para-fortalecer-atencao-basica-e-otimizar-rede-municipal\/\" rel=\"noopener\">Informa\u00e7\u00f5es Cordeir\u00f3polis <\/a><\/p>\n","protected":false},"excerpt":{"rendered":"<p>Sugest\u00f5es e propostas apresentadas pela popula\u00e7\u00e3o na 12\u00aa Confer\u00eancia Municipal de Sa\u00fade ser\u00e3o incorporadas ao Plano Plurianual (PPA) de Cordeir\u00f3polis para os pr\u00f3ximos quatro anos. A confer\u00eancia foi realizada no final de julho e teve como tema \u201cA import\u00e2ncia da Reorganiza\u00e7\u00e3o da Aten\u00e7\u00e3o B\u00e1sica para garantir o funcionamento adequado de toda Rede de Sa\u00fade\u201d. O [&hellip;]<\/p>\n","protected":false},"author":1,"featured_media":41249,"comment_status":"open","ping_status":"open","sticky":false,"template":"","format":"standard","meta":{"_jetpack_newsletter_access":"","_jetpack_dont_email_post_to_subs":false,"_jetpack_newsletter_tier_id":0,"_jetpack_memberships_contains_paywalled_content":false,"_mbp_banners":[],"_jetpack_feature_clip_id":0,"_jetpack_memberships_contains_paid_content":false,"footnotes":"","jetpack_publicize_message":"","jetpack_publicize_feature_enabled":true,"jetpack_social_post_already_shared":true,"jetpack_social_options":{"image_generator_settings":{"template":"highway","default_image_id":0,"font":"","enabled":false},"version":2},"jetpack_post_was_ever_published":false},"categories":[20],"tags":[],"class_list":["post-41248","post","type-post","status-publish","format-standard","has-post-thumbnail","category-regiao"],"jetpack_publicize_connections":[],"jetpack-related-posts":[],"jetpack_shortlink":"https:\/\/wp.me\/p7Eq1F-aJi","jetpack_sharing_enabled":true,"jetpack_featured_media_url":"https:\/\/i0.wp.com\/guialimeira.com.br\/news\/wp-content\/uploads\/2025\/08\/Conferencia-de-Saude-apresenta-propostas-para-fortalecer-Atencao-Basica-e.jpg?fit=1024%2C768&ssl=1","_links":{"self":[{"href":"https:\/\/guialimeira.com.br\/news\/wp-json\/wp\/v2\/posts\/41248","targetHints":{"allow":["GET"]}}],"collection":[{"href":"https:\/\/guialimeira.com.br\/news\/wp-json\/wp\/v2\/posts"}],"about":[{"href":"https:\/\/guialimeira.com.br\/news\/wp-json\/wp\/v2\/types\/post"}],"author":[{"embeddable":true,"href":"https:\/\/guialimeira.com.br\/news\/wp-json\/wp\/v2\/users\/1"}],"replies":[{"embeddable":true,"href":"https:\/\/guialimeira.com.br\/news\/wp-json\/wp\/v2\/comments?post=41248"}],"version-history":[{"count":1,"href":"https:\/\/guialimeira.com.br\/news\/wp-json\/wp\/v2\/posts\/41248\/revisions"}],"predecessor-version":[{"id":41250,"href":"https:\/\/guialimeira.com.br\/news\/wp-json\/wp\/v2\/posts\/41248\/revisions\/41250"}],"wp:featuredmedia":[{"embeddable":true,"href":"https:\/\/guialimeira.com.br\/news\/wp-json\/wp\/v2\/media\/41249"}],"wp:attachment":[{"href":"https:\/\/guialimeira.com.br\/news\/wp-json\/wp\/v2\/media?parent=41248"}],"wp:term":[{"taxonomy":"category","embeddable":true,"href":"https:\/\/guialimeira.com.br\/news\/wp-json\/wp\/v2\/categories?post=41248"},{"taxonomy":"post_tag","embeddable":true,"href":"https:\/\/guialimeira.com.br\/news\/wp-json\/wp\/v2\/tags?post=41248"}],"curies":[{"name":"wp","href":"https:\/\/api.w.org\/{rel}","templated":true}]}}