{"id":4123,"date":"2024-05-07T21:07:51","date_gmt":"2024-05-08T00:07:51","guid":{"rendered":"https:\/\/guialimeira.com.br\/2024\/05\/07\/brasil-vai-importar-arroz-para-evitar-especulacao-de-precos\/"},"modified":"2024-05-07T21:07:51","modified_gmt":"2024-05-08T00:07:51","slug":"brasil-vai-importar-arroz-para-evitar-especulacao-de-precos","status":"publish","type":"post","link":"https:\/\/guialimeira.com.br\/news\/brasil-vai-importar-arroz-para-evitar-especulacao-de-precos\/","title":{"rendered":"Brasil vai importar arroz para evitar especula\u00e7\u00e3o de pre\u00e7os"},"content":{"rendered":"<p> <br \/>\n<\/p>\n<div>\n<p>Para evitar uma poss\u00edvel escalada no pre\u00e7o arroz, a Companhia Nacional de Abastecimento (Conab) vai comprar o produto j\u00e1 industrializado e empacotado no mercado internacional. A informa\u00e7\u00e3o foi dada nesta ter\u00e7a-feira (7) pelo ministro da Agricultura e Pecu\u00e1ria, Carlos F\u00e1varo. Trata-se de um dos efeitos das <a href=\"https:\/\/agenciabrasil.ebc.com.br\/politica\/noticia\/2024-05\/senado-aprova-decreto-que-reconhece-calamidade-no-rio-grande-do-sul\" target=\"_blank\" rel=\"noopener\">enchentes no Rio Grande do Sul<\/a>, estado respons\u00e1vel por 70% da produ\u00e7\u00e3o nacional de arroz.<img data-recalc-dims=\"1\" decoding=\"async\" src=\"https:\/\/i0.wp.com\/agenciabrasil.ebc.com.br\/ebc.png?w=696&#038;ssl=1\" style=\"width:1px; height:1px; display:inline;\"\/><img data-recalc-dims=\"1\" decoding=\"async\" src=\"https:\/\/i0.wp.com\/agenciabrasil.ebc.com.br\/ebc.gif?w=696&#038;ssl=1\" style=\"width:1px; height:1px; display:inline;\"\/><\/p>\n<p>De acordo com o ministro, perdas na lavoura, em armaz\u00e9ns alagados e, principalmente, a dificuldade log\u00edstica para escoar o produto, com rodovias interditadas, poderia criar uma situa\u00e7\u00e3o de desabastecimento, elevando os pre\u00e7os no com\u00e9rcio. \u00a0 \u00a0<\/p>\n<p>&#8220;O problema \u00e9 que teremos perdas\u00a0do que ainda est\u00e1 na lavoura, e algumas coisas que j\u00e1 est\u00e3o nos armaz\u00e9ns, nos silos, que est\u00e3o alagados. Al\u00e9m disso, a grande dificuldade \u00e9 a infraestrutura log\u00edstica de tirar do Rio Grande do Sul, neste momento, e levar para os centros consumidores&#8221;, explicou. Os recursos para a compra p\u00fablica de estoques de arroz empacotado ser\u00e3o\u00a0viabilizados por meio da abertura de cr\u00e9dito extraordin\u00e1rio.<\/p>\n<p>&#8220;Uma das medidas j\u00e1 est\u00e1 sendo preparada, uma medida provis\u00f3ria autorizando a Conab a fazer compras, na ordem de 1 milh\u00e3o de toneladas, mas n\u00e3o \u00e9 concorrer. A Conab n\u00e3o vai importar arroz e vender aos atacadistas, que s\u00e3o compradores dos produtos do agricultor. O primeiro momento \u00e9 evitar desabastecimento, evitar especula\u00e7\u00e3o&#8221;, acrescentou o ministro. A MP depende da aprova\u00e7\u00e3o, pelo Congresso Nacional, de um decreto legislativo que reconhece a calamidade p\u00fablica no Rio Grande do Sul e, com isso, suspende os limites fiscais impostos pela legisla\u00e7\u00e3o para a amplia\u00e7\u00e3o do or\u00e7amento. O decreto, j\u00e1 foi <a href=\"https:\/\/agenciabrasil.ebc.com.br\/politica\/noticia\/2024-05\/camara-aprova-decreto-que-reconhece-calamidade-no-rio-grande-do-sul\" target=\"_blank\" rel=\"noopener\">aprovado na C\u00e2mara dos Deputados<\/a>, deve ser votado\u00a0ainda nesta ter\u00e7a pelo Senado.<\/p>\n<p>Na primeira etapa, o leil\u00e3o de compra da Conab, uma empresa p\u00fablica federal, ser\u00e1 para 200 mil toneladas de arroz, que devem ser importados dos pa\u00edses vizinhos do Mercosul, como Argentina, Uruguai e Paraguai, e eventualmente da Bol\u00edvia. &#8220;Se a gente for r\u00e1pido na importa\u00e7\u00e3o, a gente mant\u00e9m [o pre\u00e7o] est\u00e1vel&#8221;, garantiu. O restante, at\u00e9 totalizar 1 milh\u00e3o de toneladas, ser\u00e1 importando conforme a avalia\u00e7\u00e3o de mercado. Essa cota ainda poder\u00e1 ser elevada, se for necess\u00e1rio, assegurou o ministro.<\/p>\n<p>F\u00e1varo explicou que a Conab s\u00f3 dever\u00e1 revender o produto no mercado interno diretamente para pequenos mercados, nas periferias das cidades, especialmente nas regi\u00f5es Norte e Nordeste, para n\u00e3o afetar a rela\u00e7\u00e3o dos produtores de arroz brasileiros com os atacadistas, que s\u00e3o seus principais clientes. Mais cedo, em entrevista \u00e0 <strong>Empresa Brasil de Comunica\u00e7\u00e3o<\/strong> (<strong>EBC<\/strong>), o presidente Luiz In\u00e1cio Lula da Silva havia antecipado a informa\u00e7\u00e3o de que o pa\u00eds poderia ter que <a href=\"https:\/\/agenciabrasil.ebc.com.br\/politica\/noticia\/2024-05\/lula-com-enchentes-no-rs-brasil-pode-ter-que-importar-arroz-e-feijao\" target=\"_blank\" rel=\"noopener\">importar arroz e feij\u00e3o<\/a>. No entanto, segundo o ministro F\u00e1varo, apenas a importa\u00e7\u00e3o de arroz ser\u00e1 necess\u00e1ria.<\/p>\n<p>O Brasil produz cerca de 10,5 milh\u00f5es de toneladas de arroz, sendo que entre 7 e 8 milh\u00f5es v\u00eam de produtores ga\u00fachos. O consumo interno anual, de 12 milh\u00f5es de toneladas, supera a produ\u00e7\u00e3o nacional, e o pa\u00eds j\u00e1 costuma importar o gr\u00e3o\u00a0todos os anos.<\/p>\n<h2>Prorroga\u00e7\u00e3o de d\u00edvidas<\/h2>\n<p>O ministro Carlos F\u00e1varo tamb\u00e9m informou ter se reunido, mais cedo, com representantes da Federa\u00e7\u00e3o da Agricultura do Rio Grande do Sul e 123 sindicatos rurais para avaliar as demandas do setor frente ao desastre causado pelas chuvas no estado. O titular da pasta da Agricultura adiantou que, a pedido dos produtores, o governo dever\u00e1 analisar o pedido de \u00a0prorroga\u00e7\u00e3o imediata,\u00a0por 90 dias, de todos os d\u00e9bitos do setor.<\/p>\n<p>A prorroga\u00e7\u00e3o \u00e9 do pagamento de parcelas de empr\u00e9stimos e opera\u00e7\u00f5es financeiras de custeio e investimentos, contratadas pelos produtores. A medida precisa de aprova\u00e7\u00e3o do Conselho Monet\u00e1rio Nacional (CMN), formado pelos minist\u00e9rios da Fazenda, do Planejamento e pelo Banco Central. O \u00f3rg\u00e3o dever\u00e1 realizar uma reuni\u00e3o extraordin\u00e1ria nos pr\u00f3ximos dias para encaminhar o pleito dos produtores ga\u00fachos. \u00a0<\/p>\n<\/p><\/div>\n<p><br \/>\n<br \/><a href=\"https:\/\/agenciabrasil.ebc.com.br\/economia\/noticia\/2024-05\/brasil-vai-importar-arroz-para-evitar-especulacao-de-precos\" rel=\"noopener\">Ag\u00eancia Brasil<\/a><\/p>\n","protected":false},"excerpt":{"rendered":"<p>Para evitar uma poss\u00edvel escalada no pre\u00e7o arroz, a Companhia Nacional de Abastecimento (Conab) vai comprar o produto j\u00e1 industrializado e empacotado no mercado internacional. A informa\u00e7\u00e3o foi dada nesta ter\u00e7a-feira (7) pelo ministro da Agricultura e Pecu\u00e1ria, Carlos F\u00e1varo. Trata-se de um dos efeitos das enchentes no Rio Grande do Sul, estado respons\u00e1vel por [&hellip;]<\/p>\n","protected":false},"author":1,"featured_media":4124,"comment_status":"open","ping_status":"open","sticky":false,"template":"","format":"standard","meta":{"_jetpack_newsletter_access":"","_jetpack_dont_email_post_to_subs":false,"_jetpack_newsletter_tier_id":0,"_jetpack_memberships_contains_paywalled_content":false,"_mbp_banners":[],"_jetpack_feature_clip_id":0,"_jetpack_memberships_contains_paid_content":false,"footnotes":"","jetpack_publicize_message":"","jetpack_publicize_feature_enabled":true,"jetpack_social_post_already_shared":true,"jetpack_social_options":{"image_generator_settings":{"template":"highway","default_image_id":0,"font":"","enabled":false},"version":2},"jetpack_post_was_ever_published":false},"categories":[24],"tags":[],"class_list":["post-4123","post","type-post","status-publish","format-standard","has-post-thumbnail","category-economia"],"jetpack_publicize_connections":[],"jetpack-related-posts":[],"jetpack_shortlink":"https:\/\/wp.me\/p7Eq1F-14v","jetpack_sharing_enabled":true,"jetpack_featured_media_url":"https:\/\/i0.wp.com\/guialimeira.com.br\/news\/wp-content\/uploads\/2024\/05\/arroz_1009201524.jpg?fit=1600%2C800&ssl=1","_links":{"self":[{"href":"https:\/\/guialimeira.com.br\/news\/wp-json\/wp\/v2\/posts\/4123","targetHints":{"allow":["GET"]}}],"collection":[{"href":"https:\/\/guialimeira.com.br\/news\/wp-json\/wp\/v2\/posts"}],"about":[{"href":"https:\/\/guialimeira.com.br\/news\/wp-json\/wp\/v2\/types\/post"}],"author":[{"embeddable":true,"href":"https:\/\/guialimeira.com.br\/news\/wp-json\/wp\/v2\/users\/1"}],"replies":[{"embeddable":true,"href":"https:\/\/guialimeira.com.br\/news\/wp-json\/wp\/v2\/comments?post=4123"}],"version-history":[{"count":0,"href":"https:\/\/guialimeira.com.br\/news\/wp-json\/wp\/v2\/posts\/4123\/revisions"}],"wp:featuredmedia":[{"embeddable":true,"href":"https:\/\/guialimeira.com.br\/news\/wp-json\/wp\/v2\/media\/4124"}],"wp:attachment":[{"href":"https:\/\/guialimeira.com.br\/news\/wp-json\/wp\/v2\/media?parent=4123"}],"wp:term":[{"taxonomy":"category","embeddable":true,"href":"https:\/\/guialimeira.com.br\/news\/wp-json\/wp\/v2\/categories?post=4123"},{"taxonomy":"post_tag","embeddable":true,"href":"https:\/\/guialimeira.com.br\/news\/wp-json\/wp\/v2\/tags?post=4123"}],"curies":[{"name":"wp","href":"https:\/\/api.w.org\/{rel}","templated":true}]}}