{"id":4120,"date":"2024-05-07T20:46:43","date_gmt":"2024-05-07T23:46:43","guid":{"rendered":"https:\/\/guialimeira.com.br\/2024\/05\/07\/inscricoes-abrem-amanha-08-05-para-segunda-edicao-do-roteiro-em-2024-portal-do-municipio-de-piracicaba\/"},"modified":"2024-05-07T20:46:43","modified_gmt":"2024-05-07T23:46:43","slug":"inscricoes-abrem-amanha-08-05-para-segunda-edicao-do-roteiro-em-2024-portal-do-municipio-de-piracicaba","status":"publish","type":"post","link":"https:\/\/guialimeira.com.br\/news\/inscricoes-abrem-amanha-08-05-para-segunda-edicao-do-roteiro-em-2024-portal-do-municipio-de-piracicaba\/","title":{"rendered":"inscri\u00e7\u00f5es abrem amanh\u00e3, 08\/05, para segunda edi\u00e7\u00e3o do roteiro em 2024 \u2013 Portal do Munic\u00edpio de Piracicaba"},"content":{"rendered":"<p> <br \/>\n<\/p>\n<div>\n<p>A segunda edi\u00e7\u00e3o do roteiro noturno Saudade e suas\u00a0Vozes em 2024 acontece na pr\u00f3xima sexta-feira, 10\/05, \u00e0s 19h30, no Cemit\u00e9rio da Saudade.\u00a0No\u00a0passeio,\u00a0que \u00e9\u00a0gratuito, os participantes\u00a0poder\u00e3o\u00a0conhecer lendas urbanas e hist\u00f3rias de personalidades de Piracicaba. Os interessados podem fazer a inscri\u00e7\u00e3o a partir das 19h de amanh\u00e3,\u00a0quarta-feira, 08\/05,\u00a0pelo link na internet:\u00a0<a href=\"https:\/\/doity.com.br\/piracicaba-saudade-e-suas-vozes\" target=\"_blank\" rel=\"noreferrer noopener\">https:\/\/doity.com.br\/piracicaba-saudade-e-suas-vozes<\/a>. Ao todo, ser\u00e3o abertas 80 vagas para o passeio.<\/p>\n<p>A realiza\u00e7\u00e3o \u00e9 da Prefeitura de Piracicaba, por meio do Departamento de Turismo, vinculado \u00e0 Semdettur (Secretaria Municipal de Desenvolvimento Econ\u00f4mico, Trabalho e Turismo). Com o roteiro, o Cemit\u00e9rio da Saudade est\u00e1 participando pelo segundo ano consecutivo da Semana Nacional de Museus, mobilizada\u00a0pelo Instituto Brasileiro de Museus (Ibram), vinculado ao Minist\u00e9rio da Cultura (Minc).<\/p>\n<p>A condu\u00e7\u00e3o do passeio \u00e9 feita pelo grupo criativo O que Te Assombra, idealizador do projeto. O compositor e contador de hist\u00f3rias Thiago Souza ser\u00e1 o respons\u00e1vel por revelar as lendas aos participantes da caminhada. Al\u00e9m dele, complementam as informa\u00e7\u00f5es os historiadores Paulo Renato Tot Pinto e Maur\u00edcio Beraldo, autores do livro Somos Todos Iguais, lan\u00e7ado em 2022, que compila dados e faz um resgate hist\u00f3rico sobre o Cemit\u00e9rio da Saudade.<\/p>\n<figure class=\"wp-block-image size-large\"><img data-recalc-dims=\"1\" fetchpriority=\"high\" decoding=\"async\" width=\"696\" height=\"464\" src=\"https:\/\/i0.wp.com\/piracicaba.sp.gov.br\/wp-content\/uploads\/2024\/05\/Roteiro-Saudade-e-Suas-Vozes-conta-historias-e-lendas-urbanas-de-Piracicaba-no-Cemiterio-da-Saudade-1024x683.jpg?resize=696%2C464&#038;ssl=1\" alt=\"\" class=\"wp-image-78595\" srcset=\"https:\/\/piracicaba.sp.gov.br\/wp-content\/uploads\/2024\/05\/Roteiro-Saudade-e-Suas-Vozes-conta-historias-e-lendas-urbanas-de-Piracicaba-no-Cemiterio-da-Saudade-1024x683.jpg 1024w, https:\/\/piracicaba.sp.gov.br\/wp-content\/uploads\/2024\/05\/Roteiro-Saudade-e-Suas-Vozes-conta-historias-e-lendas-urbanas-de-Piracicaba-no-Cemiterio-da-Saudade-300x200.jpg 300w, https:\/\/piracicaba.sp.gov.br\/wp-content\/uploads\/2024\/05\/Roteiro-Saudade-e-Suas-Vozes-conta-historias-e-lendas-urbanas-de-Piracicaba-no-Cemiterio-da-Saudade-768x512.jpg 768w, https:\/\/piracicaba.sp.gov.br\/wp-content\/uploads\/2024\/05\/Roteiro-Saudade-e-Suas-Vozes-conta-historias-e-lendas-urbanas-de-Piracicaba-no-Cemiterio-da-Saudade-1536x1024.jpg 1536w, https:\/\/piracicaba.sp.gov.br\/wp-content\/uploads\/2024\/05\/Roteiro-Saudade-e-Suas-Vozes-conta-historias-e-lendas-urbanas-de-Piracicaba-no-Cemiterio-da-Saudade-2048x1365.jpg 2048w\" sizes=\"(max-width: 1024px) 100vw, 1024px\"\/><figcaption class=\"wp-element-caption\"><strong><em><sub>Roteiro Saudade e Suas Vozes conta hist\u00f3rias e lendas urbanas de Piracicaba no Cemit\u00e9rio da Saudade<\/sub><\/em><\/strong><\/figcaption><\/figure>\n<p>Como parte da programa\u00e7\u00e3o da Semana dos Museus,\u00a0de 13 a 19\/05,\u00a0a Associa\u00e7\u00e3o Brasileira de Estudos Cemiteriais\u00a0realizar\u00e1\u00a024 atividades em sete cidades do Brasil, entre elas Piracicaba. A inten\u00e7\u00e3o de inserir os cemit\u00e9rios dentro desse calend\u00e1rio \u00e9 enfatizar o potencial desses locais como espa\u00e7os de conhecimento e cultura.<\/p>\n<p>\u201cIncluir o projeto Saudade e suas\u00a0Vozes na Semana Nacional de Museus refor\u00e7a a import\u00e2ncia do local como espa\u00e7o cultural e art\u00edstico. Al\u00e9m da rica hist\u00f3ria das personalidades que est\u00e3o sepultadas no local h\u00e1, tamb\u00e9m, obras de arte que poderiam estar expostas em museus\u201d, explica a diretora municipal de Turismo, Alessandra Freire.<\/p>\n<p><strong>ROTEIRO NO CEMIT\u00c9RIO<\/strong>\u00a0\u2013 Implantado em janeiro de 1860, o Cemit\u00e9rio da Saudade abriga t\u00famulos de Prudente de Moraes, primeiro presidente civil do Brasil, do padre Galv\u00e3o Paes de Barros, cujo t\u00famulo est\u00e1 inserido na lenda de que, ao ser conduzido para o enterro no cemit\u00e9rio, teria ca\u00eddo no lugar onde est\u00e1 at\u00e9 hoje, porque quando o caix\u00e3o caiu n\u00e3o houve for\u00e7a humana capaz de ergu\u00ea-lo para deslocar a outro local. No Saudade tamb\u00e9m est\u00e3o sepultados o pintor Almeida Junior e o maestro Erotides de Campos, entre outros nomes. As lendas tamb\u00e9m est\u00e3o dispon\u00edveis no canal do projeto no YouTube\u00a0<a href=\"http:\/\/www.youtube.com\/c\/OQUETEASSOMBRA\" target=\"_blank\" rel=\"noreferrer noopener\">www.youtube.com\/c\/OQUETEASSOMBRA<\/a>.<\/p>\n<p>O passeio pelo cemit\u00e9rio \u00e9 realizado no munic\u00edpio desde 2022 com a participa\u00e7\u00e3o de mais de 1.500 pessoas, que tiveram a oportunidade de conhecer as hist\u00f3rias e causos de personalidades da cidade. O roteiro tamb\u00e9m conta com o apoio da Simap (Secretaria de Infraestrutura e Meio Ambiente de Piracicaba).<br \/><strong><br \/>SEMANA DOS MUSEUS<\/strong>\u00a0\u2013 O tema da 22\u00aa Semana Nacional de Museus (SNM) ser\u00e1 Museus, Educa\u00e7\u00e3o e Pesquisa. O mote da temporada de eventos em celebra\u00e7\u00e3o do Dia Internacional dos Museus, cuja data \u00e9 18 de maio, \u00e9 definido anualmente pelo Conselho Internacional de Museus (ICOM). Ap\u00f3s essa defini\u00e7\u00e3o, o Instituto Brasileiro de Museus (Ibram), vinculado ao Minist\u00e9rio da Cultura (Minc), mobiliza os museus brasileiros a se inspirarem para a programa\u00e7\u00e3o dos eventos, a partir da tem\u00e1tica escolhida.<\/p>\n<p><strong>SERVI\u00c7O\u00a0<\/strong>\u2013 Roteiro noturno gratuito Saudade e Suas Vozes. Dia 10\/05, \u00e0s 19h30, no Cemit\u00e9rio da Saudade (avenida Piracicamirim, 2201, Vila Monteiro). As inscri\u00e7\u00f5es iniciam amanh\u00e3, quarta-feira, 08\/05, \u00e0s 19h, pelo site:\u00a0<a href=\"https:\/\/doity.com.br\/piracicaba-saudade-e-suas-vozes\" target=\"_blank\" rel=\"noreferrer noopener\">https:\/\/doity.com.br\/piracicaba-saudade-e-suas-vozes<\/a>. Mais informa\u00e7\u00f5es: (19) 3403-1356. Ser\u00e3o disponibilizadas 80 vagas. Na ocasi\u00e3o, quem desejar pode doar alimentos n\u00e3o perec\u00edveis, que ser\u00e3o encaminhados para o grupo Ajuda do Bem Piracicaba, que realiza a\u00e7\u00f5es sociais na cidade.<\/p>\n<\/div>\n<p><br \/>\n<br \/><a href=\"https:\/\/piracicaba.sp.gov.br\/noticias\/saudade-e-suas-vozes-inscricoes-abrem-amanha-08-05-para-segunda-edicao-do-roteiro-em-2024\/\" rel=\"noopener\">Informa\u00e7\u00f5es PMP <\/a><\/p>\n","protected":false},"excerpt":{"rendered":"<p>A segunda edi\u00e7\u00e3o do roteiro noturno Saudade e suas\u00a0Vozes em 2024 acontece na pr\u00f3xima sexta-feira, 10\/05, \u00e0s 19h30, no Cemit\u00e9rio da Saudade.\u00a0No\u00a0passeio,\u00a0que \u00e9\u00a0gratuito, os participantes\u00a0poder\u00e3o\u00a0conhecer lendas urbanas e hist\u00f3rias de personalidades de Piracicaba. Os interessados podem fazer a inscri\u00e7\u00e3o a partir das 19h de amanh\u00e3,\u00a0quarta-feira, 08\/05,\u00a0pelo link na internet:\u00a0https:\/\/doity.com.br\/piracicaba-saudade-e-suas-vozes. Ao todo, ser\u00e3o abertas 80 vagas [&hellip;]<\/p>\n","protected":false},"author":1,"featured_media":4121,"comment_status":"open","ping_status":"open","sticky":false,"template":"","format":"standard","meta":{"_jetpack_newsletter_access":"","_jetpack_dont_email_post_to_subs":false,"_jetpack_newsletter_tier_id":0,"_jetpack_memberships_contains_paywalled_content":false,"_mbp_banners":[],"_jetpack_feature_clip_id":0,"_jetpack_memberships_contains_paid_content":false,"footnotes":"","jetpack_publicize_message":"","jetpack_publicize_feature_enabled":true,"jetpack_social_post_already_shared":true,"jetpack_social_options":{"image_generator_settings":{"template":"highway","default_image_id":0,"font":"","enabled":false},"version":2},"jetpack_post_was_ever_published":false},"categories":[20],"tags":[],"class_list":["post-4120","post","type-post","status-publish","format-standard","has-post-thumbnail","category-regiao"],"jetpack_publicize_connections":[],"jetpack-related-posts":[],"jetpack_shortlink":"https:\/\/wp.me\/p7Eq1F-14s","jetpack_sharing_enabled":true,"jetpack_featured_media_url":"https:\/\/i0.wp.com\/guialimeira.com.br\/news\/wp-content\/uploads\/2024\/05\/Roteiro-Saudade-e-Suas-Vozes-conta-historias-e-lendas-urbanas-de-Piracicaba-no-Cemiterio-da-Saudade-1024x683.jpg?fit=1024%2C683&ssl=1","_links":{"self":[{"href":"https:\/\/guialimeira.com.br\/news\/wp-json\/wp\/v2\/posts\/4120","targetHints":{"allow":["GET"]}}],"collection":[{"href":"https:\/\/guialimeira.com.br\/news\/wp-json\/wp\/v2\/posts"}],"about":[{"href":"https:\/\/guialimeira.com.br\/news\/wp-json\/wp\/v2\/types\/post"}],"author":[{"embeddable":true,"href":"https:\/\/guialimeira.com.br\/news\/wp-json\/wp\/v2\/users\/1"}],"replies":[{"embeddable":true,"href":"https:\/\/guialimeira.com.br\/news\/wp-json\/wp\/v2\/comments?post=4120"}],"version-history":[{"count":0,"href":"https:\/\/guialimeira.com.br\/news\/wp-json\/wp\/v2\/posts\/4120\/revisions"}],"wp:featuredmedia":[{"embeddable":true,"href":"https:\/\/guialimeira.com.br\/news\/wp-json\/wp\/v2\/media\/4121"}],"wp:attachment":[{"href":"https:\/\/guialimeira.com.br\/news\/wp-json\/wp\/v2\/media?parent=4120"}],"wp:term":[{"taxonomy":"category","embeddable":true,"href":"https:\/\/guialimeira.com.br\/news\/wp-json\/wp\/v2\/categories?post=4120"},{"taxonomy":"post_tag","embeddable":true,"href":"https:\/\/guialimeira.com.br\/news\/wp-json\/wp\/v2\/tags?post=4120"}],"curies":[{"name":"wp","href":"https:\/\/api.w.org\/{rel}","templated":true}]}}