{"id":4118,"date":"2024-05-07T20:26:45","date_gmt":"2024-05-07T23:26:45","guid":{"rendered":"https:\/\/guialimeira.com.br\/2024\/05\/07\/situacao-da-dengue-em-limeira-e-atualizada-pela-secretaria-de-saude\/"},"modified":"2024-05-07T20:26:45","modified_gmt":"2024-05-07T23:26:45","slug":"situacao-da-dengue-em-limeira-e-atualizada-pela-secretaria-de-saude","status":"publish","type":"post","link":"https:\/\/guialimeira.com.br\/news\/situacao-da-dengue-em-limeira-e-atualizada-pela-secretaria-de-saude\/","title":{"rendered":"Situa\u00e7\u00e3o da dengue em Limeira \u00e9 atualizada pela Secretaria de Sa\u00fade"},"content":{"rendered":"<p> <br \/>\n<\/p>\n<div>\n            <main class=\"\">&#13;<br \/>\n                &#13;<br \/>\n&#13;<br \/>\n&#13;<br \/>\n&#13;<br \/>\n    <img data-recalc-dims=\"1\" decoding=\"async\" src=\"https:\/\/i0.wp.com\/ecrie.com.br\/sistema\/conteudos\/imagem\/m_137_0_1_07052024162306.jpg?w=696&#038;ssl=1\" alt=\"Situa\u00e7\u00e3o da dengue em Limeira \u00e9 atualizada pela Secretaria de Sa\u00fade\"\/>&#13;<br \/>\n&#13;<\/p>\n<p style=\"text-align: justify;\" align=\"justify\">A Secretaria de Sa\u00fade de Limeira atualizou nesta ter\u00e7a-feira (7) a situa\u00e7\u00e3o da dengue no munic\u00edpio. Foram registradas duas novas mortes em decorr\u00eancia da doen\u00e7a. Tratam-se de uma mulher, de 44 anos, e de um homem, de 83 anos. Ao todo, s\u00e3o 7.587 notifica\u00e7\u00f5es, com 1.982 casos confirmados \u2013 sendo 6 mortes \u2013, 3.674 suspeitos e 1.931 descartados.<\/p>\n<p>&#13;<\/p>\n<p style=\"text-align: justify;\" align=\"justify\">Em Limeira, o combate ao Aedes aegypti \u2013 mosquito transmissor da dengue \u2013 \u00e9 permanente. A Secretaria de Sa\u00fade refor\u00e7a a import\u00e2ncia de a popula\u00e7\u00e3o reservar 10 minutos por semana para eliminar poss\u00edveis criadouros do mosquito Aedes aegypti, uma vez que o foco da doen\u00e7a est\u00e1, principalmente, nos quintais das resid\u00eancias.<\/p>\n<p>&#13;<br \/>\n&#13;<br \/>\n&#13;<br \/>\n&#13;<\/p>\n<aside class=\"list-related no-print\">&#13;<br \/>\n        &#13;<br \/>\n&#13;<\/p>\n<article class=\"list-item noticias \">&#13;<br \/>\n                    <a class=\"list-item__img\" href=\"https:\/\/limeira.sp.gov.br\/imprensa\/noticias\/saude\/ubss-e-centros-comunitarios-vao-receber-doacoes-para-campanha-solidariedade-sem-fronteiras-praca-toledo-barros-tera-drive-thru\" tabindex=\"-1\" aria-hidden=\"true\" rel=\"noopener\">&#13;<br \/>\n                        <img data-recalc-dims=\"1\" decoding=\"async\" src=\"https:\/\/i0.wp.com\/ecrie.com.br\/sistema\/conteudos\/imagem\/m_137_0_1_04052024143014.jpg?w=696&#038;ssl=1\" alt=\"UBSs e Centros Comunit\u00e1rios v\u00e3o receber doa\u00e7\u00f5es para campanha \u201cSolidariedade Sem Fronteiras\u201d; Pra\u00e7a Toledo Barros ter\u00e1 drive-thru\"\/>&#13;<br \/>\n                    <\/a>&#13;<br \/>\n&#13;<br \/>\n                &#13;<br \/>\n            <\/article>\n<p>&#13;<\/p>\n<article class=\"list-item noticias \">&#13;<br \/>\n                    <a class=\"list-item__img\" href=\"https:\/\/limeira.sp.gov.br\/imprensa\/noticias\/saude\/prefeitura-de-limeira-aguarda-envio-de-novas-doses-para-retomar-vacinacao-de-maiores-de-12-anos\" tabindex=\"-1\" aria-hidden=\"true\" rel=\"noopener\">&#13;<br \/>\n                        <img data-recalc-dims=\"1\" decoding=\"async\" src=\"https:\/\/i0.wp.com\/ecrie.com.br\/sistema\/conteudos\/imagem\/m_137_0_1_02032023105323.jpg?w=696&#038;ssl=1\" alt=\"Prefeitura de Limeira aguarda envio de novas doses para retomar vacina\u00e7\u00e3o de maiores de 12 anos\"\/>&#13;<br \/>\n                    <\/a>&#13;<br \/>\n&#13;<br \/>\n                &#13;<br \/>\n            <\/article>\n<p>&#13;<\/p>\n<article class=\"list-item noticias \">&#13;<br \/>\n                    <a class=\"list-item__img\" href=\"https:\/\/limeira.sp.gov.br\/imprensa\/noticias\/saude\/plantao-neste-sabado-4-tera-vacinacao-contra-gripe-em-tres-locais-de-limeira\" tabindex=\"-1\" aria-hidden=\"true\" rel=\"noopener\">&#13;<br \/>\n                        <img data-recalc-dims=\"1\" decoding=\"async\" src=\"https:\/\/i0.wp.com\/ecrie.com.br\/sistema\/conteudos\/imagem\/m_137_0_1_04112023092716.jpg?w=696&#038;ssl=1\" alt=\"Plant\u00e3o neste s\u00e1bado (4) ter\u00e1 vacina\u00e7\u00e3o contra gripe em tr\u00eas locais de Limeira\"\/>&#13;<br \/>\n                    <\/a>&#13;<br \/>\n&#13;<br \/>\n                &#13;<br \/>\n            <\/article>\n<p>&#13;<br \/>\n    <\/aside>\n<p>&#13;<br \/>\n&#13;<br \/>\n            <\/main><\/p><\/div>\n<p><br \/>\n<br \/><a href=\"https:\/\/limeira.sp.gov.br\/situacao-da-dengue-em-limeira-e-atualizada-pela-secretaria-de-saude\" rel=\"noopener\">Informa\u00e7\u00f5es da PML <\/a><\/p>\n","protected":false},"excerpt":{"rendered":"<p>&#13; &#13; &#13; &#13; &#13; &#13; &#13; A Secretaria de Sa\u00fade de Limeira atualizou nesta ter\u00e7a-feira (7) a situa\u00e7\u00e3o da dengue no munic\u00edpio. Foram registradas duas novas mortes em decorr\u00eancia da doen\u00e7a. Tratam-se de uma mulher, de 44 anos, e de um homem, de 83 anos. Ao todo, s\u00e3o 7.587 notifica\u00e7\u00f5es, com 1.982 casos confirmados [&hellip;]<\/p>\n","protected":false},"author":1,"featured_media":4119,"comment_status":"open","ping_status":"open","sticky":false,"template":"","format":"standard","meta":{"_jetpack_newsletter_access":"","_jetpack_dont_email_post_to_subs":false,"_jetpack_newsletter_tier_id":0,"_jetpack_memberships_contains_paywalled_content":false,"_mbp_banners":[],"_jetpack_feature_clip_id":0,"_jetpack_memberships_contains_paid_content":false,"footnotes":"","jetpack_publicize_message":"","jetpack_publicize_feature_enabled":true,"jetpack_social_post_already_shared":true,"jetpack_social_options":{"image_generator_settings":{"template":"highway","default_image_id":0,"font":"","enabled":false},"version":2},"jetpack_post_was_ever_published":false},"categories":[16],"tags":[],"class_list":["post-4118","post","type-post","status-publish","format-standard","has-post-thumbnail","category-local"],"jetpack_publicize_connections":[],"jetpack-related-posts":[],"jetpack_shortlink":"https:\/\/wp.me\/p7Eq1F-14q","jetpack_sharing_enabled":true,"jetpack_featured_media_url":"https:\/\/i0.wp.com\/guialimeira.com.br\/news\/wp-content\/uploads\/2024\/05\/m_137_0_1_07052024162306.jpg?fit=1280%2C852&ssl=1","_links":{"self":[{"href":"https:\/\/guialimeira.com.br\/news\/wp-json\/wp\/v2\/posts\/4118","targetHints":{"allow":["GET"]}}],"collection":[{"href":"https:\/\/guialimeira.com.br\/news\/wp-json\/wp\/v2\/posts"}],"about":[{"href":"https:\/\/guialimeira.com.br\/news\/wp-json\/wp\/v2\/types\/post"}],"author":[{"embeddable":true,"href":"https:\/\/guialimeira.com.br\/news\/wp-json\/wp\/v2\/users\/1"}],"replies":[{"embeddable":true,"href":"https:\/\/guialimeira.com.br\/news\/wp-json\/wp\/v2\/comments?post=4118"}],"version-history":[{"count":0,"href":"https:\/\/guialimeira.com.br\/news\/wp-json\/wp\/v2\/posts\/4118\/revisions"}],"wp:featuredmedia":[{"embeddable":true,"href":"https:\/\/guialimeira.com.br\/news\/wp-json\/wp\/v2\/media\/4119"}],"wp:attachment":[{"href":"https:\/\/guialimeira.com.br\/news\/wp-json\/wp\/v2\/media?parent=4118"}],"wp:term":[{"taxonomy":"category","embeddable":true,"href":"https:\/\/guialimeira.com.br\/news\/wp-json\/wp\/v2\/categories?post=4118"},{"taxonomy":"post_tag","embeddable":true,"href":"https:\/\/guialimeira.com.br\/news\/wp-json\/wp\/v2\/tags?post=4118"}],"curies":[{"name":"wp","href":"https:\/\/api.w.org\/{rel}","templated":true}]}}