{"id":4111,"date":"2024-05-07T19:45:43","date_gmt":"2024-05-07T22:45:43","guid":{"rendered":"https:\/\/guialimeira.com.br\/2024\/05\/07\/projeto-vai-implantar-mais-13-hortas-em-escolas-municipais-portal-do-municipio-de-piracicaba\/"},"modified":"2024-05-07T19:45:43","modified_gmt":"2024-05-07T22:45:43","slug":"projeto-vai-implantar-mais-13-hortas-em-escolas-municipais-portal-do-municipio-de-piracicaba","status":"publish","type":"post","link":"https:\/\/guialimeira.com.br\/news\/projeto-vai-implantar-mais-13-hortas-em-escolas-municipais-portal-do-municipio-de-piracicaba\/","title":{"rendered":"Projeto vai implantar mais\u00a013\u00a0hortas em escolas municipais \u2013 Portal do Munic\u00edpio de Piracicaba"},"content":{"rendered":"<p> <br \/>\n<\/p>\n<div>\n<p>Desenvolvido como complementa\u00e7\u00e3o do processo de aprendizagem das crian\u00e7as, foi lan\u00e7ado nesta ter\u00e7a-feira, 07\/05, o projeto Horta nas Escolas, da Prefeitura de Piracicaba, por meio de uma parceria entre a Sema (Secretaria de Agricultura e Abastecimento) e Secretaria de Educa\u00e7\u00e3o, que vai implantar espa\u00e7os produtivos em 13 escolas municipais.<\/p>\n<p>Com a presen\u00e7a do prefeito Luciano Almeida, da secret\u00e1ria da Sema, Nancy Thame, e do secret\u00e1rio de Educa\u00e7\u00e3o, Bruno C\u00e9sar Roza, o lan\u00e7amento oficial do projeto ocorreu na Escola Municipal Prof.\u00aa Elizabeth Consolmagno Cruz, no bairro Kobayat L\u00edbano, com a recep\u00e7\u00e3o de cerca de 400 alunos, professores, funcion\u00e1rios e pela diretora Daniela Yamanaka.<\/p>\n<p>\u201cEsta \u00e9 uma iniciativa muito bacana que envolve desenvolver a percep\u00e7\u00e3o de trabalho em equipe e o comprometimento das crian\u00e7as no cuidado e cultivo dos alimentos, al\u00e9m de incentivar a pr\u00e1tica da agricultura urbana para os alunos e seus familiares\u201d, disse o prefeito Luciano Almeida.<\/p>\n<p>O projeto Horta nas Escolas busca ampliar os espa\u00e7os produtivos nas escolas,\u00a0fomentando a educa\u00e7\u00e3o ambiental, agricultura sustent\u00e1vel e alimenta\u00e7\u00e3o saud\u00e1vel.\u00a0As escolas selecionadas para participar e receber um \u201ckit horta\u201d da Sema foram selecionadas pela equipe da Secretaria de Educa\u00e7\u00e3o por possu\u00edrem espa\u00e7o adequado para receber a horta ou por j\u00e1 desenvolverem anteriormente alguma atividade de educa\u00e7\u00e3o ambiental.\u00a0<\/p>\n<p>As 13 escolas que participar\u00e3o dessa primeira etapa do projeto s\u00e3o: E.M. Terc\u00edlia Bernardete Sanches Costa \u2013 Vem Viver; E.M. Jo\u00e3o Ot\u00e1vio de Melo Ferraci\u00fa \u2013 Parque das Ind\u00fastrias; E.M. Jos\u00e9 Pousa de Toledo \u2013 Bosques do Lenheiro; E.M. Afonso Salati, S\u00e3o Francisco; E.M. Helio Casale Padovani \u2013 \u00c1gua Branca; E.M. M\u00e1rio Chorilli \u2013 Parque Primeiro de Maio; E.M. Tomaz Caetano Cannavam R\u00edpoli \u2013 Jardim Costa Rica; E.M. Manoel Rodrigues Louren\u00e7o \u2013 Pau Queimado; E.M. Eliana Rodella \u2013 Jardim Santo Ant\u00f4nio; E.M. Lygia Amaral Gobbin \u2013 Santa Rosa; E.M. Ada Buselli Neme \u2013 Guamium; E.M. Nath\u00e1lio Zanotta Sabina \u2013 Ibitiruna e E.M. \u201cElizabeth Consolmagno Cruz \u2013 bairro Kobayat L\u00edbano.<\/p>\n<p>Durante o andamento do projeto, os engenheiros agr\u00f4nomos da Sema far\u00e3o um acompanhamento durante seis meses nas escolas para dar assist\u00eancia t\u00e9cnica no manejo das hortas, bem como ajudar na elabora\u00e7\u00e3o de novas iniciativas de cultivo nesses espa\u00e7os.<\/p>\n<p>A secret\u00e1ria Nancy Thame ressaltou que o projeto Horta nas Escolas faz parte do Programa Municipal de Agricultura Urbana, da Sema, que tem\u00a0entre os seus objetivos o aproveitamento de terrenos ociosos do munic\u00edpio e o incentivo \u00e0 agricultura local, garantindo uma alimenta\u00e7\u00e3o mais saud\u00e1vel \u00e0 popula\u00e7\u00e3o e a redu\u00e7\u00e3o do custo de acesso ao alimento para os consumidores de baixa renda.<\/p>\n<p>\u201cAs hortas est\u00e3o adentrando os espa\u00e7os das escolas como uma ferramenta pedag\u00f3gica fundamental. Elas n\u00e3o s\u00f3 conectam nossos alunos \u00e0 natureza, mas tamb\u00e9m incentivam h\u00e1bitos alimentares saud\u00e1veis e proporcionam uma compreens\u00e3o pr\u00e1tica da origem dos alimentos. Quero agradecer a equipe da Sema, a secret\u00e1ria Nancy e \u00e0s formadoras de Educa\u00e7\u00e3o Ambiental da SME, pois sabemos que a educa\u00e7\u00e3o floresce melhor quando cultivada em parceria\u201d, destacou o secret\u00e1rio de Educa\u00e7\u00e3o, Bruno C\u00e9sar Roza.<\/p>\n<figure class=\"wp-block-image size-large\"><img data-recalc-dims=\"1\" fetchpriority=\"high\" decoding=\"async\" width=\"696\" height=\"464\" src=\"https:\/\/i0.wp.com\/piracicaba.sp.gov.br\/wp-content\/uploads\/2024\/05\/Projeto-busca-ampliar-os-espacos-produtivos-nas-escolas-fomentando-a-educacao-ambiental-agricultura-sustentavel-e-alimentacao-saudavel-1024x683.jpg?resize=696%2C464&#038;ssl=1\" alt=\"\" class=\"wp-image-78618\" srcset=\"https:\/\/piracicaba.sp.gov.br\/wp-content\/uploads\/2024\/05\/Projeto-busca-ampliar-os-espacos-produtivos-nas-escolas-fomentando-a-educacao-ambiental-agricultura-sustentavel-e-alimentacao-saudavel-1024x683.jpg 1024w, https:\/\/piracicaba.sp.gov.br\/wp-content\/uploads\/2024\/05\/Projeto-busca-ampliar-os-espacos-produtivos-nas-escolas-fomentando-a-educacao-ambiental-agricultura-sustentavel-e-alimentacao-saudavel-300x200.jpg 300w, https:\/\/piracicaba.sp.gov.br\/wp-content\/uploads\/2024\/05\/Projeto-busca-ampliar-os-espacos-produtivos-nas-escolas-fomentando-a-educacao-ambiental-agricultura-sustentavel-e-alimentacao-saudavel-768x512.jpg 768w, https:\/\/piracicaba.sp.gov.br\/wp-content\/uploads\/2024\/05\/Projeto-busca-ampliar-os-espacos-produtivos-nas-escolas-fomentando-a-educacao-ambiental-agricultura-sustentavel-e-alimentacao-saudavel-1536x1024.jpg 1536w, https:\/\/piracicaba.sp.gov.br\/wp-content\/uploads\/2024\/05\/Projeto-busca-ampliar-os-espacos-produtivos-nas-escolas-fomentando-a-educacao-ambiental-agricultura-sustentavel-e-alimentacao-saudavel.jpg 1560w\" sizes=\"(max-width: 1024px) 100vw, 1024px\"\/><figcaption class=\"wp-element-caption\"><strong><em><sub><sup>Projeto busca ampliar os espa\u00e7os produtivos nas escolas, fomentando a educa\u00e7\u00e3o ambiental, agricultura sustent\u00e1vel e alimenta\u00e7\u00e3o saud\u00e1vel<\/sup><\/sub><\/em><\/strong><\/figcaption><\/figure>\n<figure class=\"wp-block-image size-large\"><img data-recalc-dims=\"1\" loading=\"lazy\" decoding=\"async\" width=\"696\" height=\"464\" src=\"https:\/\/i0.wp.com\/piracicaba.sp.gov.br\/wp-content\/uploads\/2024\/05\/Ao-todo-serao-13-escolas-atendidas-pelo-projeto-Horta-nas-Escolas-1024x683.jpg?resize=696%2C464&#038;ssl=1\" alt=\"\" class=\"wp-image-78619\" srcset=\"https:\/\/piracicaba.sp.gov.br\/wp-content\/uploads\/2024\/05\/Ao-todo-serao-13-escolas-atendidas-pelo-projeto-Horta-nas-Escolas-1024x683.jpg 1024w, https:\/\/piracicaba.sp.gov.br\/wp-content\/uploads\/2024\/05\/Ao-todo-serao-13-escolas-atendidas-pelo-projeto-Horta-nas-Escolas-300x200.jpg 300w, https:\/\/piracicaba.sp.gov.br\/wp-content\/uploads\/2024\/05\/Ao-todo-serao-13-escolas-atendidas-pelo-projeto-Horta-nas-Escolas-768x512.jpg 768w, https:\/\/piracicaba.sp.gov.br\/wp-content\/uploads\/2024\/05\/Ao-todo-serao-13-escolas-atendidas-pelo-projeto-Horta-nas-Escolas-1536x1024.jpg 1536w, https:\/\/piracicaba.sp.gov.br\/wp-content\/uploads\/2024\/05\/Ao-todo-serao-13-escolas-atendidas-pelo-projeto-Horta-nas-Escolas.jpg 1560w\" sizes=\"auto, (max-width: 1024px) 100vw, 1024px\"\/><figcaption class=\"wp-element-caption\"><em><strong><sub><sup>Ao todo ser\u00e3o 13 escolas atendidas pelo projeto Horta nas Escolas<\/sup><\/sub><\/strong><\/em><\/figcaption><\/figure>\n<figure class=\"wp-block-image size-large\"><img data-recalc-dims=\"1\" loading=\"lazy\" decoding=\"async\" width=\"696\" height=\"464\" src=\"https:\/\/i0.wp.com\/piracicaba.sp.gov.br\/wp-content\/uploads\/2024\/05\/Prefeito-Luciano-Almeida-esteve-presente-no-lancamento-do-projeto-1024x683.jpg?resize=696%2C464&#038;ssl=1\" alt=\"\" class=\"wp-image-78620\" srcset=\"https:\/\/piracicaba.sp.gov.br\/wp-content\/uploads\/2024\/05\/Prefeito-Luciano-Almeida-esteve-presente-no-lancamento-do-projeto-1024x683.jpg 1024w, https:\/\/piracicaba.sp.gov.br\/wp-content\/uploads\/2024\/05\/Prefeito-Luciano-Almeida-esteve-presente-no-lancamento-do-projeto-300x200.jpg 300w, https:\/\/piracicaba.sp.gov.br\/wp-content\/uploads\/2024\/05\/Prefeito-Luciano-Almeida-esteve-presente-no-lancamento-do-projeto-768x512.jpg 768w, https:\/\/piracicaba.sp.gov.br\/wp-content\/uploads\/2024\/05\/Prefeito-Luciano-Almeida-esteve-presente-no-lancamento-do-projeto-1536x1024.jpg 1536w, https:\/\/piracicaba.sp.gov.br\/wp-content\/uploads\/2024\/05\/Prefeito-Luciano-Almeida-esteve-presente-no-lancamento-do-projeto.jpg 1560w\" sizes=\"auto, (max-width: 1024px) 100vw, 1024px\"\/><figcaption class=\"wp-element-caption\"><em><strong><sub><sup>Prefeito Luciano Almeida esteve presente no lan\u00e7amento do projeto<\/sup><\/sub><\/strong><\/em><\/figcaption><\/figure>\n<\/div>\n<p><br \/>\n<br \/><a href=\"https:\/\/piracicaba.sp.gov.br\/noticias\/projeto-vai-implantar-mais-13-hortas-em-escolas-municipais\/\" rel=\"noopener\">Informa\u00e7\u00f5es PMP <\/a><\/p>\n","protected":false},"excerpt":{"rendered":"<p>Desenvolvido como complementa\u00e7\u00e3o do processo de aprendizagem das crian\u00e7as, foi lan\u00e7ado nesta ter\u00e7a-feira, 07\/05, o projeto Horta nas Escolas, da Prefeitura de Piracicaba, por meio de uma parceria entre a Sema (Secretaria de Agricultura e Abastecimento) e Secretaria de Educa\u00e7\u00e3o, que vai implantar espa\u00e7os produtivos em 13 escolas municipais. Com a presen\u00e7a do prefeito Luciano [&hellip;]<\/p>\n","protected":false},"author":1,"featured_media":4112,"comment_status":"open","ping_status":"open","sticky":false,"template":"","format":"standard","meta":{"_jetpack_newsletter_access":"","_jetpack_dont_email_post_to_subs":false,"_jetpack_newsletter_tier_id":0,"_jetpack_memberships_contains_paywalled_content":false,"_mbp_banners":[],"_jetpack_feature_clip_id":0,"_jetpack_memberships_contains_paid_content":false,"footnotes":"","jetpack_publicize_message":"","jetpack_publicize_feature_enabled":true,"jetpack_social_post_already_shared":true,"jetpack_social_options":{"image_generator_settings":{"template":"highway","default_image_id":0,"font":"","enabled":false},"version":2},"jetpack_post_was_ever_published":false},"categories":[20],"tags":[],"class_list":["post-4111","post","type-post","status-publish","format-standard","has-post-thumbnail","category-regiao"],"jetpack_publicize_connections":[],"jetpack-related-posts":[],"jetpack_shortlink":"https:\/\/wp.me\/p7Eq1F-14j","jetpack_sharing_enabled":true,"jetpack_featured_media_url":"https:\/\/i0.wp.com\/guialimeira.com.br\/news\/wp-content\/uploads\/2024\/05\/Projeto-busca-ampliar-os-espacos-produtivos-nas-escolas-fomentando-a-educacao-ambiental-agricultura-sustentavel-e-alimentacao-saudavel-1024x683.jpg?fit=1024%2C683&ssl=1","_links":{"self":[{"href":"https:\/\/guialimeira.com.br\/news\/wp-json\/wp\/v2\/posts\/4111","targetHints":{"allow":["GET"]}}],"collection":[{"href":"https:\/\/guialimeira.com.br\/news\/wp-json\/wp\/v2\/posts"}],"about":[{"href":"https:\/\/guialimeira.com.br\/news\/wp-json\/wp\/v2\/types\/post"}],"author":[{"embeddable":true,"href":"https:\/\/guialimeira.com.br\/news\/wp-json\/wp\/v2\/users\/1"}],"replies":[{"embeddable":true,"href":"https:\/\/guialimeira.com.br\/news\/wp-json\/wp\/v2\/comments?post=4111"}],"version-history":[{"count":0,"href":"https:\/\/guialimeira.com.br\/news\/wp-json\/wp\/v2\/posts\/4111\/revisions"}],"wp:featuredmedia":[{"embeddable":true,"href":"https:\/\/guialimeira.com.br\/news\/wp-json\/wp\/v2\/media\/4112"}],"wp:attachment":[{"href":"https:\/\/guialimeira.com.br\/news\/wp-json\/wp\/v2\/media?parent=4111"}],"wp:term":[{"taxonomy":"category","embeddable":true,"href":"https:\/\/guialimeira.com.br\/news\/wp-json\/wp\/v2\/categories?post=4111"},{"taxonomy":"post_tag","embeddable":true,"href":"https:\/\/guialimeira.com.br\/news\/wp-json\/wp\/v2\/tags?post=4111"}],"curies":[{"name":"wp","href":"https:\/\/api.w.org\/{rel}","templated":true}]}}