{"id":4109,"date":"2024-05-07T19:25:50","date_gmt":"2024-05-07T22:25:50","guid":{"rendered":"https:\/\/guialimeira.com.br\/2024\/05\/07\/alunos-da-fca-unicamp-fazem-visita-tecnica-em-piscinoes-de-limeira\/"},"modified":"2024-05-07T19:25:50","modified_gmt":"2024-05-07T22:25:50","slug":"alunos-da-fca-unicamp-fazem-visita-tecnica-em-piscinoes-de-limeira","status":"publish","type":"post","link":"https:\/\/guialimeira.com.br\/news\/alunos-da-fca-unicamp-fazem-visita-tecnica-em-piscinoes-de-limeira\/","title":{"rendered":"Alunos da FCA Unicamp fazem visita t\u00e9cnica em piscin\u00f5es de Limeira"},"content":{"rendered":"<p> <br \/>\n<\/p>\n<div>\n            <main class=\"\">&#13;<br \/>\n                &#13;<br \/>\n&#13;<br \/>\n&#13;<br \/>\n&#13;<br \/>\n    <img data-recalc-dims=\"1\" decoding=\"async\" src=\"https:\/\/i0.wp.com\/ecrie.com.br\/sistema\/conteudos\/imagem\/m_137_0_1_07052024164050.jpg?w=696&#038;ssl=1\" alt=\"Alunos da FCA Unicamp fazem visita t\u00e9cnica em piscin\u00f5es de Limeira\"\/>&#13;<br \/>\n&#13;<\/p>\n<p style=\"text-align: justify;\" align=\"justify\">Cerca de 20 alunos do curso de Engenharia Ambiental da Faculdade de Ci\u00eancias Aplicadas (FCA\/Unicamp) participaram na \u00faltima sexta-feira (3) de uma visita t\u00e9cnica aos piscin\u00f5es do munic\u00edpio. Foram visitados os piscin\u00f5es do Tiro de Guerra, do Roland e do Na\u00e7\u00f5es. Participaram da visita, o diretor de Saneamento e Drenagem, Tiago Cust\u00f3dio, e os servidores Fl\u00e1via Maiese Pizani Peruzza e Israel Domingos das Neves.<\/p>\n<p>&#13;<br \/>\n&#13;<br \/>\n&#13;<br \/>\n&#13;<\/p>\n<aside class=\"list-related no-print\">&#13;<br \/>\n        &#13;<br \/>\n&#13;<\/p>\n<article class=\"list-item noticias \">&#13;<br \/>\n                    <a class=\"list-item__img\" href=\"https:\/\/limeira.sp.gov.br\/imprensa\/noticias\/obras-e-servicos-publicos\/via-santo-antonio-recebe-recapeamento-prefeito-e-vice-prefeita-acompanham-inicio-das-obras\" tabindex=\"-1\" aria-hidden=\"true\" rel=\"noopener\">&#13;<br \/>\n                        <img data-recalc-dims=\"1\" decoding=\"async\" src=\"https:\/\/i0.wp.com\/ecrie.com.br\/sistema\/conteudos\/imagem\/m_137_2_3_02052024171327.jpg?w=696&#038;ssl=1\" alt=\"Via Santo Ant\u00f4nio recebe recapeamento; prefeito e vice-prefeita acompanham in\u00edcio das obras\"\/>&#13;<br \/>\n                    <\/a>&#13;<br \/>\n&#13;<br \/>\n                &#13;<br \/>\n            <\/article>\n<p>&#13;<\/p>\n<article class=\"list-item noticias \">&#13;<br \/>\n                    <a class=\"list-item__img\" href=\"https:\/\/limeira.sp.gov.br\/imprensa\/noticias\/obras-e-servicos-publicos\/obras-do-complexo-viario-paulo-natal-entram-na-reta-final-novo-trecho-sera-aberto-ao-transito-nesta-terca-30\" tabindex=\"-1\" aria-hidden=\"true\" rel=\"noopener\">&#13;<br \/>\n                        <img data-recalc-dims=\"1\" decoding=\"async\" src=\"https:\/\/i0.wp.com\/ecrie.com.br\/sistema\/conteudos\/imagem\/m_137_0_1_29042024181956.jpg?w=696&#038;ssl=1\" alt=\"Obras do complexo vi\u00e1rio Paulo Natal entram na reta final; novo trecho ser\u00e1 aberto ao tr\u00e2nsito nesta ter\u00e7a (30)\"\/>&#13;<br \/>\n                    <\/a>&#13;<br \/>\n&#13;<br \/>\n                &#13;<br \/>\n            <\/article>\n<p>&#13;<\/p>\n<article class=\"list-item noticias \">&#13;<br \/>\n                    <a class=\"list-item__img\" href=\"https:\/\/limeira.sp.gov.br\/imprensa\/noticias\/obras-e-servicos-publicos\/vias-sao-interditadas-neste-fim-de-semana-para-execucao-de-obras\" tabindex=\"-1\" aria-hidden=\"true\" rel=\"noopener\">&#13;<br \/>\n                        <img data-recalc-dims=\"1\" decoding=\"async\" src=\"https:\/\/i0.wp.com\/ecrie.com.br\/sistema\/conteudos\/imagem\/m_137_0_1_04042024135245.jpg?w=696&#038;ssl=1\" alt=\"Vias s\u00e3o interditadas neste fim de semana para execu\u00e7\u00e3o de obras\"\/>&#13;<br \/>\n                    <\/a>&#13;<br \/>\n&#13;<br \/>\n                &#13;<br \/>\n            <\/article>\n<p>&#13;<br \/>\n    <\/aside>\n<p>&#13;<br \/>\n&#13;<br \/>\n            <\/main><\/p><\/div>\n<p><br \/>\n<br \/><a href=\"https:\/\/limeira.sp.gov.br\/alunos-da-fca-unicamp-fazem-visita-tecnica-em-piscinoes-de-limeira\" rel=\"noopener\">Informa\u00e7\u00f5es da PML <\/a><\/p>\n","protected":false},"excerpt":{"rendered":"<p>&#13; &#13; &#13; &#13; &#13; &#13; &#13; Cerca de 20 alunos do curso de Engenharia Ambiental da Faculdade de Ci\u00eancias Aplicadas (FCA\/Unicamp) participaram na \u00faltima sexta-feira (3) de uma visita t\u00e9cnica aos piscin\u00f5es do munic\u00edpio. Foram visitados os piscin\u00f5es do Tiro de Guerra, do Roland e do Na\u00e7\u00f5es. Participaram da visita, o diretor de Saneamento [&hellip;]<\/p>\n","protected":false},"author":1,"featured_media":4110,"comment_status":"open","ping_status":"open","sticky":false,"template":"","format":"standard","meta":{"_jetpack_newsletter_access":"","_jetpack_dont_email_post_to_subs":false,"_jetpack_newsletter_tier_id":0,"_jetpack_memberships_contains_paywalled_content":false,"_mbp_banners":[],"_jetpack_feature_clip_id":0,"_jetpack_memberships_contains_paid_content":false,"footnotes":"","jetpack_publicize_message":"","jetpack_publicize_feature_enabled":true,"jetpack_social_post_already_shared":true,"jetpack_social_options":{"image_generator_settings":{"template":"highway","default_image_id":0,"font":"","enabled":false},"version":2},"jetpack_post_was_ever_published":false},"categories":[16],"tags":[],"class_list":["post-4109","post","type-post","status-publish","format-standard","has-post-thumbnail","category-local"],"jetpack_publicize_connections":[],"jetpack-related-posts":[],"jetpack_shortlink":"https:\/\/wp.me\/p7Eq1F-14h","jetpack_sharing_enabled":true,"jetpack_featured_media_url":"https:\/\/i0.wp.com\/guialimeira.com.br\/news\/wp-content\/uploads\/2024\/05\/m_137_0_1_07052024164050.jpg?fit=1200%2C810&ssl=1","_links":{"self":[{"href":"https:\/\/guialimeira.com.br\/news\/wp-json\/wp\/v2\/posts\/4109","targetHints":{"allow":["GET"]}}],"collection":[{"href":"https:\/\/guialimeira.com.br\/news\/wp-json\/wp\/v2\/posts"}],"about":[{"href":"https:\/\/guialimeira.com.br\/news\/wp-json\/wp\/v2\/types\/post"}],"author":[{"embeddable":true,"href":"https:\/\/guialimeira.com.br\/news\/wp-json\/wp\/v2\/users\/1"}],"replies":[{"embeddable":true,"href":"https:\/\/guialimeira.com.br\/news\/wp-json\/wp\/v2\/comments?post=4109"}],"version-history":[{"count":0,"href":"https:\/\/guialimeira.com.br\/news\/wp-json\/wp\/v2\/posts\/4109\/revisions"}],"wp:featuredmedia":[{"embeddable":true,"href":"https:\/\/guialimeira.com.br\/news\/wp-json\/wp\/v2\/media\/4110"}],"wp:attachment":[{"href":"https:\/\/guialimeira.com.br\/news\/wp-json\/wp\/v2\/media?parent=4109"}],"wp:term":[{"taxonomy":"category","embeddable":true,"href":"https:\/\/guialimeira.com.br\/news\/wp-json\/wp\/v2\/categories?post=4109"},{"taxonomy":"post_tag","embeddable":true,"href":"https:\/\/guialimeira.com.br\/news\/wp-json\/wp\/v2\/tags?post=4109"}],"curies":[{"name":"wp","href":"https:\/\/api.w.org\/{rel}","templated":true}]}}