{"id":4107,"date":"2024-05-07T19:10:51","date_gmt":"2024-05-07T22:10:51","guid":{"rendered":"https:\/\/guialimeira.com.br\/2024\/05\/07\/feira-de-agronegocio-da-america-latina-fecha-com-r136-bi-em-negocios\/"},"modified":"2024-05-07T19:10:51","modified_gmt":"2024-05-07T22:10:51","slug":"feira-de-agronegocio-da-america-latina-fecha-com-r136-bi-em-negocios","status":"publish","type":"post","link":"https:\/\/guialimeira.com.br\/news\/feira-de-agronegocio-da-america-latina-fecha-com-r136-bi-em-negocios\/","title":{"rendered":"Feira de agroneg\u00f3cio da Am\u00e9rica Latina fecha com R$13,6 bi em neg\u00f3cios"},"content":{"rendered":"<p> <br \/>\n<\/p>\n<div id=\"\">&#13;<br \/>\n                                <!-- Title -->&#13;<br \/>\n                                &#13;<br \/>\n&#13;<br \/>\n                                <!-- Excerpt -->&#13;<\/p>\n<p class=\"excerpt\">Secretaria de Agricultura e Abastecimento anunciou megapacote de investimentos de mais de R$ 1,4 bilh\u00e3o para impulsionar o agroneg\u00f3cio<\/p>\n<p>&#13;<br \/>\n&#13;<br \/>\n                                &#13;\n                            <\/p><\/div>\n<div id=\"\">&#13;<\/p>\n<figure id=\"attachment_5880013\" style=\"width: 100%;max-width: 746px\" class=\"wp-caption alignnone\"><img data-recalc-dims=\"1\" decoding=\"async\" loading=\"lazy\" class=\" wp-image-5880013\" src=\"https:\/\/i0.wp.com\/www.saopaulo.sp.gov.br\/wp-content\/uploads\/2024\/05\/Agrishow-2024-e-sucesso-e-fecha-edicao-com-R136-bilhoes-em-negocios-300x169.jpg?resize=696%2C392&#038;ssl=1\" alt=\"\" width=\"696\" height=\"392\" srcset=\"https:\/\/www.saopaulo.sp.gov.br\/wp-content\/uploads\/2024\/05\/Agrishow-2024-e-sucesso-e-fecha-edicao-com-R136-bilhoes-em-negocios-300x169.jpg 300w, https:\/\/www.saopaulo.sp.gov.br\/wp-content\/uploads\/2024\/05\/Agrishow-2024-e-sucesso-e-fecha-edicao-com-R136-bilhoes-em-negocios-768x432.jpg 768w, https:\/\/www.saopaulo.sp.gov.br\/wp-content\/uploads\/2024\/05\/Agrishow-2024-e-sucesso-e-fecha-edicao-com-R136-bilhoes-em-negocios.jpg 1000w\" sizes=\"auto, (max-width: 746px) 100vw, 746px\"\/><figcaption class=\"wp-caption-text\">Na 29\u00aa edi\u00e7\u00e3o, a Secretaria de Agricultura anunciou o maior cr\u00e9dito rural da hist\u00f3ria de S\u00e3o Paulo<\/figcaption><\/figure>\n<p>A Agrishow mais uma vez se consolidou como um dos principais eventos de neg\u00f3cios do pa\u00eds. A maior feira de agroneg\u00f3cio da Am\u00e9rica latina, que aconteceu entre os dias 28 a 3 de maio, em Ribeir\u00e3o Preto (SP), movimentou um valor recorde de R$ 13,6 bilh\u00f5es, um crescimento de 2,4%, em rela\u00e7\u00e3o \u00e0 edi\u00e7\u00e3o anterior, segundo informa\u00e7\u00f5es dos organizadores do evento.<\/p>\n<p>E al\u00e9m dos neg\u00f3cios, durante a Agrishow 2024, <a href=\"https:\/\/www.saopaulo.sp.gov.br\/spnoticias\/ultimas-noticias\/governo-de-sp-anuncia-pacote-de-investimentos-de-r-14-bi-para-o-agronegocio\/\" target=\"_blank\" rel=\"noopener noreferrer\">a Secretaria de Agricultura e Abastecimento de S\u00e3o Paulo,anunciou um megapacote de investimentos de mais de R$ 1,4 bilh\u00e3o para impulsionar o agroneg\u00f3cio paulista<\/a>. \u201cO agroneg\u00f3cio paulista est\u00e1 quebrando recordes em todos os setores. Feiras como a Agrishow s\u00e3o um grande term\u00f4metro para medir a import\u00e2ncia e o potencial econ\u00f4mico do setor\u201d, enfatizou o secret\u00e1rio de Agricultura, Guilherme Piai.<\/p>\n<p>Na 29\u00aa edi\u00e7\u00e3o, a Secretaria de Agricultura anunciou o maior cr\u00e9dito rural da hist\u00f3ria de S\u00e3o Paulo, com R$ 300 milh\u00f5es atrav\u00e9s do Fundo de Expans\u00e3o do Agroneg\u00f3cio Paulista (Feap) e a libera\u00e7\u00e3o de R$ 500 milh\u00f5es do Fiagro, com o objetivo de financiar produtores rurais com o apoio do mercado de capitais. Ainda realizou a entrega de seis tratores a produtores rurais, via Pro-Trator, e 29 t\u00edtulos fundi\u00e1rios por meio da Funda\u00e7\u00e3o Instituto de Terras (Itesp).<\/p>\n<p>Para levar a conectividade ao campo e aumentar a \u00e1rea irrigada, a SAA lan\u00e7ou a amplia\u00e7\u00e3o do Projeto SemeAr Digital, em parceria com a Empresa Brasileira de Pesquisa Agropecu\u00e1ria (Embrapa) e assinou um decreto indutor com o objetivo de, em at\u00e9 quatro anos, dobrar a irriga\u00e7\u00e3o do Estado, chegando em 15% at\u00e9 2030.<\/p>\n<p>Pensando no futuro sustent\u00e1vel, com a transi\u00e7\u00e3o energ\u00e9tica, a pasta junto com a Secretaria do Meio Ambiente, Infraestrutura e Log\u00edstica assinaram resolu\u00e7\u00e3o que fomenta empreendimentos com uso de biog\u00e1s e biometano. Tamb\u00e9m foi lan\u00e7ado o programa Drones SP para levar tecnologia de aplica\u00e7\u00e3o de defensivos agr\u00edcolas por drones a pequenas e m\u00e9dias propriedades.<\/p>\n<p>Durante os seis dias de evento, mais de 195 mil visitantes, produtores rurais de pequenas, m\u00e9dias e grandes propriedades de todas as regi\u00f5es do pa\u00eds e do exterior estiveram presentes na feira. A pr\u00f3xima edi\u00e7\u00e3o da Agrishow j\u00e1 est\u00e1 marcada e vai acontecer entre 28 de abril e 2 de maio de 2025, em Ribeir\u00e3o Preto.<\/p>\n<p>Siga o canal \u201cGoverno de S\u00e3o Paulo\u201d no WhatsApp:<br \/><a href=\"https:\/\/bit.ly\/govspnozap\" target=\"_blank\" rel=\"noopener noreferrer\">https:\/\/bit.ly\/govspnozap<\/a><\/p>\n<\/p><\/div>\n<p><br \/>\n<br \/><a href=\"https:\/\/www.saopaulo.sp.gov.br\/spnoticias\/ultimas-noticias\/agrishow-maior-feira-do-agro-da-america-latina-fecha-edicao-com-r-136-bi-em-negocios\/\" rel=\"noopener\">Informa\u00e7\u00f5es GOV.SP<\/a><\/p>\n","protected":false},"excerpt":{"rendered":"<p>&#13; &#13; &#13; &#13; &#13; Secretaria de Agricultura e Abastecimento anunciou megapacote de investimentos de mais de R$ 1,4 bilh\u00e3o para impulsionar o agroneg\u00f3cio &#13; &#13; &#13; &#13; Na 29\u00aa edi\u00e7\u00e3o, a Secretaria de Agricultura anunciou o maior cr\u00e9dito rural da hist\u00f3ria de S\u00e3o Paulo A Agrishow mais uma vez se consolidou como um dos [&hellip;]<\/p>\n","protected":false},"author":1,"featured_media":4108,"comment_status":"open","ping_status":"open","sticky":false,"template":"","format":"standard","meta":{"_jetpack_newsletter_access":"","_jetpack_dont_email_post_to_subs":false,"_jetpack_newsletter_tier_id":0,"_jetpack_memberships_contains_paywalled_content":false,"_mbp_banners":[],"_jetpack_feature_clip_id":0,"_jetpack_memberships_contains_paid_content":false,"footnotes":"","jetpack_publicize_message":"","jetpack_publicize_feature_enabled":true,"jetpack_social_post_already_shared":true,"jetpack_social_options":{"image_generator_settings":{"template":"highway","default_image_id":0,"font":"","enabled":false},"version":2},"jetpack_post_was_ever_published":false},"categories":[21],"tags":[],"class_list":["post-4107","post","type-post","status-publish","format-standard","has-post-thumbnail","category-sp-news"],"jetpack_publicize_connections":[],"jetpack-related-posts":[],"jetpack_shortlink":"https:\/\/wp.me\/p7Eq1F-14f","jetpack_sharing_enabled":true,"jetpack_featured_media_url":"https:\/\/i0.wp.com\/guialimeira.com.br\/news\/wp-content\/uploads\/2024\/05\/Feira-de-agronegocio-da-America-Latina-fecha-com-R136-bi.jpg?fit=300%2C169&ssl=1","_links":{"self":[{"href":"https:\/\/guialimeira.com.br\/news\/wp-json\/wp\/v2\/posts\/4107","targetHints":{"allow":["GET"]}}],"collection":[{"href":"https:\/\/guialimeira.com.br\/news\/wp-json\/wp\/v2\/posts"}],"about":[{"href":"https:\/\/guialimeira.com.br\/news\/wp-json\/wp\/v2\/types\/post"}],"author":[{"embeddable":true,"href":"https:\/\/guialimeira.com.br\/news\/wp-json\/wp\/v2\/users\/1"}],"replies":[{"embeddable":true,"href":"https:\/\/guialimeira.com.br\/news\/wp-json\/wp\/v2\/comments?post=4107"}],"version-history":[{"count":0,"href":"https:\/\/guialimeira.com.br\/news\/wp-json\/wp\/v2\/posts\/4107\/revisions"}],"wp:featuredmedia":[{"embeddable":true,"href":"https:\/\/guialimeira.com.br\/news\/wp-json\/wp\/v2\/media\/4108"}],"wp:attachment":[{"href":"https:\/\/guialimeira.com.br\/news\/wp-json\/wp\/v2\/media?parent=4107"}],"wp:term":[{"taxonomy":"category","embeddable":true,"href":"https:\/\/guialimeira.com.br\/news\/wp-json\/wp\/v2\/categories?post=4107"},{"taxonomy":"post_tag","embeddable":true,"href":"https:\/\/guialimeira.com.br\/news\/wp-json\/wp\/v2\/tags?post=4107"}],"curies":[{"name":"wp","href":"https:\/\/api.w.org\/{rel}","templated":true}]}}