{"id":41038,"date":"2025-08-12T18:43:58","date_gmt":"2025-08-12T21:43:58","guid":{"rendered":"https:\/\/guialimeira.com.br\/?p=41038"},"modified":"2025-08-12T18:43:58","modified_gmt":"2025-08-12T21:43:58","slug":"defesa-civil-combate-incendio-de-grandes-proporcoes-na-rodovia-washington-luis-prefeitura-municipal-de-cordeiropolis","status":"publish","type":"post","link":"https:\/\/guialimeira.com.br\/news\/defesa-civil-combate-incendio-de-grandes-proporcoes-na-rodovia-washington-luis-prefeitura-municipal-de-cordeiropolis\/","title":{"rendered":"Defesa Civil combate inc\u00eandio de grandes propor\u00e7\u00f5es na Rodovia Washington Lu\u00eds \u2013 Prefeitura Municipal de Cordeir\u00f3polis"},"content":{"rendered":"<p> <br \/>\n<\/p>\n<div>\n<p>A Defesa Civil de Cordeir\u00f3polis atuou neste domingo (10) no combate a um inc\u00eandio de grandes propor\u00e7\u00f5es em vegeta\u00e7\u00e3o, em terrenos pr\u00f3ximos a duas empresas e \u00e0s margens da Rodovia Washington Lu\u00eds. A \u00e1rea atingida foi de aproximadamente 20 mil metros quadrados.<\/p>\n<p>O primeiro foco de inc\u00eandio ocorreu pela manh\u00e3, exigindo cerca de duas horas de trabalho para a conten\u00e7\u00e3o das chamas. A a\u00e7\u00e3o contou com apoio da Secretaria de Servi\u00e7os P\u00fablicos, Corpo de Bombeiros e da Concession\u00e1ria Eixo.<\/p>\n<p>Durante a tarde, novos focos reacenderam nas \u00e1reas atingidas pela manh\u00e3. A Defesa Civil e a Secretaria de Servi\u00e7os P\u00fablicos atuaram novamente, levando tr\u00eas horas para extinguir totalmente o fogo.<\/p>\n<p>O per\u00edodo de estiagem aumenta consideravelmente o risco de queimadas. A Defesa Civil refor\u00e7a a import\u00e2ncia de que a popula\u00e7\u00e3o evite a\u00e7\u00f5es que possam provocar inc\u00eandios e, em caso de ocorr\u00eancia, acione imediatamente os canais de emerg\u00eancia: 199 (Defesa Civil), 193 (Corpo de Bombeiros), 190 (Pol\u00edcia Militar) ou 153 (Guarda Civil Municipal).<\/p>\n<figure class=\"wp-block-gallery has-nested-images columns-default is-cropped wp-block-gallery-1 is-layout-flex wp-block-gallery-is-layout-flex\">\n<figure class=\"wp-block-image size-large\"><\/figure>\n<figure class=\"wp-block-image size-large\"><img data-recalc-dims=\"1\" decoding=\"async\" loading=\"lazy\" width=\"696\" height=\"928\" data-id=\"31019\" src=\"https:\/\/i0.wp.com\/guialimeira.com.br\/wp-content\/uploads\/2025\/08\/1755035036_270_Defesa-Civil-combate-incendio-de-grandes-proporcoes-na-Rodovia-Washington.jpeg?resize=696%2C928&#038;ssl=1\" alt=\"\" class=\"wp-image-31019\" \/><\/figure>\n<figure class=\"wp-block-image size-large\"><img data-recalc-dims=\"1\" decoding=\"async\" data-attachment-id=\"31018\" data-permalink=\"https:\/\/guialimeira.com.br\/news\/etecs-e-fatecs-de-sp-preparam-profissionais-para-o-mercado-da-construcao-civil\/etecs-e-fatecs-de-sp-preparam-profissionais-para-o-mercado\/\" data-orig-file=\"https:\/\/i0.wp.com\/guialimeira.com.br\/news\/wp-content\/uploads\/2025\/04\/Etecs-e-Fatecs-de-SP-preparam-profissionais-para-o-mercado.jpeg?fit=1280%2C848&amp;ssl=1\" data-orig-size=\"1280,848\" data-comments-opened=\"1\" data-image-meta=\"{&quot;aperture&quot;:&quot;0&quot;,&quot;credit&quot;:&quot;&quot;,&quot;camera&quot;:&quot;&quot;,&quot;caption&quot;:&quot;&quot;,&quot;created_timestamp&quot;:&quot;0&quot;,&quot;copyright&quot;:&quot;&quot;,&quot;focal_length&quot;:&quot;0&quot;,&quot;iso&quot;:&quot;0&quot;,&quot;shutter_speed&quot;:&quot;0&quot;,&quot;title&quot;:&quot;&quot;,&quot;orientation&quot;:&quot;0&quot;}\" data-image-title=\"Etecs e Fatecs de SP preparam profissionais para o mercado\" data-image-description=\"\" data-image-caption=\"\" data-large-file=\"https:\/\/i0.wp.com\/guialimeira.com.br\/news\/wp-content\/uploads\/2025\/04\/Etecs-e-Fatecs-de-SP-preparam-profissionais-para-o-mercado.jpeg?fit=696%2C461&amp;ssl=1\" loading=\"lazy\" width=\"696\" height=\"523\" data-id=\"31018\" src=\"https:\/\/i0.wp.com\/guialimeira.com.br\/wp-content\/uploads\/2025\/08\/1755035036_410_Defesa-Civil-combate-incendio-de-grandes-proporcoes-na-Rodovia-Washington.jpeg?resize=696%2C523&#038;ssl=1\" alt=\"\" class=\"wp-image-31018\" \/><\/figure>\n<figure class=\"wp-block-image size-large\"><img data-recalc-dims=\"1\" decoding=\"async\" loading=\"lazy\" width=\"696\" height=\"523\" data-id=\"31017\" src=\"https:\/\/i0.wp.com\/guialimeira.com.br\/wp-content\/uploads\/2025\/08\/1755035036_975_Defesa-Civil-combate-incendio-de-grandes-proporcoes-na-Rodovia-Washington.jpeg?resize=696%2C523&#038;ssl=1\" alt=\"\" class=\"wp-image-31017\" \/><\/figure>\n<figure class=\"wp-block-image size-large\"><img data-recalc-dims=\"1\" decoding=\"async\" data-attachment-id=\"31016\" data-permalink=\"https:\/\/guialimeira.com.br\/news\/lula-decreta-luto-oficial-de-sete-dias-pela-morte-do-papa-francisco\/whatsapp_image_2023-06-21_at_10-51-50-jpeg\/\" data-orig-file=\"https:\/\/i0.wp.com\/guialimeira.com.br\/news\/wp-content\/uploads\/2025\/04\/whatsapp_image_2023-06-21_at_10.51.50.jpeg?fit=1600%2C800&amp;ssl=1\" data-orig-size=\"1600,800\" data-comments-opened=\"1\" data-image-meta=\"{&quot;aperture&quot;:&quot;0&quot;,&quot;credit&quot;:&quot;&quot;,&quot;camera&quot;:&quot;&quot;,&quot;caption&quot;:&quot;&quot;,&quot;created_timestamp&quot;:&quot;0&quot;,&quot;copyright&quot;:&quot;&quot;,&quot;focal_length&quot;:&quot;0&quot;,&quot;iso&quot;:&quot;0&quot;,&quot;shutter_speed&quot;:&quot;0&quot;,&quot;title&quot;:&quot;&quot;,&quot;orientation&quot;:&quot;0&quot;}\" data-image-title=\"whatsapp_image_2023-06-21_at_10.51.50.jpeg\" data-image-description=\"\" data-image-caption=\"\" data-large-file=\"https:\/\/i0.wp.com\/guialimeira.com.br\/news\/wp-content\/uploads\/2025\/04\/whatsapp_image_2023-06-21_at_10.51.50.jpeg?fit=696%2C348&amp;ssl=1\" loading=\"lazy\" width=\"696\" height=\"523\" data-id=\"31016\" src=\"https:\/\/i0.wp.com\/guialimeira.com.br\/wp-content\/uploads\/2025\/08\/1755035037_739_Defesa-Civil-combate-incendio-de-grandes-proporcoes-na-Rodovia-Washington.jpeg?resize=696%2C523&#038;ssl=1\" alt=\"\" class=\"wp-image-31016\" \/><\/figure>\n<figure class=\"wp-block-image size-large\"><img data-recalc-dims=\"1\" decoding=\"async\" loading=\"lazy\" width=\"696\" height=\"523\" data-id=\"31015\" src=\"https:\/\/i0.wp.com\/guialimeira.com.br\/wp-content\/uploads\/2025\/08\/1755035037_403_Defesa-Civil-combate-incendio-de-grandes-proporcoes-na-Rodovia-Washington.jpeg?resize=696%2C523&#038;ssl=1\" alt=\"\" class=\"wp-image-31015\" \/><\/figure>\n<figure class=\"wp-block-image size-large\"><img data-recalc-dims=\"1\" decoding=\"async\" data-attachment-id=\"31014\" data-permalink=\"https:\/\/guialimeira.com.br\/news\/tv-brasil-celebra-os-65-anos-de-brasilia-com-programa-especial\/palacio_da_alvorada_durante_construcao-jpg\/\" data-orig-file=\"https:\/\/i0.wp.com\/guialimeira.com.br\/news\/wp-content\/uploads\/2025\/04\/palacio_da_alvorada_durante_construcao.jpg?fit=1600%2C800&amp;ssl=1\" data-orig-size=\"1600,800\" data-comments-opened=\"1\" data-image-meta=\"{&quot;aperture&quot;:&quot;0&quot;,&quot;credit&quot;:&quot;&quot;,&quot;camera&quot;:&quot;&quot;,&quot;caption&quot;:&quot;&quot;,&quot;created_timestamp&quot;:&quot;0&quot;,&quot;copyright&quot;:&quot;&quot;,&quot;focal_length&quot;:&quot;0&quot;,&quot;iso&quot;:&quot;0&quot;,&quot;shutter_speed&quot;:&quot;0&quot;,&quot;title&quot;:&quot;&quot;,&quot;orientation&quot;:&quot;0&quot;}\" data-image-title=\"palacio_da_alvorada_durante_construcao.jpg\" data-image-description=\"\" data-image-caption=\"\" data-large-file=\"https:\/\/i0.wp.com\/guialimeira.com.br\/news\/wp-content\/uploads\/2025\/04\/palacio_da_alvorada_durante_construcao.jpg?fit=696%2C348&amp;ssl=1\" loading=\"lazy\" width=\"696\" height=\"523\" data-id=\"31014\" src=\"https:\/\/i0.wp.com\/guialimeira.com.br\/wp-content\/uploads\/2025\/08\/1755035037_219_Defesa-Civil-combate-incendio-de-grandes-proporcoes-na-Rodovia-Washington.jpeg?resize=696%2C523&#038;ssl=1\" alt=\"\" class=\"wp-image-31014\" \/><\/figure>\n<figure class=\"wp-block-image size-large\"><img data-recalc-dims=\"1\" decoding=\"async\" loading=\"lazy\" width=\"696\" height=\"523\" data-id=\"31013\" src=\"https:\/\/i0.wp.com\/guialimeira.com.br\/wp-content\/uploads\/2025\/08\/1755035037_393_Defesa-Civil-combate-incendio-de-grandes-proporcoes-na-Rodovia-Washington.jpeg?resize=696%2C523&#038;ssl=1\" alt=\"\" class=\"wp-image-31013\" \/><\/figure>\n<figure class=\"wp-block-image size-large\"><img data-recalc-dims=\"1\" decoding=\"async\" data-attachment-id=\"31012\" data-permalink=\"https:\/\/guialimeira.com.br\/news\/urbanismo-convida-populacao-para-participar-das-oficinas-de-revisao-do-plano-diretor\/m_137_0_1_17042025160117-jpg\/\" data-orig-file=\"https:\/\/i0.wp.com\/guialimeira.com.br\/news\/wp-content\/uploads\/2025\/04\/m_137_0_1_17042025160117.jpg?fit=900%2C598&amp;ssl=1\" data-orig-size=\"900,598\" data-comments-opened=\"1\" data-image-meta=\"{&quot;aperture&quot;:&quot;0&quot;,&quot;credit&quot;:&quot;&quot;,&quot;camera&quot;:&quot;&quot;,&quot;caption&quot;:&quot;&quot;,&quot;created_timestamp&quot;:&quot;0&quot;,&quot;copyright&quot;:&quot;&quot;,&quot;focal_length&quot;:&quot;0&quot;,&quot;iso&quot;:&quot;0&quot;,&quot;shutter_speed&quot;:&quot;0&quot;,&quot;title&quot;:&quot;&quot;,&quot;orientation&quot;:&quot;0&quot;}\" data-image-title=\"m_137_0_1_17042025160117.jpg\" data-image-description=\"\" data-image-caption=\"\" data-large-file=\"https:\/\/i0.wp.com\/guialimeira.com.br\/news\/wp-content\/uploads\/2025\/04\/m_137_0_1_17042025160117.jpg?fit=696%2C462&amp;ssl=1\" loading=\"lazy\" width=\"696\" height=\"523\" data-id=\"31012\" src=\"https:\/\/i0.wp.com\/guialimeira.com.br\/wp-content\/uploads\/2025\/08\/1755035037_463_Defesa-Civil-combate-incendio-de-grandes-proporcoes-na-Rodovia-Washington.jpeg?resize=696%2C523&#038;ssl=1\" alt=\"\" class=\"wp-image-31012\" \/><\/figure>\n<figure class=\"wp-block-image size-large\"><img data-recalc-dims=\"1\" decoding=\"async\" loading=\"lazy\" width=\"696\" height=\"523\" data-id=\"31011\" src=\"https:\/\/i0.wp.com\/guialimeira.com.br\/wp-content\/uploads\/2025\/08\/1755035037_509_Defesa-Civil-combate-incendio-de-grandes-proporcoes-na-Rodovia-Washington.jpeg?resize=696%2C523&#038;ssl=1\" alt=\"\" class=\"wp-image-31011\" \/><\/figure>\n<figure class=\"wp-block-image size-large\"><img data-recalc-dims=\"1\" decoding=\"async\" loading=\"lazy\" width=\"696\" height=\"522\" data-id=\"31010\" src=\"https:\/\/i0.wp.com\/guialimeira.com.br\/wp-content\/uploads\/2025\/08\/1755035037_450_Defesa-Civil-combate-incendio-de-grandes-proporcoes-na-Rodovia-Washington.jpeg?resize=696%2C522&#038;ssl=1\" alt=\"\" class=\"wp-image-31010\" \/><\/figure>\n<\/figure><\/div>\n<p><br \/>\n<br \/><a href=\"https:\/\/www.cordeiropolis.sp.gov.br\/defesa-civil-combate-incendio-de-grandes-proporcoes-na-rodovia-washington-luis\/\" rel=\"noopener\">Informa\u00e7\u00f5es Cordeir\u00f3polis <\/a><\/p>\n","protected":false},"excerpt":{"rendered":"<p>A Defesa Civil de Cordeir\u00f3polis atuou neste domingo (10) no combate a um inc\u00eandio de grandes propor\u00e7\u00f5es em vegeta\u00e7\u00e3o, em terrenos pr\u00f3ximos a duas empresas e \u00e0s margens da Rodovia Washington Lu\u00eds. A \u00e1rea atingida foi de aproximadamente 20 mil metros quadrados. O primeiro foco de inc\u00eandio ocorreu pela manh\u00e3, exigindo cerca de duas horas [&hellip;]<\/p>\n","protected":false},"author":1,"featured_media":41039,"comment_status":"open","ping_status":"open","sticky":false,"template":"","format":"standard","meta":{"_jetpack_newsletter_access":"","_jetpack_dont_email_post_to_subs":false,"_jetpack_newsletter_tier_id":0,"_jetpack_memberships_contains_paywalled_content":false,"_mbp_banners":[],"_jetpack_feature_clip_id":0,"_jetpack_memberships_contains_paid_content":false,"footnotes":"","jetpack_publicize_message":"","jetpack_publicize_feature_enabled":true,"jetpack_social_post_already_shared":true,"jetpack_social_options":{"image_generator_settings":{"template":"highway","default_image_id":0,"font":"","enabled":false},"version":2},"jetpack_post_was_ever_published":false},"categories":[20],"tags":[],"class_list":["post-41038","post","type-post","status-publish","format-standard","has-post-thumbnail","category-regiao"],"jetpack_publicize_connections":[],"jetpack-related-posts":[],"jetpack_shortlink":"https:\/\/wp.me\/p7Eq1F-aFU","jetpack_sharing_enabled":true,"jetpack_featured_media_url":"https:\/\/i0.wp.com\/guialimeira.com.br\/news\/wp-content\/uploads\/2025\/08\/Defesa-Civil-combate-incendio-de-grandes-proporcoes-na-Rodovia-Washington.jpeg?fit=1024%2C770&ssl=1","_links":{"self":[{"href":"https:\/\/guialimeira.com.br\/news\/wp-json\/wp\/v2\/posts\/41038","targetHints":{"allow":["GET"]}}],"collection":[{"href":"https:\/\/guialimeira.com.br\/news\/wp-json\/wp\/v2\/posts"}],"about":[{"href":"https:\/\/guialimeira.com.br\/news\/wp-json\/wp\/v2\/types\/post"}],"author":[{"embeddable":true,"href":"https:\/\/guialimeira.com.br\/news\/wp-json\/wp\/v2\/users\/1"}],"replies":[{"embeddable":true,"href":"https:\/\/guialimeira.com.br\/news\/wp-json\/wp\/v2\/comments?post=41038"}],"version-history":[{"count":1,"href":"https:\/\/guialimeira.com.br\/news\/wp-json\/wp\/v2\/posts\/41038\/revisions"}],"predecessor-version":[{"id":41040,"href":"https:\/\/guialimeira.com.br\/news\/wp-json\/wp\/v2\/posts\/41038\/revisions\/41040"}],"wp:featuredmedia":[{"embeddable":true,"href":"https:\/\/guialimeira.com.br\/news\/wp-json\/wp\/v2\/media\/41039"}],"wp:attachment":[{"href":"https:\/\/guialimeira.com.br\/news\/wp-json\/wp\/v2\/media?parent=41038"}],"wp:term":[{"taxonomy":"category","embeddable":true,"href":"https:\/\/guialimeira.com.br\/news\/wp-json\/wp\/v2\/categories?post=41038"},{"taxonomy":"post_tag","embeddable":true,"href":"https:\/\/guialimeira.com.br\/news\/wp-json\/wp\/v2\/tags?post=41038"}],"curies":[{"name":"wp","href":"https:\/\/api.w.org\/{rel}","templated":true}]}}