{"id":41030,"date":"2025-08-12T17:43:01","date_gmt":"2025-08-12T20:43:01","guid":{"rendered":"https:\/\/guialimeira.com.br\/?p=41030"},"modified":"2025-08-12T17:43:01","modified_gmt":"2025-08-12T20:43:01","slug":"cordeiropolis-economiza-15-milhoes-de-litros-de-agua-em-10-dias-com-decreto-de-restricao-prefeitura-municipal-de-cordeiropolis","status":"publish","type":"post","link":"https:\/\/guialimeira.com.br\/news\/cordeiropolis-economiza-15-milhoes-de-litros-de-agua-em-10-dias-com-decreto-de-restricao-prefeitura-municipal-de-cordeiropolis\/","title":{"rendered":"Cordeir\u00f3polis economiza 15 milh\u00f5es de litros de \u00e1gua em 10 dias com decreto de restri\u00e7\u00e3o \u2013 Prefeitura Municipal de Cordeir\u00f3polis"},"content":{"rendered":"<p> <br \/>\n<\/p>\n<div>\n<p>Em apenas 10 dias de vig\u00eancia do decreto municipal que restringe o uso de \u00e1gua pot\u00e1vel para lavagem de ve\u00edculos e cal\u00e7adas, Cordeir\u00f3polis alcan\u00e7ou uma economia estimada em 15 milh\u00f5es de litros. De acordo com o presidente do Servi\u00e7o Aut\u00f4nomo de \u00c1gua e Esgoto (SAAE), Marco Gomes da Silva, o volume \u00e9 suficiente para abastecer a cidade por aproximadamente um dia e meio.<\/p>\n<p>Nesse per\u00edodo, a represa do Mirante registrou redu\u00e7\u00e3o de cerca de 50% na capta\u00e7\u00e3o de \u00e1gua. Outro avan\u00e7o importante foi a proibi\u00e7\u00e3o da retirada de \u00e1gua por caminh\u00f5es na represa da Figueira, pr\u00e1tica que ocorria h\u00e1 quase dois anos. Com a medida, aproximadamente 300 mil litros por dia deixaram de ser retirados, permitindo que o recurso volte a alimentar a barragem da Santa Marina.<\/p>\n<p>Ainda segundo o presidente do SAAE, Cordeir\u00f3polis tem reserva de \u00e1gua para at\u00e9 1\u00ba de outubro, considerando todos os esfor\u00e7os feitos at\u00e9 o momento para economizar \u00e1gua. \u201cNesta semana, vamos protocolar o pedido de licen\u00e7a de opera\u00e7\u00e3o da barragem da Santa Marina 2, ap\u00f3s o atendimento de todos os apontamentos feitos pelos \u00f3rg\u00e3os ambientais\u201d, informou.<\/p>\n<p>\u201cEsse resultado mostra que as medidas adotadas pela prefeitura e pelo SAAE est\u00e3o surtindo efeito. Agrade\u00e7o a todos que t\u00eam colaborado. A conscientiza\u00e7\u00e3o \u00e9 de extrema import\u00e2ncia para garantir o uso sustent\u00e1vel da \u00e1gua\u201d, destacou a prefeita Cristina Saad.<\/p>\n<\/p><\/div>\n<p><br \/>\n<br \/><a href=\"https:\/\/www.cordeiropolis.sp.gov.br\/cordeiropolis-economiza-15-milhoes-de-litros-de-agua-em-10-dias-com-decreto-de-restricao\/\" rel=\"noopener\">Informa\u00e7\u00f5es Cordeir\u00f3polis <\/a><\/p>\n","protected":false},"excerpt":{"rendered":"<p>Em apenas 10 dias de vig\u00eancia do decreto municipal que restringe o uso de \u00e1gua pot\u00e1vel para lavagem de ve\u00edculos e cal\u00e7adas, Cordeir\u00f3polis alcan\u00e7ou uma economia estimada em 15 milh\u00f5es de litros. De acordo com o presidente do Servi\u00e7o Aut\u00f4nomo de \u00c1gua e Esgoto (SAAE), Marco Gomes da Silva, o volume \u00e9 suficiente para abastecer [&hellip;]<\/p>\n","protected":false},"author":1,"featured_media":0,"comment_status":"open","ping_status":"open","sticky":false,"template":"","format":"standard","meta":{"_jetpack_newsletter_access":"","_jetpack_dont_email_post_to_subs":false,"_jetpack_newsletter_tier_id":0,"_jetpack_memberships_contains_paywalled_content":false,"_mbp_banners":[],"_jetpack_feature_clip_id":0,"_jetpack_memberships_contains_paid_content":false,"footnotes":"","jetpack_publicize_message":"","jetpack_publicize_feature_enabled":true,"jetpack_social_post_already_shared":true,"jetpack_social_options":{"image_generator_settings":{"template":"highway","default_image_id":0,"font":"","enabled":false},"version":2},"jetpack_post_was_ever_published":false},"categories":[20],"tags":[],"class_list":["post-41030","post","type-post","status-publish","format-standard","category-regiao"],"jetpack_publicize_connections":[],"jetpack-related-posts":[],"jetpack_shortlink":"https:\/\/wp.me\/p7Eq1F-aFM","jetpack_sharing_enabled":true,"jetpack_featured_media_url":"","_links":{"self":[{"href":"https:\/\/guialimeira.com.br\/news\/wp-json\/wp\/v2\/posts\/41030","targetHints":{"allow":["GET"]}}],"collection":[{"href":"https:\/\/guialimeira.com.br\/news\/wp-json\/wp\/v2\/posts"}],"about":[{"href":"https:\/\/guialimeira.com.br\/news\/wp-json\/wp\/v2\/types\/post"}],"author":[{"embeddable":true,"href":"https:\/\/guialimeira.com.br\/news\/wp-json\/wp\/v2\/users\/1"}],"replies":[{"embeddable":true,"href":"https:\/\/guialimeira.com.br\/news\/wp-json\/wp\/v2\/comments?post=41030"}],"version-history":[{"count":1,"href":"https:\/\/guialimeira.com.br\/news\/wp-json\/wp\/v2\/posts\/41030\/revisions"}],"predecessor-version":[{"id":41031,"href":"https:\/\/guialimeira.com.br\/news\/wp-json\/wp\/v2\/posts\/41030\/revisions\/41031"}],"wp:attachment":[{"href":"https:\/\/guialimeira.com.br\/news\/wp-json\/wp\/v2\/media?parent=41030"}],"wp:term":[{"taxonomy":"category","embeddable":true,"href":"https:\/\/guialimeira.com.br\/news\/wp-json\/wp\/v2\/categories?post=41030"},{"taxonomy":"post_tag","embeddable":true,"href":"https:\/\/guialimeira.com.br\/news\/wp-json\/wp\/v2\/tags?post=41030"}],"curies":[{"name":"wp","href":"https:\/\/api.w.org\/{rel}","templated":true}]}}