{"id":4100,"date":"2024-05-07T18:44:42","date_gmt":"2024-05-07T21:44:42","guid":{"rendered":"https:\/\/guialimeira.com.br\/2024\/05\/07\/prefeitura-vai-reformar-as-ubss-esplanada-e-vila-cristina-e-a-usf-jardim-vitoria-portal-do-municipio-de-piracicaba\/"},"modified":"2024-05-07T18:44:42","modified_gmt":"2024-05-07T21:44:42","slug":"prefeitura-vai-reformar-as-ubss-esplanada-e-vila-cristina-e-a-usf-jardim-vitoria-portal-do-municipio-de-piracicaba","status":"publish","type":"post","link":"https:\/\/guialimeira.com.br\/news\/prefeitura-vai-reformar-as-ubss-esplanada-e-vila-cristina-e-a-usf-jardim-vitoria-portal-do-municipio-de-piracicaba\/","title":{"rendered":"Prefeitura vai reformar as UBSs Esplanada e Vila Cristina e a USF Jardim Vit\u00f3ria \u2013 Portal do Munic\u00edpio de Piracicaba"},"content":{"rendered":"<p> <br \/>\n<\/p>\n<div>\n<figure class=\"text-center\">\n<img data-recalc-dims=\"1\" width=\"696\" height=\"464\" src=\"https:\/\/i0.wp.com\/piracicaba.sp.gov.br\/wp-content\/uploads\/2024\/05\/UBS-Vila-Cristina-antigo-Crab-passara-por-reformas-1024x683.jpg?resize=696%2C464&#038;ssl=1\" class=\"img-fluid img-thumbnail border-1 wp-post-image\" alt=\"UBS Vila Cristina (antigo Crab) passar\u00e1 por reformas\" itemprop=\"image\" decoding=\"async\" fetchpriority=\"high\" srcset=\"https:\/\/piracicaba.sp.gov.br\/wp-content\/uploads\/2024\/05\/UBS-Vila-Cristina-antigo-Crab-passara-por-reformas-1024x683.jpg 1024w, https:\/\/piracicaba.sp.gov.br\/wp-content\/uploads\/2024\/05\/UBS-Vila-Cristina-antigo-Crab-passara-por-reformas-300x200.jpg 300w, https:\/\/piracicaba.sp.gov.br\/wp-content\/uploads\/2024\/05\/UBS-Vila-Cristina-antigo-Crab-passara-por-reformas-768x512.jpg 768w, https:\/\/piracicaba.sp.gov.br\/wp-content\/uploads\/2024\/05\/UBS-Vila-Cristina-antigo-Crab-passara-por-reformas-1536x1024.jpg 1536w, https:\/\/piracicaba.sp.gov.br\/wp-content\/uploads\/2024\/05\/UBS-Vila-Cristina-antigo-Crab-passara-por-reformas-2048x1365.jpg 2048w\" sizes=\"(max-width: 1024px) 100vw, 1024px\"\/><figcaption class=\"text-center small fw-bold fst-italic mt-1\">UBS Vila Cristina (antigo Crab) passar\u00e1 por reformas<\/figcaption><\/figure>\n<p>A Prefeitura de Piracicaba, por meio das secretarias municipais de Sa\u00fade e de Obras e Zeladoria, lan\u00e7ou o edital de concorr\u00eancia n\u00ba 15\/24 para execu\u00e7\u00e3o de obras de reformas da Unidade de Sa\u00fade da Fam\u00edlia (USF) Jardim Vit\u00f3ria, e das Unidades B\u00e1sicas de Sa\u00fade (UBS) Jardim Esplanada e Vila Cristina (antigo Crab). Esta \u00e9 a Etapa VI da reformas tendo como previs\u00e3o inicial de investimento \u00e9 de R$ 1,48 milh\u00e3o e as obras devem ser conclu\u00eddas em at\u00e9 210 dias ap\u00f3s a emiss\u00e3o da ordem de servi\u00e7o. As informa\u00e7\u00f5es est\u00e3o publicadas no Di\u00e1rio Oficial do Munic\u00edpio desta ter\u00e7a-feira, 07\/05.<\/p>\n<figure class=\"wp-block-image size-large\"><img data-recalc-dims=\"1\" loading=\"lazy\" decoding=\"async\" width=\"696\" height=\"464\" src=\"https:\/\/i0.wp.com\/piracicaba.sp.gov.br\/wp-content\/uploads\/2024\/05\/UBS-Jardim-Esplanada-tera-reforma-total-em-sua-infraestrutura-interna-e-externa-2-1024x683.jpg?resize=696%2C464&#038;ssl=1\" alt=\"UBS Jardim Esplanada ter\u00e1 reforma total em sua infraestrutura interna e externa\" class=\"wp-image-78610\" srcset=\"https:\/\/piracicaba.sp.gov.br\/wp-content\/uploads\/2024\/05\/UBS-Jardim-Esplanada-tera-reforma-total-em-sua-infraestrutura-interna-e-externa-2-1024x683.jpg 1024w, https:\/\/piracicaba.sp.gov.br\/wp-content\/uploads\/2024\/05\/UBS-Jardim-Esplanada-tera-reforma-total-em-sua-infraestrutura-interna-e-externa-2-300x200.jpg 300w, https:\/\/piracicaba.sp.gov.br\/wp-content\/uploads\/2024\/05\/UBS-Jardim-Esplanada-tera-reforma-total-em-sua-infraestrutura-interna-e-externa-2-768x512.jpg 768w, https:\/\/piracicaba.sp.gov.br\/wp-content\/uploads\/2024\/05\/UBS-Jardim-Esplanada-tera-reforma-total-em-sua-infraestrutura-interna-e-externa-2-1536x1024.jpg 1536w, https:\/\/piracicaba.sp.gov.br\/wp-content\/uploads\/2024\/05\/UBS-Jardim-Esplanada-tera-reforma-total-em-sua-infraestrutura-interna-e-externa-2-2048x1365.jpg 2048w\" sizes=\"auto, (max-width: 1024px) 100vw, 1024px\"\/><figcaption class=\"wp-element-caption\"><strong><em>UBS Jardim Esplanada ter\u00e1 reforma total em sua infraestrutura interna e externa<\/em><\/strong><\/figcaption><\/figure>\n<p>Conforme edital, na UBS Jardim Esplanada ser\u00e1 feita a altera\u00e7\u00e3o do layout da recep\u00e7\u00e3o, trocando a posi\u00e7\u00e3o da porta de entrada da unidade de local, reforma nos banheiros da recep\u00e7\u00e3o e banheiro no corredor. A \u00e1rea de armazenamento da farm\u00e1cia ser\u00e1 ampliada, ser\u00e1 reformulada a sala de ginecologista. Todas as esquadrias, incluindo portas e janelas, ser\u00e3o trocadas. O piso da nova recep\u00e7\u00e3o ser\u00e1 nivelado, e em toda unidade ser\u00e1 feita a estucagem, polimento e aplica\u00e7\u00e3o de nova camada de resina em toda a unidade. Execu\u00e7\u00e3o de novo muro de divisa e instala\u00e7\u00e3o de lixeira para lixo comum e lixo contaminado. Al\u00e9m disso, toda a unidade receber\u00e1 nova pintura.<\/p>\n<figure class=\"wp-block-image size-large\"><img data-recalc-dims=\"1\" loading=\"lazy\" decoding=\"async\" width=\"696\" height=\"464\" src=\"https:\/\/i0.wp.com\/piracicaba.sp.gov.br\/wp-content\/uploads\/2024\/05\/UBS-Jardim-Esplanada-passara-por-reformas-1024x683.jpg?resize=696%2C464&#038;ssl=1\" alt=\"UBS Jardim Esplanada passar\u00e1 por reformas\" class=\"wp-image-78608\" srcset=\"https:\/\/piracicaba.sp.gov.br\/wp-content\/uploads\/2024\/05\/UBS-Jardim-Esplanada-passara-por-reformas-1024x683.jpg 1024w, https:\/\/piracicaba.sp.gov.br\/wp-content\/uploads\/2024\/05\/UBS-Jardim-Esplanada-passara-por-reformas-300x200.jpg 300w, https:\/\/piracicaba.sp.gov.br\/wp-content\/uploads\/2024\/05\/UBS-Jardim-Esplanada-passara-por-reformas-768x512.jpg 768w, https:\/\/piracicaba.sp.gov.br\/wp-content\/uploads\/2024\/05\/UBS-Jardim-Esplanada-passara-por-reformas-1536x1024.jpg 1536w, https:\/\/piracicaba.sp.gov.br\/wp-content\/uploads\/2024\/05\/UBS-Jardim-Esplanada-passara-por-reformas-2048x1365.jpg 2048w\" sizes=\"auto, (max-width: 1024px) 100vw, 1024px\"\/><figcaption class=\"wp-element-caption\"><strong><em>UBS Jardim Esplanada passar\u00e1 por reformas<\/em><\/strong><\/figcaption><\/figure>\n<p>Na UBS Vila Cristina (antigo Crab) ser\u00e1 feita reforma geral com troca dos sanit\u00e1rios, remodela\u00e7\u00e3o da sala do dentista, troca e reparos em resina no piso, melhoria na galeria de \u00e1guas pluviais, bem como a troca de toda a parte el\u00e9trica. A sala de dep\u00f3sito e \u00e1rea de descanso receber\u00e3o telhamento e impermeabiliza\u00e7\u00e3o da laje para corrigir problemas de infiltra\u00e7\u00e3o. Ser\u00e3o trocadas as folhas de portas da unidade. O abrigo de lixo ter\u00e1 uma sa\u00edda para o exterior. A cobertura de policabornato da \u00e1rea de luz ser\u00e1 trocada para telha sandu\u00edche para melhorar a sensa\u00e7\u00e3o t\u00e9rmica. Al\u00e9m disso, toda a unidade receber\u00e1 nova pintura.<\/p>\n<figure class=\"wp-block-image size-large\"><img data-recalc-dims=\"1\" loading=\"lazy\" decoding=\"async\" width=\"696\" height=\"464\" src=\"https:\/\/i0.wp.com\/piracicaba.sp.gov.br\/wp-content\/uploads\/2024\/05\/Na-UBS-Vila-Cristina-consultorios-receberao-reforma-total-1-1024x683.jpg?resize=696%2C464&#038;ssl=1\" alt=\"Na UBS Vila Cristina, consult\u00f3rios receber\u00e3o reforma total\" class=\"wp-image-78605\" srcset=\"https:\/\/piracicaba.sp.gov.br\/wp-content\/uploads\/2024\/05\/Na-UBS-Vila-Cristina-consultorios-receberao-reforma-total-1-1024x683.jpg 1024w, https:\/\/piracicaba.sp.gov.br\/wp-content\/uploads\/2024\/05\/Na-UBS-Vila-Cristina-consultorios-receberao-reforma-total-1-300x200.jpg 300w, https:\/\/piracicaba.sp.gov.br\/wp-content\/uploads\/2024\/05\/Na-UBS-Vila-Cristina-consultorios-receberao-reforma-total-1-768x512.jpg 768w, https:\/\/piracicaba.sp.gov.br\/wp-content\/uploads\/2024\/05\/Na-UBS-Vila-Cristina-consultorios-receberao-reforma-total-1-1536x1024.jpg 1536w, https:\/\/piracicaba.sp.gov.br\/wp-content\/uploads\/2024\/05\/Na-UBS-Vila-Cristina-consultorios-receberao-reforma-total-1-2048x1365.jpg 2048w\" sizes=\"auto, (max-width: 1024px) 100vw, 1024px\"\/><figcaption class=\"wp-element-caption\"><strong><em>Na UBS Vila Cristina, consult\u00f3rios receber\u00e3o reforma total<\/em><\/strong><\/figcaption><\/figure>\n<p>J\u00e1 na USF Jardim Vit\u00f3ria ser\u00e1 feita remodela\u00e7\u00e3o nos sanit\u00e1rios da recep\u00e7\u00e3o, o consult\u00f3rio ser\u00e1 transformado em sala de vacina, a copa dos funcion\u00e1rios ser\u00e1 remodelada para melhor atender os funcion\u00e1rios. Atualmente, o acesso aos sanit\u00e1rios \u00e9 pela copa, com a reforma, a entrada ser\u00e1 individual, o sanit\u00e1rio PCD ser\u00e1 transformado em um consult\u00f3rio, a sala de grupo ser\u00e1 transformada em um consult\u00f3rio e uma sala de grupo menor. A unidade receber\u00e1 piso em granilite e ter\u00e1 o revestimento da fachada trocado. A unidade ter\u00e1 novo sistema de drenagem, alambrado e gradil, al\u00e9m da remodela\u00e7\u00e3o da parte el\u00e9trica e pintura total do pr\u00e9dio.<\/p>\n<figure class=\"wp-block-image size-large\"><img data-recalc-dims=\"1\" loading=\"lazy\" decoding=\"async\" width=\"696\" height=\"464\" src=\"https:\/\/i0.wp.com\/piracicaba.sp.gov.br\/wp-content\/uploads\/2024\/05\/USF-Jardim-Vitoria-passara-por-reformas-1024x683.jpg?resize=696%2C464&#038;ssl=1\" alt=\"USF Jardim Vit\u00f3ria passar\u00e1 por reformas\" class=\"wp-image-78613\" srcset=\"https:\/\/piracicaba.sp.gov.br\/wp-content\/uploads\/2024\/05\/USF-Jardim-Vitoria-passara-por-reformas-1024x683.jpg 1024w, https:\/\/piracicaba.sp.gov.br\/wp-content\/uploads\/2024\/05\/USF-Jardim-Vitoria-passara-por-reformas-300x200.jpg 300w, https:\/\/piracicaba.sp.gov.br\/wp-content\/uploads\/2024\/05\/USF-Jardim-Vitoria-passara-por-reformas-768x512.jpg 768w, https:\/\/piracicaba.sp.gov.br\/wp-content\/uploads\/2024\/05\/USF-Jardim-Vitoria-passara-por-reformas-1536x1024.jpg 1536w, https:\/\/piracicaba.sp.gov.br\/wp-content\/uploads\/2024\/05\/USF-Jardim-Vitoria-passara-por-reformas-2048x1365.jpg 2048w\" sizes=\"auto, (max-width: 1024px) 100vw, 1024px\"\/><figcaption class=\"wp-element-caption\"><strong><em>USF Jardim Vit\u00f3ria passar\u00e1 por reformas<\/em><\/strong><\/figcaption><\/figure>\n<p>Conforme edital, a abertura das propostas ser\u00e1 feita de forma eletr\u00f4nica por meio do link\u00a0<a href=\"https:\/\/bnccompras.com\/Home\/Login\" target=\"_blank\" rel=\"noreferrer noopener\">https:\/\/bnccompras.com\/Home\/Login<\/a>\u00a0a partir das 13h30 do dia 18 de junho de 2024; a fase de lances online tem in\u00edcio na mesma data, a partir das 14h.<\/p>\n<figure class=\"wp-block-image size-large\"><img data-recalc-dims=\"1\" loading=\"lazy\" decoding=\"async\" width=\"696\" height=\"464\" src=\"https:\/\/i0.wp.com\/piracicaba.sp.gov.br\/wp-content\/uploads\/2024\/05\/USF-Jardim-Vitoria-recebera-reformas-importantes-nos-banheiros-e-na-recepcao-2-1024x683.jpg?resize=696%2C464&#038;ssl=1\" alt=\"USF Jardim Vit\u00f3ria receber\u00e1 reformas importantes nos banheiros e na recep\u00e7\u00e3o\" class=\"wp-image-78616\" srcset=\"https:\/\/piracicaba.sp.gov.br\/wp-content\/uploads\/2024\/05\/USF-Jardim-Vitoria-recebera-reformas-importantes-nos-banheiros-e-na-recepcao-2-1024x683.jpg 1024w, https:\/\/piracicaba.sp.gov.br\/wp-content\/uploads\/2024\/05\/USF-Jardim-Vitoria-recebera-reformas-importantes-nos-banheiros-e-na-recepcao-2-300x200.jpg 300w, https:\/\/piracicaba.sp.gov.br\/wp-content\/uploads\/2024\/05\/USF-Jardim-Vitoria-recebera-reformas-importantes-nos-banheiros-e-na-recepcao-2-768x512.jpg 768w, https:\/\/piracicaba.sp.gov.br\/wp-content\/uploads\/2024\/05\/USF-Jardim-Vitoria-recebera-reformas-importantes-nos-banheiros-e-na-recepcao-2-1536x1024.jpg 1536w, https:\/\/piracicaba.sp.gov.br\/wp-content\/uploads\/2024\/05\/USF-Jardim-Vitoria-recebera-reformas-importantes-nos-banheiros-e-na-recepcao-2-2048x1365.jpg 2048w\" sizes=\"auto, (max-width: 1024px) 100vw, 1024px\"\/><figcaption class=\"wp-element-caption\"><strong><em>USF Jardim Vit\u00f3ria receber\u00e1 reformas importantes nos banheiros e na recep\u00e7\u00e3o<\/em><\/strong><\/figcaption><\/figure>\n<p><strong>OBRAS<\/strong>\u00a0\u2013 Desde o m\u00eas passado, duas unidades j\u00e1 recebem interven\u00e7\u00f5es de reformas: as USFs M\u00e1rio Dedini 2 e Santa F\u00e9. Com ordem de servi\u00e7o j\u00e1 assinadas, em breve, come\u00e7am as obras nas seguintes unidades: USF Algodoal, USF Eldorado 2, USF Kobayat Libano, USF Artemis 1 e 2, UBS Jardim Planalto, USF Tupi, USF Monte L\u00edbano II e UBS Cecap (antigo Crab). Recentemente, a Prefeitura abriu licita\u00e7\u00e3o \u2013 ainda em curso \u2013 para a etapa IV de reformas de unidades de sa\u00fade por meio do edital de concorr\u00eancia n\u00ba 07\/24 para execu\u00e7\u00e3o de obras na USF e Farm\u00e1cia do Cecap e da USF Jaragu\u00e1 I.<\/p>\n<figure class=\"wp-block-image size-large\"><img data-recalc-dims=\"1\" loading=\"lazy\" decoding=\"async\" width=\"696\" height=\"464\" src=\"https:\/\/i0.wp.com\/piracicaba.sp.gov.br\/wp-content\/uploads\/2024\/05\/Na-UBS-Vila-Cristina-consultorios-receberao-reforma-total-2-1024x683.jpg?resize=696%2C464&#038;ssl=1\" alt=\"Na UBS Vila Cristina, consult\u00f3rios receber\u00e3o reforma total\" class=\"wp-image-78606\" srcset=\"https:\/\/piracicaba.sp.gov.br\/wp-content\/uploads\/2024\/05\/Na-UBS-Vila-Cristina-consultorios-receberao-reforma-total-2-1024x683.jpg 1024w, https:\/\/piracicaba.sp.gov.br\/wp-content\/uploads\/2024\/05\/Na-UBS-Vila-Cristina-consultorios-receberao-reforma-total-2-300x200.jpg 300w, https:\/\/piracicaba.sp.gov.br\/wp-content\/uploads\/2024\/05\/Na-UBS-Vila-Cristina-consultorios-receberao-reforma-total-2-768x512.jpg 768w, https:\/\/piracicaba.sp.gov.br\/wp-content\/uploads\/2024\/05\/Na-UBS-Vila-Cristina-consultorios-receberao-reforma-total-2-1536x1024.jpg 1536w, https:\/\/piracicaba.sp.gov.br\/wp-content\/uploads\/2024\/05\/Na-UBS-Vila-Cristina-consultorios-receberao-reforma-total-2-2048x1365.jpg 2048w\" sizes=\"auto, (max-width: 1024px) 100vw, 1024px\"\/><figcaption class=\"wp-element-caption\"><strong><em>Na UBS Vila Cristina, consult\u00f3rios receber\u00e3o reforma total<\/em><\/strong><\/figcaption><\/figure>\n<figure class=\"wp-block-image size-large\"><img data-recalc-dims=\"1\" loading=\"lazy\" decoding=\"async\" width=\"696\" height=\"464\" src=\"https:\/\/i0.wp.com\/piracicaba.sp.gov.br\/wp-content\/uploads\/2024\/05\/UBS-Jardim-Esplanada-tera-reforma-total-em-sua-infraestrutura-interna-e-externa-1-1024x683.jpg?resize=696%2C464&#038;ssl=1\" alt=\"UBS Jardim Esplanada ter\u00e1 reforma total em sua infraestrutura interna e externa\" class=\"wp-image-78609\" srcset=\"https:\/\/piracicaba.sp.gov.br\/wp-content\/uploads\/2024\/05\/UBS-Jardim-Esplanada-tera-reforma-total-em-sua-infraestrutura-interna-e-externa-1-1024x683.jpg 1024w, https:\/\/piracicaba.sp.gov.br\/wp-content\/uploads\/2024\/05\/UBS-Jardim-Esplanada-tera-reforma-total-em-sua-infraestrutura-interna-e-externa-1-300x200.jpg 300w, https:\/\/piracicaba.sp.gov.br\/wp-content\/uploads\/2024\/05\/UBS-Jardim-Esplanada-tera-reforma-total-em-sua-infraestrutura-interna-e-externa-1-768x512.jpg 768w, https:\/\/piracicaba.sp.gov.br\/wp-content\/uploads\/2024\/05\/UBS-Jardim-Esplanada-tera-reforma-total-em-sua-infraestrutura-interna-e-externa-1-1536x1024.jpg 1536w, https:\/\/piracicaba.sp.gov.br\/wp-content\/uploads\/2024\/05\/UBS-Jardim-Esplanada-tera-reforma-total-em-sua-infraestrutura-interna-e-externa-1-2048x1365.jpg 2048w\" sizes=\"auto, (max-width: 1024px) 100vw, 1024px\"\/><figcaption class=\"wp-element-caption\"><strong><em>UBS Jardim Esplanada ter\u00e1 reforma total em sua infraestrutura interna e externa<\/em><\/strong><\/figcaption><\/figure>\n<figure class=\"wp-block-image size-large\"><img data-recalc-dims=\"1\" loading=\"lazy\" decoding=\"async\" width=\"696\" height=\"464\" src=\"https:\/\/i0.wp.com\/piracicaba.sp.gov.br\/wp-content\/uploads\/2024\/05\/USF-Jardim-Vitoria-recebera-reformas-importantes-nos-banheiros-e-na-recepcao-1-1024x683.jpg?resize=696%2C464&#038;ssl=1\" alt=\"USF Jardim Vit\u00f3ria receber\u00e1 reformas importantes nos banheiros e na recep\u00e7\u00e3o\" class=\"wp-image-78615\" srcset=\"https:\/\/piracicaba.sp.gov.br\/wp-content\/uploads\/2024\/05\/USF-Jardim-Vitoria-recebera-reformas-importantes-nos-banheiros-e-na-recepcao-1-1024x683.jpg 1024w, https:\/\/piracicaba.sp.gov.br\/wp-content\/uploads\/2024\/05\/USF-Jardim-Vitoria-recebera-reformas-importantes-nos-banheiros-e-na-recepcao-1-300x200.jpg 300w, https:\/\/piracicaba.sp.gov.br\/wp-content\/uploads\/2024\/05\/USF-Jardim-Vitoria-recebera-reformas-importantes-nos-banheiros-e-na-recepcao-1-768x512.jpg 768w, https:\/\/piracicaba.sp.gov.br\/wp-content\/uploads\/2024\/05\/USF-Jardim-Vitoria-recebera-reformas-importantes-nos-banheiros-e-na-recepcao-1-1536x1024.jpg 1536w, https:\/\/piracicaba.sp.gov.br\/wp-content\/uploads\/2024\/05\/USF-Jardim-Vitoria-recebera-reformas-importantes-nos-banheiros-e-na-recepcao-1-2048x1365.jpg 2048w\" sizes=\"auto, (max-width: 1024px) 100vw, 1024px\"\/><figcaption class=\"wp-element-caption\"><strong><em>USF Jardim Vit\u00f3ria receber\u00e1 reformas importantes nos banheiros e na recep\u00e7\u00e3o<\/em><\/strong><\/figcaption><\/figure>\n<\/div>\n<p><br \/>\n<br \/><a href=\"https:\/\/piracicaba.sp.gov.br\/noticias\/prefeitura-vai-reformar-as-ubss-esplanada-e-vila-cristina-e-a-usf-jardim-vitoria\/\" rel=\"noopener\">Informa\u00e7\u00f5es PMP <\/a><\/p>\n","protected":false},"excerpt":{"rendered":"<p>UBS Vila Cristina (antigo Crab) passar\u00e1 por reformas A Prefeitura de Piracicaba, por meio das secretarias municipais de Sa\u00fade e de Obras e Zeladoria, lan\u00e7ou o edital de concorr\u00eancia n\u00ba 15\/24 para execu\u00e7\u00e3o de obras de reformas da Unidade de Sa\u00fade da Fam\u00edlia (USF) Jardim Vit\u00f3ria, e das Unidades B\u00e1sicas de Sa\u00fade (UBS) Jardim Esplanada [&hellip;]<\/p>\n","protected":false},"author":1,"featured_media":4101,"comment_status":"open","ping_status":"open","sticky":false,"template":"","format":"standard","meta":{"_jetpack_newsletter_access":"","_jetpack_dont_email_post_to_subs":false,"_jetpack_newsletter_tier_id":0,"_jetpack_memberships_contains_paywalled_content":false,"_mbp_banners":[],"_jetpack_feature_clip_id":0,"_jetpack_memberships_contains_paid_content":false,"footnotes":"","jetpack_publicize_message":"","jetpack_publicize_feature_enabled":true,"jetpack_social_post_already_shared":true,"jetpack_social_options":{"image_generator_settings":{"template":"highway","default_image_id":0,"font":"","enabled":false},"version":2},"jetpack_post_was_ever_published":false},"categories":[20],"tags":[],"class_list":["post-4100","post","type-post","status-publish","format-standard","has-post-thumbnail","category-regiao"],"jetpack_publicize_connections":[],"jetpack-related-posts":[],"jetpack_shortlink":"https:\/\/wp.me\/p7Eq1F-148","jetpack_sharing_enabled":true,"jetpack_featured_media_url":"https:\/\/i0.wp.com\/guialimeira.com.br\/news\/wp-content\/uploads\/2024\/05\/UBS-Vila-Cristina-antigo-Crab-passara-por-reformas-scaled.jpg?fit=2560%2C1706&ssl=1","_links":{"self":[{"href":"https:\/\/guialimeira.com.br\/news\/wp-json\/wp\/v2\/posts\/4100","targetHints":{"allow":["GET"]}}],"collection":[{"href":"https:\/\/guialimeira.com.br\/news\/wp-json\/wp\/v2\/posts"}],"about":[{"href":"https:\/\/guialimeira.com.br\/news\/wp-json\/wp\/v2\/types\/post"}],"author":[{"embeddable":true,"href":"https:\/\/guialimeira.com.br\/news\/wp-json\/wp\/v2\/users\/1"}],"replies":[{"embeddable":true,"href":"https:\/\/guialimeira.com.br\/news\/wp-json\/wp\/v2\/comments?post=4100"}],"version-history":[{"count":0,"href":"https:\/\/guialimeira.com.br\/news\/wp-json\/wp\/v2\/posts\/4100\/revisions"}],"wp:featuredmedia":[{"embeddable":true,"href":"https:\/\/guialimeira.com.br\/news\/wp-json\/wp\/v2\/media\/4101"}],"wp:attachment":[{"href":"https:\/\/guialimeira.com.br\/news\/wp-json\/wp\/v2\/media?parent=4100"}],"wp:term":[{"taxonomy":"category","embeddable":true,"href":"https:\/\/guialimeira.com.br\/news\/wp-json\/wp\/v2\/categories?post=4100"},{"taxonomy":"post_tag","embeddable":true,"href":"https:\/\/guialimeira.com.br\/news\/wp-json\/wp\/v2\/tags?post=4100"}],"curies":[{"name":"wp","href":"https:\/\/api.w.org\/{rel}","templated":true}]}}