{"id":410,"date":"2024-03-29T20:56:42","date_gmt":"2024-03-29T23:56:42","guid":{"rendered":"https:\/\/guialimeira.com.br\/2024\/03\/29\/comite-da-dengue-define-ampliacao-da\/"},"modified":"2024-03-29T20:56:42","modified_gmt":"2024-03-29T23:56:42","slug":"comite-da-dengue-define-ampliacao-da","status":"publish","type":"post","link":"https:\/\/guialimeira.com.br\/news\/comite-da-dengue-define-ampliacao-da\/","title":{"rendered":"Comit\u00ea da Dengue define amplia\u00e7\u00e3o da&#8230;"},"content":{"rendered":"<p> <br \/>\n<br \/><img data-recalc-dims=\"1\" decoding=\"async\" src=\"https:\/\/i0.wp.com\/www.iracemapolis.sp.gov.br\/fotos\/3f92caf6a5b1299821467431ebd12fbd.png?w=696&#038;ssl=1\" \/><\/p>\n<div>\n                                            Com o objetivo de promover maior transpar\u00eancia para os n\u00fameros de casos de dengue, diante do crescimento de casos, o Departamento de Vigil\u00e2ncia Epidemiol\u00f3gica informa que o Boletim Epidemiol\u00f3gico ser\u00e1 publicado duas vezes na semana, as ter\u00e7as e sextas-feiras, a partir dessa semana.<\/p>\n<p>A defini\u00e7\u00e3o partiu do Comit\u00ea de Enfrentamento a Dengue na reuni\u00e3o realizada na \u00faltima sexta-feira. Acompanhe os n\u00fameros:                                        <\/p>\n<\/div>\n<p><br \/>\n<br \/><a href=\"https:\/\/www.iracemapolis.sp.gov.br\/portal\/noticias\/0\/3\/2122\/comite-da-dengue-define-ampliacao-da-divulgacao-do-boletim-epidemiologico\/\" rel=\"noopener\">Informa\u00e7\u00f5es PMI<\/a><\/p>\n","protected":false},"excerpt":{"rendered":"<p>Com o objetivo de promover maior transpar\u00eancia para os n\u00fameros de casos de dengue, diante do crescimento de casos, o Departamento de Vigil\u00e2ncia Epidemiol\u00f3gica informa que o Boletim Epidemiol\u00f3gico ser\u00e1 publicado duas vezes na semana, as ter\u00e7as e sextas-feiras, a partir dessa semana. A defini\u00e7\u00e3o partiu do Comit\u00ea de Enfrentamento a Dengue na reuni\u00e3o realizada [&hellip;]<\/p>\n","protected":false},"author":1,"featured_media":411,"comment_status":"open","ping_status":"open","sticky":false,"template":"","format":"standard","meta":{"_jetpack_newsletter_access":"","_jetpack_dont_email_post_to_subs":false,"_jetpack_newsletter_tier_id":0,"_jetpack_memberships_contains_paywalled_content":false,"_mbp_banners":[],"_jetpack_feature_clip_id":0,"_jetpack_memberships_contains_paid_content":false,"footnotes":"","jetpack_publicize_message":"","jetpack_publicize_feature_enabled":true,"jetpack_social_post_already_shared":true,"jetpack_social_options":{"image_generator_settings":{"template":"highway","default_image_id":0,"font":"","enabled":false},"version":2},"jetpack_post_was_ever_published":false},"categories":[20],"tags":[],"class_list":["post-410","post","type-post","status-publish","format-standard","has-post-thumbnail","category-regiao"],"jetpack_publicize_connections":[],"jetpack-related-posts":[],"jetpack_shortlink":"https:\/\/wp.me\/p7Eq1F-6C","jetpack_sharing_enabled":true,"jetpack_featured_media_url":"https:\/\/i0.wp.com\/guialimeira.com.br\/news\/wp-content\/uploads\/2024\/03\/3f92caf6a5b1299821467431ebd12fbd.png?fit=800%2C800&ssl=1","_links":{"self":[{"href":"https:\/\/guialimeira.com.br\/news\/wp-json\/wp\/v2\/posts\/410","targetHints":{"allow":["GET"]}}],"collection":[{"href":"https:\/\/guialimeira.com.br\/news\/wp-json\/wp\/v2\/posts"}],"about":[{"href":"https:\/\/guialimeira.com.br\/news\/wp-json\/wp\/v2\/types\/post"}],"author":[{"embeddable":true,"href":"https:\/\/guialimeira.com.br\/news\/wp-json\/wp\/v2\/users\/1"}],"replies":[{"embeddable":true,"href":"https:\/\/guialimeira.com.br\/news\/wp-json\/wp\/v2\/comments?post=410"}],"version-history":[{"count":0,"href":"https:\/\/guialimeira.com.br\/news\/wp-json\/wp\/v2\/posts\/410\/revisions"}],"wp:featuredmedia":[{"embeddable":true,"href":"https:\/\/guialimeira.com.br\/news\/wp-json\/wp\/v2\/media\/411"}],"wp:attachment":[{"href":"https:\/\/guialimeira.com.br\/news\/wp-json\/wp\/v2\/media?parent=410"}],"wp:term":[{"taxonomy":"category","embeddable":true,"href":"https:\/\/guialimeira.com.br\/news\/wp-json\/wp\/v2\/categories?post=410"},{"taxonomy":"post_tag","embeddable":true,"href":"https:\/\/guialimeira.com.br\/news\/wp-json\/wp\/v2\/tags?post=410"}],"curies":[{"name":"wp","href":"https:\/\/api.w.org\/{rel}","templated":true}]}}