{"id":4099,"date":"2024-05-07T18:24:45","date_gmt":"2024-05-07T21:24:45","guid":{"rendered":"https:\/\/guialimeira.com.br\/2024\/05\/07\/interdicao-na-via-luiz-varga-altera-transito-na-regiao\/"},"modified":"2024-05-07T18:24:45","modified_gmt":"2024-05-07T21:24:45","slug":"interdicao-na-via-luiz-varga-altera-transito-na-regiao","status":"publish","type":"post","link":"https:\/\/guialimeira.com.br\/news\/interdicao-na-via-luiz-varga-altera-transito-na-regiao\/","title":{"rendered":"Interdi\u00e7\u00e3o na Via Luiz Varga altera tr\u00e2nsito na regi\u00e3o"},"content":{"rendered":"<p> <br \/>\n<\/p>\n<div>\n            <main class=\"\">&#13;<br \/>\n                &#13;<br \/>\n&#13;<br \/>\n&#13;<br \/>\n&#13;<br \/>\n    <img data-recalc-dims=\"1\" decoding=\"async\" src=\"https:\/\/i0.wp.com\/ecrie.com.br\/sistema\/conteudos\/imagem\/m_137_0_1_04042024135245.jpg?w=696&#038;ssl=1\" alt=\"Interdi\u00e7\u00e3o na Via Luiz Varga altera tr\u00e2nsito na regi\u00e3o\"\/>&#13;<br \/>\n&#13;<\/p>\n<p>A Secretaria de Mobilidade Urbana informa que uma das faixas de rolamento da Via Luiz Varga, ap\u00f3s a Rua Melvim Jones, sentido centro\/bairro ser\u00e1 interditada a partir de amanh\u00e3 (8). A interdi\u00e7\u00e3o, que segue at\u00e9 o pr\u00f3ximo s\u00e1bado (11), das 7h \u00e0s 17h, \u00e9 necess\u00e1ria para a realiza\u00e7\u00e3o de substitui\u00e7\u00e3o de parte da rede de \u00e1gua pela BRK Ambiental.<\/p>\n<p>&#13;<\/p>\n<p>\u00a0<\/p>\n<p>&#13;<\/p>\n<p>A pasta pede que os motoristas programem antecipadamente o trajeto e redobrem a aten\u00e7\u00e3o ao trafegarem pelo trecho.\u00a0<\/p>\n<p>&#13;<\/p>\n<p>\u00a0<\/p>\n<p>&#13;<\/p>\n<p>Os agentes de tr\u00e2nsito poder\u00e3o ser acionados, caso haja necessidade, pelos telefones 3441-2816 ou 3441-5469.<\/p>\n<p>&#13;<br \/>\n&#13;<br \/>\n&#13;<br \/>\n&#13;<\/p>\n<aside class=\"list-related no-print\">&#13;<br \/>\n        &#13;<br \/>\n&#13;<\/p>\n<article class=\"list-item noticias \">&#13;<br \/>\n                    <a class=\"list-item__img\" href=\"https:\/\/limeira.sp.gov.br\/imprensa\/noticias\/mobilidade-urbana\/prefeitura-envia-para-camara-projeto-que-amplia-data-limite-para-adequacao-a-lei\" tabindex=\"-1\" aria-hidden=\"true\" rel=\"noopener\">&#13;<br \/>\n                        <img data-recalc-dims=\"1\" decoding=\"async\" src=\"https:\/\/i0.wp.com\/ecrie.com.br\/sistema\/conteudos\/imagem\/m_137_0_1_03052024163947.jpg?w=696&#038;ssl=1\" alt=\"Prefeitura envia para C\u00e2mara projeto que amplia data limite para adequa\u00e7\u00e3o \u00e0 lei\"\/>&#13;<br \/>\n                    <\/a>&#13;<br \/>\n&#13;<br \/>\n                &#13;<br \/>\n            <\/article>\n<p>&#13;<\/p>\n<article class=\"list-item noticias \">&#13;<br \/>\n                    <a class=\"list-item__img\" href=\"https:\/\/limeira.sp.gov.br\/imprensa\/noticias\/mobilidade-urbana\/via-santo-antonio-recebe-recapeamento-prefeito-e-vice-prefeita-acompanham-inicio-das-obras\" tabindex=\"-1\" aria-hidden=\"true\" rel=\"noopener\">&#13;<br \/>\n                        <img data-recalc-dims=\"1\" decoding=\"async\" src=\"https:\/\/i0.wp.com\/ecrie.com.br\/sistema\/conteudos\/imagem\/m_137_2_3_02052024171327.jpg?w=696&#038;ssl=1\" alt=\"Via Santo Ant\u00f4nio recebe recapeamento; prefeito e vice-prefeita acompanham in\u00edcio das obras\"\/>&#13;<br \/>\n                    <\/a>&#13;<br \/>\n&#13;<br \/>\n                &#13;<br \/>\n            <\/article>\n<p>&#13;<\/p>\n<article class=\"list-item noticias \">&#13;<br \/>\n                    <a class=\"list-item__img\" href=\"https:\/\/limeira.sp.gov.br\/imprensa\/noticias\/mobilidade-urbana\/lancada-campanha-educativa-para-reducao-de-acidentes-de-transito\" tabindex=\"-1\" aria-hidden=\"true\" rel=\"noopener\">&#13;<br \/>\n                        <img data-recalc-dims=\"1\" decoding=\"async\" src=\"https:\/\/i0.wp.com\/ecrie.com.br\/sistema\/conteudos\/imagem\/m_137_0_1_02052024140120.jpg?w=696&#038;ssl=1\" alt=\"Lan\u00e7ada campanha educativa para redu\u00e7\u00e3o de acidentes de tr\u00e2nsito\"\/>&#13;<br \/>\n                    <\/a>&#13;<br \/>\n&#13;<br \/>\n                &#13;<br \/>\n            <\/article>\n<p>&#13;<br \/>\n    <\/aside>\n<p>&#13;<br \/>\n&#13;<br \/>\n            <\/main><\/p><\/div>\n<p><br \/>\n<br \/><a href=\"https:\/\/limeira.sp.gov.br\/interdicao-na-via-luiz-varga-altera-transito-na-regiao\" rel=\"noopener\">Informa\u00e7\u00f5es da PML <\/a><\/p>\n","protected":false},"excerpt":{"rendered":"<p>&#13; &#13; &#13; &#13; &#13; &#13; &#13; A Secretaria de Mobilidade Urbana informa que uma das faixas de rolamento da Via Luiz Varga, ap\u00f3s a Rua Melvim Jones, sentido centro\/bairro ser\u00e1 interditada a partir de amanh\u00e3 (8). A interdi\u00e7\u00e3o, que segue at\u00e9 o pr\u00f3ximo s\u00e1bado (11), das 7h \u00e0s 17h, \u00e9 necess\u00e1ria para a realiza\u00e7\u00e3o [&hellip;]<\/p>\n","protected":false},"author":1,"featured_media":937,"comment_status":"open","ping_status":"open","sticky":false,"template":"","format":"standard","meta":{"_jetpack_newsletter_access":"","_jetpack_dont_email_post_to_subs":false,"_jetpack_newsletter_tier_id":0,"_jetpack_memberships_contains_paywalled_content":false,"_mbp_banners":[],"_jetpack_feature_clip_id":0,"_jetpack_memberships_contains_paid_content":false,"footnotes":"","jetpack_publicize_message":"","jetpack_publicize_feature_enabled":true,"jetpack_social_post_already_shared":true,"jetpack_social_options":{"image_generator_settings":{"template":"highway","default_image_id":0,"font":"","enabled":false},"version":2},"jetpack_post_was_ever_published":false},"categories":[16],"tags":[],"class_list":["post-4099","post","type-post","status-publish","format-standard","has-post-thumbnail","category-local"],"jetpack_publicize_connections":[],"jetpack-related-posts":[],"jetpack_shortlink":"https:\/\/wp.me\/p7Eq1F-147","jetpack_sharing_enabled":true,"jetpack_featured_media_url":"https:\/\/i0.wp.com\/guialimeira.com.br\/news\/wp-content\/uploads\/2024\/04\/m_137_0_1_04042024135245.jpg?fit=1280%2C852&ssl=1","_links":{"self":[{"href":"https:\/\/guialimeira.com.br\/news\/wp-json\/wp\/v2\/posts\/4099","targetHints":{"allow":["GET"]}}],"collection":[{"href":"https:\/\/guialimeira.com.br\/news\/wp-json\/wp\/v2\/posts"}],"about":[{"href":"https:\/\/guialimeira.com.br\/news\/wp-json\/wp\/v2\/types\/post"}],"author":[{"embeddable":true,"href":"https:\/\/guialimeira.com.br\/news\/wp-json\/wp\/v2\/users\/1"}],"replies":[{"embeddable":true,"href":"https:\/\/guialimeira.com.br\/news\/wp-json\/wp\/v2\/comments?post=4099"}],"version-history":[{"count":0,"href":"https:\/\/guialimeira.com.br\/news\/wp-json\/wp\/v2\/posts\/4099\/revisions"}],"wp:featuredmedia":[{"embeddable":true,"href":"https:\/\/guialimeira.com.br\/news\/wp-json\/wp\/v2\/media\/937"}],"wp:attachment":[{"href":"https:\/\/guialimeira.com.br\/news\/wp-json\/wp\/v2\/media?parent=4099"}],"wp:term":[{"taxonomy":"category","embeddable":true,"href":"https:\/\/guialimeira.com.br\/news\/wp-json\/wp\/v2\/categories?post=4099"},{"taxonomy":"post_tag","embeddable":true,"href":"https:\/\/guialimeira.com.br\/news\/wp-json\/wp\/v2\/tags?post=4099"}],"curies":[{"name":"wp","href":"https:\/\/api.w.org\/{rel}","templated":true}]}}