{"id":4092,"date":"2024-05-07T17:43:43","date_gmt":"2024-05-07T20:43:43","guid":{"rendered":"https:\/\/guialimeira.com.br\/2024\/05\/07\/comemoracao-tem-foco-no-direito-a-assistencia-social-e-saude-portal-do-municipio-de-piracicaba\/"},"modified":"2024-05-07T17:43:43","modified_gmt":"2024-05-07T20:43:43","slug":"comemoracao-tem-foco-no-direito-a-assistencia-social-e-saude-portal-do-municipio-de-piracicaba","status":"publish","type":"post","link":"https:\/\/guialimeira.com.br\/news\/comemoracao-tem-foco-no-direito-a-assistencia-social-e-saude-portal-do-municipio-de-piracicaba\/","title":{"rendered":"Comemora\u00e7\u00e3o tem foco no direito \u00e0 assist\u00eancia social e sa\u00fade \u2013 Portal do Munic\u00edpio de Piracicaba"},"content":{"rendered":"<p> <br \/>\n<\/p>\n<div>\n<figure class=\"text-center\">\n<img data-recalc-dims=\"1\" width=\"696\" height=\"522\" src=\"https:\/\/i0.wp.com\/piracicaba.sp.gov.br\/wp-content\/uploads\/2024\/05\/Dr.-Marcelo-Carvalho-a-secretaria-Euclidia-Fioravante-a-psicologa-do-Cras-Carmem-Lucia-e-a-coordenadora-Noemi-Lopes-explicam-sobre-os-servicos-publicos.png?resize=696%2C522&#038;ssl=1\" class=\"img-fluid img-thumbnail border-1 wp-post-image\" alt=\"Na imagem, \u00e0 frente, os palestrantes falam sobre os servi\u00e7os p\u00fablicos aos usu\u00e1rios do Cras\" itemprop=\"image\" decoding=\"async\" fetchpriority=\"high\" srcset=\"https:\/\/piracicaba.sp.gov.br\/wp-content\/uploads\/2024\/05\/Dr.-Marcelo-Carvalho-a-secretaria-Euclidia-Fioravante-a-psicologa-do-Cras-Carmem-Lucia-e-a-coordenadora-Noemi-Lopes-explicam-sobre-os-servicos-publicos.png 1024w, https:\/\/piracicaba.sp.gov.br\/wp-content\/uploads\/2024\/05\/Dr.-Marcelo-Carvalho-a-secretaria-Euclidia-Fioravante-a-psicologa-do-Cras-Carmem-Lucia-e-a-coordenadora-Noemi-Lopes-explicam-sobre-os-servicos-publicos-300x225.png 300w, https:\/\/piracicaba.sp.gov.br\/wp-content\/uploads\/2024\/05\/Dr.-Marcelo-Carvalho-a-secretaria-Euclidia-Fioravante-a-psicologa-do-Cras-Carmem-Lucia-e-a-coordenadora-Noemi-Lopes-explicam-sobre-os-servicos-publicos-768x576.png 768w\" sizes=\"(max-width: 1024px) 100vw, 1024px\"\/><figcaption class=\"text-center small fw-bold fst-italic mt-1\">Dr. Marcelo Carvalho, a secret\u00e1ria Euclidia Fioravante, a psic\u00f3loga do Cras, Carmem L\u00facia e a coordenadora Noemi Lopes explicam sobre os servi\u00e7os p\u00fablicos<\/figcaption><\/figure>\n<p>Usu\u00e1rios do Centro de Refer\u00eancia de Assist\u00eancia Social (Cras) Vila S\u00f4nia participaram na manh\u00e3 de hoje, dia 06\/05, de Acolhida em comemora\u00e7\u00e3o aos 15 anos de atua\u00e7\u00e3o do servi\u00e7o no territ\u00f3rio. A atividade, realizada sempre \u00e0s segundas-feiras, contou com o fortalecimento de informa\u00e7\u00f5es sobre os servi\u00e7os ofertados pela Secretaria Municipal de Assist\u00eancia e Desenvolvimento Social (Smads) e Secretaria de Sa\u00fade.<\/p>\n<p>Na atividade, onde participaram mais de 30 pessoas de bairros como Jardim Maria Cl\u00e1udia, Parque Piracicaba, Balbo, Boa Esperan\u00e7a, IAA, Santa Terezinha, Vem Viver, entre outros, a coordenadora do Cras, Noemi Lopes fez uma reflex\u00e3o sobre o papel do servi\u00e7o e de que forma a sua oferta no territ\u00f3rio impactou a vida de pessoas e fam\u00edlias ao longo de 15 anos. \u201cMuitas fam\u00edlias foram ou s\u00e3o atendidas aqui, por meio de a\u00e7\u00f5es preventivas que trabalham o fortalecimento dos v\u00ednculos familiares e comunit\u00e1rios, al\u00e9m de ampliar e garantir o acesso aos direitos de cidadania\u201d, explicou.<\/p>\n<p>Euclidia Fioravante, secret\u00e1ria da Smads, tamb\u00e9m esteve presente e falou sobre a possibilidade de ofertar aos moradores do territ\u00f3rio, o acesso facilitado para o cadastramento no Cart\u00e3o Pira Cidad\u00e3o, a partir do atendimento descentralizado nos Cras. \u201cAl\u00e9m de cadastramento, quando tiverem alguma dificuldade de acesso \u00e0s informa\u00e7\u00f5es dos servi\u00e7os p\u00fablicos, a consulta pode ser feita nas unidades de Cras para evitar o deslocamento\u201d, disse.<\/p>\n<p>Outro programa citado foi a Zeladoria Comunit\u00e1ria, que viabiliza a coopera\u00e7\u00e3o entre Administra\u00e7\u00e3o P\u00fablica e Associa\u00e7\u00f5es de Bairro ou Moradores regularizadas para manter servi\u00e7os de zeladoria (poda de \u00e1rvores, manuten\u00e7\u00f5es estruturais em geral, tapa-buraco, manuten\u00e7\u00e3o de parques e equipamentos p\u00fablicos, jardinagem e paisagismo) em regi\u00f5es afastadas da \u00e1rea urbana do munic\u00edpio, como j\u00e1 vem acontecendo em Artemis, Santana, Santa Ol\u00edmpia e Tanquinho e ser\u00e1 ampliado, totalizando 14 regi\u00f5es.<\/p>\n<p>O subsecret\u00e1rio da Sa\u00fade, Marcelo Carvalho, esteve presente e apresentou informa\u00e7\u00f5es sobre os servi\u00e7os de sa\u00fade e as formas de acesso, como o servi\u00e7o de Telemedicina gratuita, onde os pacientes do SUS, com cadastro no Cart\u00e3o Pira Cidad\u00e3o podem realizar consultas de baixa complexidade, por meio de celular ou computador. \u201cAl\u00e9m disso, a Sa\u00fade ampliou as a\u00e7\u00f5es do Programa Zera Fila, com a oferta de procedimentos oftalmol\u00f3gicos por meio da a\u00e7\u00e3o Pira+Vis\u00e3o Mutir\u00e3o de Catarata que segue at\u00e9 o m\u00eas de julho\u201d.<\/p>\n<p>Durante o m\u00eas de maio, sempre \u00e0s segundas-feiras, as Acolhidas no Cras Vila S\u00f4nia ser\u00e3o realizadas em parceria com outros servi\u00e7os, como a Apaspi (Associa\u00e7\u00e3o de Pais e Amigos dos Surdos de Piracicaba) que esteve no per\u00edodo da tarde de hoje; a equipe Volante e Programa Crian\u00e7a Feliz no dia 13\/05; Auma (Associa\u00e7\u00e3o de Autistas) e equipe do Centro de Refer\u00eancia Especializado de Assist\u00eancia Social (Creas), no dia 20\/05 e para fechar a programa\u00e7\u00e3o, Avistar (Associa\u00e7\u00e3o de Atendimento a Pessoas com Defici\u00eancia Visual) e Servi\u00e7o de Conviv\u00eancia e Fortalecimento de V\u00ednculos\/Centro de Conviv\u00eancia Intergeracional (CCInter), no dia 27\/05.<\/p>\n<\/div>\n<p><br \/>\n<br \/><a href=\"https:\/\/piracicaba.sp.gov.br\/noticias\/15-anos-do-cras-vila-sonia-comemoracao-tem-foco-no-direito-a-assistencia-social-e-saude\/\" rel=\"noopener\">Informa\u00e7\u00f5es PMP <\/a><\/p>\n","protected":false},"excerpt":{"rendered":"<p>Dr. Marcelo Carvalho, a secret\u00e1ria Euclidia Fioravante, a psic\u00f3loga do Cras, Carmem L\u00facia e a coordenadora Noemi Lopes explicam sobre os servi\u00e7os p\u00fablicos Usu\u00e1rios do Centro de Refer\u00eancia de Assist\u00eancia Social (Cras) Vila S\u00f4nia participaram na manh\u00e3 de hoje, dia 06\/05, de Acolhida em comemora\u00e7\u00e3o aos 15 anos de atua\u00e7\u00e3o do servi\u00e7o no territ\u00f3rio. A [&hellip;]<\/p>\n","protected":false},"author":1,"featured_media":4093,"comment_status":"open","ping_status":"open","sticky":false,"template":"","format":"standard","meta":{"_jetpack_newsletter_access":"","_jetpack_dont_email_post_to_subs":false,"_jetpack_newsletter_tier_id":0,"_jetpack_memberships_contains_paywalled_content":false,"_mbp_banners":[],"_jetpack_feature_clip_id":0,"_jetpack_memberships_contains_paid_content":false,"footnotes":"","jetpack_publicize_message":"","jetpack_publicize_feature_enabled":true,"jetpack_social_post_already_shared":true,"jetpack_social_options":{"image_generator_settings":{"template":"highway","default_image_id":0,"font":"","enabled":false},"version":2},"jetpack_post_was_ever_published":false},"categories":[20],"tags":[],"class_list":["post-4092","post","type-post","status-publish","format-standard","has-post-thumbnail","category-regiao"],"jetpack_publicize_connections":[],"jetpack-related-posts":[],"jetpack_shortlink":"https:\/\/wp.me\/p7Eq1F-140","jetpack_sharing_enabled":true,"jetpack_featured_media_url":"https:\/\/i0.wp.com\/guialimeira.com.br\/news\/wp-content\/uploads\/2024\/05\/Dr.-Marcelo-Carvalho-a-secretaria-Euclidia-Fioravante-a-psicologa-do-Cras-Carmem-Lucia-e-a-coordenadora-Noemi-Lopes-explicam-sobre-os-servicos-publicos.png?fit=1024%2C768&ssl=1","_links":{"self":[{"href":"https:\/\/guialimeira.com.br\/news\/wp-json\/wp\/v2\/posts\/4092","targetHints":{"allow":["GET"]}}],"collection":[{"href":"https:\/\/guialimeira.com.br\/news\/wp-json\/wp\/v2\/posts"}],"about":[{"href":"https:\/\/guialimeira.com.br\/news\/wp-json\/wp\/v2\/types\/post"}],"author":[{"embeddable":true,"href":"https:\/\/guialimeira.com.br\/news\/wp-json\/wp\/v2\/users\/1"}],"replies":[{"embeddable":true,"href":"https:\/\/guialimeira.com.br\/news\/wp-json\/wp\/v2\/comments?post=4092"}],"version-history":[{"count":0,"href":"https:\/\/guialimeira.com.br\/news\/wp-json\/wp\/v2\/posts\/4092\/revisions"}],"wp:featuredmedia":[{"embeddable":true,"href":"https:\/\/guialimeira.com.br\/news\/wp-json\/wp\/v2\/media\/4093"}],"wp:attachment":[{"href":"https:\/\/guialimeira.com.br\/news\/wp-json\/wp\/v2\/media?parent=4092"}],"wp:term":[{"taxonomy":"category","embeddable":true,"href":"https:\/\/guialimeira.com.br\/news\/wp-json\/wp\/v2\/categories?post=4092"},{"taxonomy":"post_tag","embeddable":true,"href":"https:\/\/guialimeira.com.br\/news\/wp-json\/wp\/v2\/tags?post=4092"}],"curies":[{"name":"wp","href":"https:\/\/api.w.org\/{rel}","templated":true}]}}