{"id":4090,"date":"2024-05-07T17:23:44","date_gmt":"2024-05-07T20:23:44","guid":{"rendered":"https:\/\/guialimeira.com.br\/2024\/05\/07\/primeira-remessa-de-doacoes-da-campanha-limeira-solidaria-sera-entregue-na-sexta-10\/"},"modified":"2024-05-07T17:23:44","modified_gmt":"2024-05-07T20:23:44","slug":"primeira-remessa-de-doacoes-da-campanha-limeira-solidaria-sera-entregue-na-sexta-10","status":"publish","type":"post","link":"https:\/\/guialimeira.com.br\/news\/primeira-remessa-de-doacoes-da-campanha-limeira-solidaria-sera-entregue-na-sexta-10\/","title":{"rendered":"Primeira remessa de doa\u00e7\u00f5es da campanha \u201cLimeira Solid\u00e1ria\u201d ser\u00e1 entregue na sexta (10)"},"content":{"rendered":"<p> <br \/>\n<\/p>\n<div id=\"\">&#13;<br \/>\n                &#13;<br \/>\n&#13;<br \/>\n&#13;<br \/>\n&#13;<br \/>\n    <img data-recalc-dims=\"1\" decoding=\"async\" src=\"https:\/\/i0.wp.com\/ecrie.com.br\/sistema\/conteudos\/imagem\/m_137_0_1_07052024170142.jpg?w=696&#038;ssl=1\" alt=\"Primeira remessa de doa\u00e7\u00f5es da campanha \u201cLimeira Solid\u00e1ria\u201d ser\u00e1 entregue na sexta (10)\"\/>&#13;<br \/>\n&#13;<\/p>\n<p>O Fundo Social orienta a popula\u00e7\u00e3o que os itens da campanha\u00a0\u201cLimeira Solid\u00e1ria &#8211; Solidariedade Sem Fronteiras\u201d doados at\u00e9 esta quinta-feira (9) ser\u00e3o entregues j\u00e1 no dia seguinte. Na sexta-feira (10), logo pela manh\u00e3, todo o volume arrecadado seguir\u00e1 para o armaz\u00e9m do Fundo Social do Governo do Estado de S\u00e3o Paulo. De l\u00e1, os produtos partem em car\u00e1ter de urg\u00eancia \u00e0s fam\u00edlias desabrigadas pelas chuvas no Rio Grande do Sul.<\/p>\n<p>&#13;<\/p>\n<p>\u201cEm raz\u00e3o do estado de calamidade e do grande n\u00famero de munic\u00edpios devastados pela for\u00e7a das \u00e1guas, o objetivo do governo paulista \u00e9 enviar essas doa\u00e7\u00f5es o mais r\u00e1pido poss\u00edvel\u201d, frisou a primeira-dama e presidente do Fundo Social, Roberta Botion.<\/p>\n<p>&#13;<\/p>\n<p>Ela enfatizou, ainda, que neste momento os itens mais necessitados s\u00e3o: \u00e1gua pot\u00e1vel\u00a0e produtos de higiene\u00a0pessoal\u00a0e de limpeza. \u201cAgrade\u00e7o a todas as pessoas que compareceram a um dos pontos de coleta e colaboraram com os moradores atingidos pelas chuvas\u201d, mencionou.<\/p>\n<p>&#13;<\/p>\n<p>A campanha continua e as doa\u00e7\u00f5es pode ser deixadas nos drives na pra\u00e7a Toledo Barros e Prefeitura de Limeira, al\u00e9m das Unidades B\u00e1sicas de Sa\u00fade e Centros Comunit\u00e1rios<\/p>\n<p>&#13;<\/p>\n<p><strong>\u00a0<\/strong><\/p>\n<p>&#13;<\/p>\n<p><strong>Confira todos os pontos para doa\u00e7\u00e3o:<\/strong><\/p>\n<p>&#13;<\/p>\n<p>Drive-thru\u00a0do Pa\u00e7o Municipal (ao lado da Secretaria de Sa\u00fade)\u00a0&#8211; Rua Prefeito Doutor Alberto Ferreira, 179\u00a0(das 8h \u00e0s 15h)<\/p>\n<p>&#13;<\/p>\n<p>Drive-thru na Pra\u00e7a Toledo Barros \u2013\u00a0Rua Senador Vergueiro (das 8h \u00e0s 15h)<\/p>\n<p>&#13;<\/p>\n<p>\u00a0<\/p>\n<p>&#13;<\/p>\n<p><strong>Unidades B\u00e1sicas de Sa\u00fade:<\/strong><\/p>\n<p>&#13;<\/p>\n<p><a href=\"https:\/\/goo.gl\/maps\/keWLf46dyszVypHJ6\" rel=\"noopener\"><strong><u>AMBULAT\u00d3RIO DE ESPECIALIDADES\u2002RUBI -\u2002Dr.\u2002H\u00e9lio M\u00e1rcio Mamede\u2002<\/u><\/strong><\/a><br \/>Rua Professora Maria Expedita Cordeiro da Silva, 100, Residencial Rubi<\/p>\n<p>&#13;<\/p>\n<p><a href=\"https:\/\/goo.gl\/maps\/ujmTyefKW6NS9PuR6\" rel=\"noopener\"><strong><u>UBS AB\u00cdLIO PEDRO \u2002<\/u><\/strong><\/a><br \/>Rua Agostinho Gianotto, s\/n\u00ba (pr\u00f3ximo ao n\u00ba 147), Pq. Ab\u00edlio Pedro \u00a0 \u00a0\u00a0<br \/>\u00a0 \u00a0 \u00a0 \u00a0 \u00a0 \u00a0 \u00a0 \u00a0 \u00a0 \u00a0 \u00a0 \u00a0 \u00a0 \u00a0 \u00a0 \u00a0 \u00a0<br \/><a href=\"https:\/\/www.google.com.br\/maps\/place\/UBS+AEROPORTO\/@-22.6004831,-47.4175928,19z\/data=!4m6!3m5!1s0x94c881a4818fe2c3:0x333b0cdf9a2121c0!8m2!3d-22.6004237!4d-47.4174547!16s\/g\/11f4ld7jp9\" rel=\"noopener\"><strong><u>UBS AEROPORTO \u2002<\/u><\/strong><\/a><br \/>Avenida Dr. Antonio de Luna, s\/n\u00ba esquina com a Rua Em\u00edlia, Pq. Res. Aeroporto\u00a0<br \/>\u00a0<br \/><a href=\"https:\/\/goo.gl\/maps\/YnNCYcSNgpRy2RCh9?coh=178572&amp;entry=tt\" rel=\"noopener\"><strong><u>UBS BOA VISTA\u2002<\/u><\/strong><\/a><br \/>Rua Castro Barreto, 162, Boa Vista \u00a0 \u00a0<\/p>\n<p>&#13;<\/p>\n<p><a href=\"https:\/\/goo.gl\/maps\/XMVoygCiuZYGhz3z7?coh=178572&amp;entry=tt\" rel=\"noopener\"><strong><u>UBS CAMPO BELO<\/u><\/strong><\/a><br \/>Avenida Pedro Perissotto, 1.973, Jd. Campo Belo\u00a0<\/p>\n<p><a href=\"https:\/\/goo.gl\/maps\/3hdkGCHENS1aKRuf7\" rel=\"noopener\"><strong><u>UBS CECAP \u2002<\/u><\/strong><\/a><br \/>Avenida Fausto Esteves dos Santos, s\/n\u00ba, Conjunto Res. Victor D\u2019Andr\u00e9a \u00a0 \u00a0 \u00a0\u00a0<br \/>\u00a0 \u00a0 \u00a0 \u00a0 \u00a0 \u00a0 \u00a0 \u00a0 \u00a0 \u00a0 \u00a0 \u00a0 \u00a0 \u00a0 \u00a0 \u00a0 \u00a0 \u00a0 \u00a0<br \/><a href=\"https:\/\/goo.gl\/maps\/93SgkM7h6WHiJKnt5\" rel=\"noopener\"><strong><u>UBS GRAMINHA\u2002<\/u><\/strong><\/a><br \/>Luiz Pereira do Prado, 156, Jd. Graminha I \u00a0 \u00a0 \u00a0 \u00a0 \u00a0 \u00a0 \u00a0 \u00a0 \u00a0 \u00a0 \u00a0 \u00a0 \u00a0 \u00a0 \u00a0 \u00a0 \u00a0 \u00a0\u00a0<br \/>\u00a0<br \/><a href=\"https:\/\/goo.gl\/maps\/jSRaX5ghe53xcRqN6\" rel=\"noopener\"><strong><u>UBS N. S. DO AMPARO\u2002<\/u><\/strong><\/a><br \/>Rua Tancredo de Luna, 384, Jd. Nossa Senhora do Amparo\u00a0<br \/>\u00a0<br \/><a href=\"https:\/\/goo.gl\/maps\/YC6CbAAJwrGr6YP97?coh=178571&amp;entry=tt\" rel=\"noopener\"><strong><u>UBS LOPES\u2002<\/u><\/strong><\/a><br \/>Rua Antonio Sonego, s\/n\u00ba KM 135\/136 &#8211; Rodovia Limeira\/Campinas, Bairro dos Lopes\u00a0<br \/>\u00a0<br \/><a href=\"https:\/\/goo.gl\/maps\/84vMNNvnbhb1EyUd9?coh=178571&amp;entry=tt\" rel=\"noopener\"><strong><u>UBS MORRO AZUL\u2002<\/u><\/strong><\/a><br \/>Rua Oswaldo Bertolini, 500, Jd. Morro Azul\u00a0<br \/>\u00a0<br \/><a href=\"https:\/\/goo.gl\/maps\/KrjKS3AG7x5MdvtSA?coh=178571&amp;entry=tt\" rel=\"noopener\"><strong><u>UBS N. S. DAS DORES 1\u2002<\/u><\/strong><\/a><br \/>Av. Frei Jo\u00e3o das Merc\u00eas, 50, Parque Nossa Senhora das Dores, I Etapa \u00a0 \u00a0 \u00a0<br \/>\u00a0<br \/><a href=\"https:\/\/goo.gl\/maps\/w7WyqEJVaFEPhRAq7?coh=178571&amp;entry=tt\" rel=\"noopener\"><strong><u>UBS NOVA EUROPA \u2002<\/u><\/strong><\/a><br \/>Rua Dona Eliza Sthalberg, 366, Jd. Nova Europa\u00a0<br \/>\u00a0<br \/><a href=\"https:\/\/goo.gl\/maps\/LWCHwpoz3cjmKG3Z7?coh=178571&amp;entry=tt\" rel=\"noopener\"><strong><u>UBS NOVA\u2002LIMEIRA\u2002<\/u><\/strong><\/a><br \/>Rua Jos\u00e9 Fontini, n\u00ba179, Jd. Nova Limeira\u00a0<br \/>\u00a0 \u00a0<br \/><a href=\"https:\/\/goo.gl\/maps\/RBZG2NGBJncNrXJv6?coh=178571&amp;entry=tt\" rel=\"noopener\"><strong><u>UBS NOVA SU\u00cd\u00c7A\u2002<\/u><\/strong><\/a><br \/>Rua Vereador Samuel Berto, s\/n\u00ba, Jd. Nova\u00a0Su\u00ed\u00e7a\u00a0 \u00a0 \u00a0 \u00a0 \u00a0 \u00a0 \u00a0 \u00a0 \u00a0 \u00a0 \u00a0 \u00a0 \u00a0 \u00a0 \u00a0 \u00a0 \u00a0 \u00a0 \u00a0 \u00a0 \u00a0 \u00a0 \u00a0\u00a0<br \/>\u00a0<br \/><a href=\"https:\/\/goo.gl\/maps\/hr2chXUCSphhz7mX6?coh=178571&amp;entry=tt\" rel=\"noopener\"><strong><u>UBS PINHAL\u2002<\/u><\/strong><\/a><br \/>Rodovia Limeira &#8211; Mogi Mirim, KM 97, Bairro do Pinhal\u00a0<br \/>\u00a0<br \/><a href=\"https:\/\/goo.gl\/maps\/f9nQukR84jgJUmdB8?coh=178571&amp;entry=tt\" rel=\"noopener\"><strong><u>UBS PLANALTO\u2002<\/u><\/strong><\/a><br \/>Rua Professor Hely de Almeida Campos, s\/n\u00ba, Jd.\u00a0Planalto \u00a0 \u00a0 \u00a0 \u00a0 \u00a0 \u00a0 \u00a0 \u00a0 \u00a0 \u00a0 \u00a0 \u00a0 \u00a0 \u00a0 \u00a0 \u00a0 \u00a0 \u00a0 \u00a0 \u00a0 \u00a0\u00a0<br \/>\u00a0<br \/><a href=\"https:\/\/goo.gl\/maps\/1EoCPHXUZjaWaCEB9?coh=178571&amp;entry=tt\" rel=\"noopener\"><strong><u>UBS PQ. HIP\u00d3LITO 1\u2002<\/u><\/strong><\/a><br \/>Rua Arlinda Abreu Ribeiro s\/n\u00ba, Pq. Hip\u00f3lito \u00a0 \u00a0 \u00a0 \u00a0 \u00a0 \u00a0 \u00a0 \u00a0 \u00a0 \u00a0 \u00a0 \u00a0 \u00a0 \u00a0 \u00a0 \u00a0 \u00a0 \u00a0 \u00a0 \u00a0 \u00a0 \u00a0 \u00a0 \u00a0 \u00a0 \u00a0 \u00a0 \u00a0 \u00a0 \u00a0 \u00a0 \u00a0\u00a0<br \/>\u00a0<br \/><a href=\"https:\/\/goo.gl\/maps\/2UKzdrPwbFzD5wk7A?coh=178571&amp;entry=tt\" rel=\"noopener\"><strong><u>UBS VISTA ALEGRE\u2002<\/u><\/strong><\/a><br \/>Rua Alberto Pelegrino, s\/n\u00ba, Jd. Vista Alegre \u00a0 \u00a0 \u00a0 \u00a0 \u00a0 \u00a0 \u00a0 \u00a0 \u00a0 \u00a0 \u00a0 \u00a0 \u00a0 \u00a0 \u00a0 \u00a0 \u00a0 \u00a0 \u00a0 \u00a0 \u00a0 \u00a0 \u00a0 \u00a0 \u00a0\u00a0<br \/>\u00a0<br \/><a href=\"https:\/\/goo.gl\/maps\/n6LWjXLABxdXP9Vz9?coh=178571&amp;entry=tt\" rel=\"noopener\"><strong><u>UBS ERNESTO K\u00dcHL 1 \u2002<\/u><\/strong><\/a><br \/>Rua Eduardo Gon\u00e7alves, n\u00ba 26, Pq. Res. Aeroporto\u00a0<br \/>\u00a0 \u00a0 \u00a0 \u00a0 \u00a0 \u00a0<br \/><a href=\"https:\/\/goo.gl\/maps\/o1E9ML3dphRmKuHT8?coh=178571&amp;entry=tt\" rel=\"noopener\"><strong><u>UBS ERNESTO K\u00dcHL 2 \u2002<\/u><\/strong><\/a><br \/>Rua Josefa Raimundo Candiotto, 200, Pq. Res. Aeroporto\u00a0<br \/>\u00a0 \u00a0 \u00a0 \u00a0 \u00a0<br \/><a href=\"https:\/\/goo.gl\/maps\/mYBGrsz5YqfbsDgA6?coh=178571&amp;entry=tt\" rel=\"noopener\"><strong><u>UBS OD\u00c9CIO DEGAN \u2002\u2002<\/u><\/strong><\/a><br \/>Rua Jos\u00e9 Medeiros, 113, Pq. Res. Manoel Sim\u00e3o Levy \u00a0\u00a0<br \/>\u00a0 \u00a0 \u00a0 \u00a0 \u00a0 \u00a0 \u00a0 \u00a0 \u00a0 \u00a0 \u00a0 \u00a0 \u00a0 \u00a0 \u00a0 \u00a0 \u00a0 \u00a0<br \/><a href=\"https:\/\/goo.gl\/maps\/HK31mCpULu36xrQq9?coh=178571&amp;entry=tt\" rel=\"noopener\"><strong><u>UBS BELINHA OMETTO 1 \u2002<\/u><\/strong><\/a><br \/>Rua Granada, 572, Pq. Res. Belinha Ometto \u00a0 \u00a0 \u00a0 \u00a0 \u00a0 \u00a0 \u00a0 \u00a0 \u00a0 \u00a0 \u00a0 \u00a0 \u00a0 \u00a0 \u00a0 \u00a0 \u00a0 \u00a0 \u00a0 \u00a0 \u00a0\u00a0<br \/>\u00a0<br \/><a href=\"https:\/\/goo.gl\/maps\/V1YF6Wzg5Mx8epYh8?coh=178571&amp;entry=tt\" rel=\"noopener\"><strong><u>UBS BELINHA OMETTO 2\u2002<\/u><\/strong><\/a><br \/>Avenida Canad\u00e1, 699, Pq. Res. Belinha Ometto\u00a0<br \/>\u00a0<br \/><a href=\"https:\/\/goo.gl\/maps\/rea2JFhGq9u3iz1w5?coh=178571&amp;entry=tt\" rel=\"noopener\"><strong><u>UBS BELINHA OMETTO 3\u2002<\/u><\/strong><\/a><br \/>Rua Barbados, 185, Pq. Res. Belinha Ometto \u00a0 \u00a0 \u00a0 \u00a0 \u00a0 \u00a0 \u00a0 \u00a0 \u00a0 \u00a0 \u00a0 \u00a0 \u00a0 \u00a0 \u00a0 \u00a0\u00a0<br \/>\u00a0<br \/><a href=\"https:\/\/goo.gl\/maps\/uza7BExF31StWJeb9?coh=178571&amp;entry=tt\" rel=\"noopener\"><strong><u>UBS NOVO HORIZONTE\u2002<\/u><\/strong><\/a><br \/>Rua Nelson Ferraz da Silva, s\/n\u00ba, Jd. Novo Horizonte \u00a0 \u00a0<\/p>\n<p>&#13;<\/p>\n<p><a href=\"https:\/\/goo.gl\/maps\/dfBXUSSSNhLi1Kzs6?coh=178571&amp;entry=tt\" rel=\"noopener\"><strong><u>UBS N. S. DAS DORES 2\u2002<\/u><\/strong><\/a><br \/>Avenida Vit\u00f3rio Bortolan, 1080,\u00a0CAIC<br \/>\u00a0<br \/><a href=\"https:\/\/goo.gl\/maps\/6hqFkUi1C6kJ4db79?coh=178571&amp;entry=tt\" rel=\"noopener\"><strong><u>UBS PARQUE HIP\u00d3LITO 2 \u2002<\/u><\/strong><\/a><br \/>Rua Manoel Rodrigues Ferreira, 249, Pq. Hip\u00f3lito \u00a0 \u00a0 \u00a0 \u00a0 \u00a0 \u00a0 \u00a0 \u00a0<br \/>\u00a0<br \/><a href=\"https:\/\/goo.gl\/maps\/okKP1y5C24pSHp3z6?coh=178571&amp;entry=tt\" rel=\"noopener\"><strong><u>UBS CIDADE JARDIM \u2002\u2002<\/u><\/strong><\/a><br \/>Av. Campinas, 781 Cidade Jardim \u00a0 \u00a0\u00a0<br \/>\u00a0<br \/><a href=\"https:\/\/goo.gl\/maps\/XHiqRLeqWnEJToor6?coh=178571&amp;entry=tt\" rel=\"noopener\"><strong><u>UBS SANTO ANDR\u00c9 \u2002\u2002<\/u><\/strong><\/a><br \/>Av. Od\u00e9cio Roland, 145, Jardim Santo Andr\u00e9\u00a0<br \/>\u00a0<br \/><a href=\"https:\/\/goo.gl\/maps\/KUXxEdzvgmBho2kM6?coh=178571&amp;entry=tt\" rel=\"noopener\"><strong><u>UBS LAGOA NOVA\u2002<\/u><\/strong><\/a><br \/>Rua Adilson Edgard Amigo, 509, Pq. Residencial Aeroporto\u00a0<br \/>\u00a0<br \/><a href=\"https:\/\/goo.gl\/maps\/RQHXWU9kUHkXGdN7A?coh=178571&amp;entry=tt\" rel=\"noopener\"><strong><u>UBS BOA ESPERAN\u00c7A\u2002<\/u><\/strong><\/a><br \/>Rua \u00a0Carlos Pfeifer, 140, Jd. Boa Esperan\u00e7a\u00a0<br \/>\u00a0<br \/><a href=\"https:\/\/goo.gl\/maps\/N1QQc91joAzx3Udg7?coh=178571&amp;entry=tt\" rel=\"noopener\"><strong><u>UBS ANAVEC\u2002<\/u><\/strong><\/a><br \/>Luiz Jose Cavinato, 703, Anavec\u00a0<\/p>\n<p>&#13;<\/p>\n<p>\u00a0<\/p>\n<p>&#13;<\/p>\n<p><strong>Centros Comunit\u00e1rios:<\/strong><\/p>\n<p>&#13;<\/p>\n<p>C.C. \u201cJo\u00e3o Mofatto\u201d \u2013 Parque Hip\u00f3lito<\/p>\n<p>&#13;<\/p>\n<p>C.C.\u00a0do Jardim Vista Alegre<\/p>\n<p>&#13;<\/p>\n<p>C.C.\u00a0do Parque Nossa Senhora das Dores I<\/p>\n<p>&#13;<\/p>\n<p>C.C.\u00a0do Jardim Ernesto K\u00fchl<\/p>\n<p>&#13;<\/p>\n<p>C.C.\u00a0do Jardim Od\u00e9cio Degan<\/p>\n<p>&#13;<\/p>\n<p>C.C.\u00a0Sebasti\u00e3o Fumagalli\u00a0\u2013 Ouro Verde<\/p>\n<p>&#13;<\/p>\n<p>C.C.\u00a0\u201cFrancisco Dragone\u201d \u2013 Teixeira Marques<\/p>\n<p>&#13;<\/p>\n<p>C.C.\u00a0Belinha Ometto<\/p>\n<p>&#13;<\/p>\n<p>C.C.\u00a0do Parque Victor D\u2019Andr\u00e9a<\/p>\n<p>&#13;<br \/>\n&#13;<br \/>\n&#13;<br \/>\n&#13;<\/p>\n<aside class=\"list-related no-print\">&#13;<br \/>\n        &#13;<br \/>\n&#13;<\/p>\n<article class=\"list-item noticias \">&#13;<br \/>\n                    <a class=\"list-item__img\" href=\"https:\/\/limeira.sp.gov.br\/imprensa\/noticias\/fundo-social-de-limeira\/espaco-do-bem-oferece-curso-de-croche-cachepos-bolsa-e-amigurumi\" tabindex=\"-1\" aria-hidden=\"true\" rel=\"noopener\">&#13;<br \/>\n                        <img data-recalc-dims=\"1\" decoding=\"async\" src=\"https:\/\/i0.wp.com\/ecrie.com.br\/sistema\/conteudos\/imagem\/m_137_0_1_07052024161500.jpg?w=696&#038;ssl=1\" alt=\"Espa\u00e7o do Bem oferece curso de croch\u00ea, cachep\u00f4s, bolsa e Amigurumi\"\/>&#13;<br \/>\n                    <\/a>&#13;<br \/>\n&#13;<br \/>\n                &#13;<br \/>\n            <\/article>\n<p>&#13;<\/p>\n<article class=\"list-item noticias \">&#13;<br \/>\n                    <a class=\"list-item__img\" href=\"https:\/\/limeira.sp.gov.br\/imprensa\/noticias\/fundo-social-de-limeira\/drive-thru-da-campanha-do-agasalho-e-adiado-para-proxima-semana\" tabindex=\"-1\" aria-hidden=\"true\" rel=\"noopener\">&#13;<br \/>\n                        <img data-recalc-dims=\"1\" decoding=\"async\" src=\"https:\/\/i0.wp.com\/ecrie.com.br\/sistema\/conteudos\/imagem\/m_137_0_1_07052024151530.jpg?w=696&#038;ssl=1\" alt=\"Drive-thru da Campanha do Agasalho \u00e9 adiado para pr\u00f3xima semana\"\/>&#13;<br \/>\n                    <\/a>&#13;<br \/>\n&#13;<br \/>\n                &#13;<br \/>\n            <\/article>\n<p>&#13;<\/p>\n<article class=\"list-item noticias \">&#13;<br \/>\n                    <a class=\"list-item__img\" href=\"https:\/\/limeira.sp.gov.br\/imprensa\/noticias\/gabinete-do-prefeito\/drive-thru-dacampanha-de-ajuda-ao-rio-grande-do-sul-arrecada-mil-pecas-de-roupa-e-353-litros-de-aguano-primeiro-dia-de-operacao\" tabindex=\"-1\" aria-hidden=\"true\" rel=\"noopener\">&#13;<br \/>\n                        <img data-recalc-dims=\"1\" decoding=\"async\" src=\"https:\/\/i0.wp.com\/ecrie.com.br\/sistema\/conteudos\/imagem\/m_137_0_1_06052024174615.jpg?w=696&#038;ssl=1\" alt=\"Drive-thru da\u00a0campanha de ajuda ao Rio Grande do Sul arrecada mil pe\u00e7as de roupa e 353 litros de \u00e1gua\u00a0no primeiro dia de opera\u00e7\u00e3o\"\/>&#13;<br \/>\n                    <\/a>&#13;<br \/>\n&#13;<br \/>\n                &#13;<br \/>\n            <\/article>\n<p>&#13;<br \/>\n    <\/aside>\n<p>&#13;<br \/>\n&#13;\n            <\/p><\/div>\n<p><br \/>\n<br \/><a href=\"https:\/\/limeira.sp.gov.br\/primeira-remessa-de-doacoes-da-campanha-limeira-solidaria-sera-entregue-na-sexta-10\" rel=\"noopener\">Informa\u00e7\u00f5es da PML <\/a><\/p>\n","protected":false},"excerpt":{"rendered":"<p>&#13; &#13; &#13; &#13; &#13; &#13; &#13; O Fundo Social orienta a popula\u00e7\u00e3o que os itens da campanha\u00a0\u201cLimeira Solid\u00e1ria &#8211; Solidariedade Sem Fronteiras\u201d doados at\u00e9 esta quinta-feira (9) ser\u00e3o entregues j\u00e1 no dia seguinte. Na sexta-feira (10), logo pela manh\u00e3, todo o volume arrecadado seguir\u00e1 para o armaz\u00e9m do Fundo Social do Governo do Estado [&hellip;]<\/p>\n","protected":false},"author":1,"featured_media":4091,"comment_status":"open","ping_status":"open","sticky":false,"template":"","format":"standard","meta":{"_jetpack_newsletter_access":"","_jetpack_dont_email_post_to_subs":false,"_jetpack_newsletter_tier_id":0,"_jetpack_memberships_contains_paywalled_content":false,"_mbp_banners":[],"_jetpack_feature_clip_id":0,"_jetpack_memberships_contains_paid_content":false,"footnotes":"","jetpack_publicize_message":"","jetpack_publicize_feature_enabled":true,"jetpack_social_post_already_shared":true,"jetpack_social_options":{"image_generator_settings":{"template":"highway","default_image_id":0,"font":"","enabled":false},"version":2},"jetpack_post_was_ever_published":false},"categories":[16],"tags":[],"class_list":["post-4090","post","type-post","status-publish","format-standard","has-post-thumbnail","category-local"],"jetpack_publicize_connections":[],"jetpack-related-posts":[],"jetpack_shortlink":"https:\/\/wp.me\/p7Eq1F-13Y","jetpack_sharing_enabled":true,"jetpack_featured_media_url":"https:\/\/i0.wp.com\/guialimeira.com.br\/news\/wp-content\/uploads\/2024\/05\/m_137_0_1_07052024170142.jpg?fit=1280%2C852&ssl=1","_links":{"self":[{"href":"https:\/\/guialimeira.com.br\/news\/wp-json\/wp\/v2\/posts\/4090","targetHints":{"allow":["GET"]}}],"collection":[{"href":"https:\/\/guialimeira.com.br\/news\/wp-json\/wp\/v2\/posts"}],"about":[{"href":"https:\/\/guialimeira.com.br\/news\/wp-json\/wp\/v2\/types\/post"}],"author":[{"embeddable":true,"href":"https:\/\/guialimeira.com.br\/news\/wp-json\/wp\/v2\/users\/1"}],"replies":[{"embeddable":true,"href":"https:\/\/guialimeira.com.br\/news\/wp-json\/wp\/v2\/comments?post=4090"}],"version-history":[{"count":0,"href":"https:\/\/guialimeira.com.br\/news\/wp-json\/wp\/v2\/posts\/4090\/revisions"}],"wp:featuredmedia":[{"embeddable":true,"href":"https:\/\/guialimeira.com.br\/news\/wp-json\/wp\/v2\/media\/4091"}],"wp:attachment":[{"href":"https:\/\/guialimeira.com.br\/news\/wp-json\/wp\/v2\/media?parent=4090"}],"wp:term":[{"taxonomy":"category","embeddable":true,"href":"https:\/\/guialimeira.com.br\/news\/wp-json\/wp\/v2\/categories?post=4090"},{"taxonomy":"post_tag","embeddable":true,"href":"https:\/\/guialimeira.com.br\/news\/wp-json\/wp\/v2\/tags?post=4090"}],"curies":[{"name":"wp","href":"https:\/\/api.w.org\/{rel}","templated":true}]}}