{"id":4089,"date":"2024-05-07T17:08:49","date_gmt":"2024-05-07T20:08:49","guid":{"rendered":"https:\/\/guialimeira.com.br\/2024\/05\/07\/pib-paulista-tem-projecao-de-23-para-2024-maior-que-a-brasileira-mostra-seade\/"},"modified":"2024-05-07T17:08:49","modified_gmt":"2024-05-07T20:08:49","slug":"pib-paulista-tem-projecao-de-23-para-2024-maior-que-a-brasileira-mostra-seade","status":"publish","type":"post","link":"https:\/\/guialimeira.com.br\/news\/pib-paulista-tem-projecao-de-23-para-2024-maior-que-a-brasileira-mostra-seade\/","title":{"rendered":"PIB paulista tem proje\u00e7\u00e3o de 2,3% para 2024, maior que a brasileira, mostra Seade"},"content":{"rendered":"<p> <br \/>\n<\/p>\n<div id=\"\">&#13;<br \/>\n                                <!-- Title -->&#13;<br \/>\n                                &#13;<br \/>\n&#13;<br \/>\n                                <!-- Excerpt -->&#13;<\/p>\n<p class=\"excerpt\">Estudo revela que crescimento econ\u00f4mico neste ano deve ser mais concentrado na recupera\u00e7\u00e3o do investimento privado e consumo dom\u00e9stico<\/p>\n<p>&#13;<br \/>\n&#13;<br \/>\n                                &#13;\n                            <\/p><\/div>\n<div id=\"\">&#13;<\/p>\n<p>De acordo com boletim da Funda\u00e7\u00e3o Seade para 2024 divulgado nesta ter\u00e7a-feira (7), o Produto Interno Bruno (PIB) do estado de S\u00e3o Paulo tem proje\u00e7\u00e3o de 2,3%. J\u00e1 para o Brasil, segundo Boletim Focus do Banco Central divulgado na segunda (6), a proje\u00e7\u00e3o \u00e9 menor, de 2,05%.<\/p>\n<p>Segundo o boletim da Funda\u00e7\u00e3o Seade, neste ano, o perfil de crescimento da economia brasileira e paulista deve ser, conforme aponta o estudo, mais concentrado na recupera\u00e7\u00e3o do investimento privado e do consumo dom\u00e9stico \u2013 e menos influenciado pela ind\u00fastria extrativa mineral e pela agropecu\u00e1ria, como ocorreu em 2023 \u2013 e isso deve favorecer a economia paulista.<\/p>\n<p>A apura\u00e7\u00e3o do Seade pontua, em contraponto, fragilidade na atual melhora da atividade industrial e desacelera\u00e7\u00e3o no ritmo de expans\u00e3o dos servi\u00e7os, fatores que poder\u00e3o impor restri\u00e7\u00f5es ao resultado do PIB no final do ano. Apenas o com\u00e9rcio varejista demonstra melhor ritmo de desempenho, de acordo com o levantamento.<\/p>\n<p>Complementam o quadro, entre outros dados, a manuten\u00e7\u00e3o do crescimento do varejo paulista e a cria\u00e7\u00e3o de postos de trabalho formais com recomposi\u00e7\u00e3o salarial, o sal\u00e1rio m\u00ednimo reajustado em 7,7%, acima da infla\u00e7\u00e3o, as informa\u00e7\u00f5es das pesquisas mensais do IBGE e sobre o mercado de trabalho, que observam como tend\u00eancias no in\u00edcio do ano o aumento das vendas do varejo ampliado no estado de S\u00e3o Paulo e indicadores da ind\u00fastria de transforma\u00e7\u00e3o.<\/p>\n<p>Outros fatores que tamb\u00e9m podem influenciar as proje\u00e7\u00f5es para o PIB paulista em 2024 s\u00e3o as incertezas geopol\u00edticas e financeiras no cen\u00e1rio internacional, como os conflitos no Oriente M\u00e9dio (entre o Hamas e Israel) e na Europa Oriental (entre R\u00fassia e Ucr\u00e2nia); a resili\u00eancia da economia americana, num contexto de infla\u00e7\u00e3o ainda elevada, com aumento da possibilidade de os juros nos EUA seguirem altos por um maior per\u00edodo, entre outras vari\u00e1veis.<\/p>\n<\/p><\/div>\n<p><br \/>\n<br \/><a href=\"https:\/\/www.saopaulo.sp.gov.br\/spnoticias\/ultimas-noticias\/pib-paulista-tem-projecao-de-23-para-2024-e-e-maior-que-a-brasileira\/\" rel=\"noopener\">Informa\u00e7\u00f5es GOV.SP<\/a><\/p>\n","protected":false},"excerpt":{"rendered":"<p>&#13; &#13; &#13; &#13; &#13; Estudo revela que crescimento econ\u00f4mico neste ano deve ser mais concentrado na recupera\u00e7\u00e3o do investimento privado e consumo dom\u00e9stico &#13; &#13; &#13; &#13; De acordo com boletim da Funda\u00e7\u00e3o Seade para 2024 divulgado nesta ter\u00e7a-feira (7), o Produto Interno Bruno (PIB) do estado de S\u00e3o Paulo tem proje\u00e7\u00e3o de 2,3%. [&hellip;]<\/p>\n","protected":false},"author":1,"featured_media":238,"comment_status":"open","ping_status":"open","sticky":false,"template":"","format":"standard","meta":{"_jetpack_newsletter_access":"","_jetpack_dont_email_post_to_subs":false,"_jetpack_newsletter_tier_id":0,"_jetpack_memberships_contains_paywalled_content":false,"_mbp_banners":[],"_jetpack_feature_clip_id":0,"_jetpack_memberships_contains_paid_content":false,"footnotes":"","jetpack_publicize_message":"","jetpack_publicize_feature_enabled":true,"jetpack_social_post_already_shared":true,"jetpack_social_options":{"image_generator_settings":{"template":"highway","default_image_id":0,"font":"","enabled":false},"version":2},"jetpack_post_was_ever_published":false},"categories":[21],"tags":[],"class_list":["post-4089","post","type-post","status-publish","format-standard","has-post-thumbnail","category-sp-news"],"jetpack_publicize_connections":[],"jetpack-related-posts":[],"jetpack_shortlink":"https:\/\/wp.me\/p7Eq1F-13X","jetpack_sharing_enabled":true,"jetpack_featured_media_url":"https:\/\/i0.wp.com\/guialimeira.com.br\/news\/wp-content\/uploads\/2024\/03\/cover.png?fit=650%2C650&ssl=1","_links":{"self":[{"href":"https:\/\/guialimeira.com.br\/news\/wp-json\/wp\/v2\/posts\/4089","targetHints":{"allow":["GET"]}}],"collection":[{"href":"https:\/\/guialimeira.com.br\/news\/wp-json\/wp\/v2\/posts"}],"about":[{"href":"https:\/\/guialimeira.com.br\/news\/wp-json\/wp\/v2\/types\/post"}],"author":[{"embeddable":true,"href":"https:\/\/guialimeira.com.br\/news\/wp-json\/wp\/v2\/users\/1"}],"replies":[{"embeddable":true,"href":"https:\/\/guialimeira.com.br\/news\/wp-json\/wp\/v2\/comments?post=4089"}],"version-history":[{"count":0,"href":"https:\/\/guialimeira.com.br\/news\/wp-json\/wp\/v2\/posts\/4089\/revisions"}],"wp:featuredmedia":[{"embeddable":true,"href":"https:\/\/guialimeira.com.br\/news\/wp-json\/wp\/v2\/media\/238"}],"wp:attachment":[{"href":"https:\/\/guialimeira.com.br\/news\/wp-json\/wp\/v2\/media?parent=4089"}],"wp:term":[{"taxonomy":"category","embeddable":true,"href":"https:\/\/guialimeira.com.br\/news\/wp-json\/wp\/v2\/categories?post=4089"},{"taxonomy":"post_tag","embeddable":true,"href":"https:\/\/guialimeira.com.br\/news\/wp-json\/wp\/v2\/tags?post=4089"}],"curies":[{"name":"wp","href":"https:\/\/api.w.org\/{rel}","templated":true}]}}