{"id":4084,"date":"2024-05-07T17:03:43","date_gmt":"2024-05-07T20:03:43","guid":{"rendered":"https:\/\/guialimeira.com.br\/2024\/05\/07\/bc-suspende-medidas-contra-devedores-do-rio-grande-do-sul-por-90-dias\/"},"modified":"2024-05-07T17:03:43","modified_gmt":"2024-05-07T20:03:43","slug":"bc-suspende-medidas-contra-devedores-do-rio-grande-do-sul-por-90-dias","status":"publish","type":"post","link":"https:\/\/guialimeira.com.br\/news\/bc-suspende-medidas-contra-devedores-do-rio-grande-do-sul-por-90-dias\/","title":{"rendered":"BC suspende medidas contra devedores do Rio Grande do Sul por 90 dias"},"content":{"rendered":"<p> <br \/>\n<\/p>\n<div>\n<p>Pessoas que moram no Rio Grande do Sul e empresas com sede no estado\u00a0que est\u00e3o inadimplentes com o Banco Central (BC)\u00a0deixar\u00e3o de ser inclu\u00eddos na d\u00edvida ativa. O \u00f3rg\u00e3o suspendeu por 90 dias as medidas executivas contra devedores da institui\u00e7\u00e3o.<img data-recalc-dims=\"1\" decoding=\"async\" src=\"https:\/\/i0.wp.com\/agenciabrasil.ebc.com.br\/ebc.png?w=696&#038;ssl=1\" style=\"width:1px; height:1px; display:inline;\"\/><img data-recalc-dims=\"1\" decoding=\"async\" src=\"https:\/\/i0.wp.com\/agenciabrasil.ebc.com.br\/ebc.gif?w=696&#038;ssl=1\" style=\"width:1px; height:1px; display:inline;\"\/><\/p>\n<p>Al\u00e9m de n\u00e3o irem\u00a0para a d\u00edvida ativa, os devedores n\u00e3o receber\u00e3o certid\u00f5es de protesto nem ter\u00e3o a\u00e7\u00f5es judiciais de execu\u00e7\u00f5es fiscais ajuizadas. O BC explicou que a medida n\u00e3o atingir\u00e1 os cr\u00e9ditos da autarquia (recursos que a autoridade monet\u00e1ria tem direito a receber) com risco de prescri\u00e7\u00e3o.<\/p>\n<p>Segundo o BC, ainda n\u00e3o \u00e9 poss\u00edvel estimar a quantidade de devedores beneficiados nem o montante envolvido. Durante o per\u00edodo de suspens\u00e3o, o \u00f3rg\u00e3o far\u00e1 a\u00e7\u00f5es de controle e monitoramento que permitir\u00e3o identificar os impactos da medida.<\/p>\n<p>A suspens\u00e3o consta de portaria editada a ser editada nesta ter\u00e7a-feira (7) pelo Banco Central.<\/p>\n<\/p><\/div>\n<p><br \/>\n<br \/><a href=\"https:\/\/agenciabrasil.ebc.com.br\/economia\/noticia\/2024-05\/bc-suspende-medidas-contra-devedores-do-rio-grande-do-sul-por-90-dias\" rel=\"noopener\">Ag\u00eancia Brasil<\/a><\/p>\n","protected":false},"excerpt":{"rendered":"<p>Pessoas que moram no Rio Grande do Sul e empresas com sede no estado\u00a0que est\u00e3o inadimplentes com o Banco Central (BC)\u00a0deixar\u00e3o de ser inclu\u00eddos na d\u00edvida ativa. O \u00f3rg\u00e3o suspendeu por 90 dias as medidas executivas contra devedores da institui\u00e7\u00e3o. Al\u00e9m de n\u00e3o irem\u00a0para a d\u00edvida ativa, os devedores n\u00e3o receber\u00e3o certid\u00f5es de protesto nem [&hellip;]<\/p>\n","protected":false},"author":1,"featured_media":4085,"comment_status":"open","ping_status":"open","sticky":false,"template":"","format":"standard","meta":{"_jetpack_newsletter_access":"","_jetpack_dont_email_post_to_subs":false,"_jetpack_newsletter_tier_id":0,"_jetpack_memberships_contains_paywalled_content":false,"_mbp_banners":[],"_jetpack_feature_clip_id":0,"_jetpack_memberships_contains_paid_content":false,"footnotes":"","jetpack_publicize_message":"","jetpack_publicize_feature_enabled":true,"jetpack_social_post_already_shared":true,"jetpack_social_options":{"image_generator_settings":{"template":"highway","default_image_id":0,"font":"","enabled":false},"version":2},"jetpack_post_was_ever_published":false},"categories":[24],"tags":[],"class_list":["post-4084","post","type-post","status-publish","format-standard","has-post-thumbnail","category-economia"],"jetpack_publicize_connections":[],"jetpack-related-posts":[],"jetpack_shortlink":"https:\/\/wp.me\/p7Eq1F-13S","jetpack_sharing_enabled":true,"jetpack_featured_media_url":"https:\/\/i0.wp.com\/guialimeira.com.br\/news\/wp-content\/uploads\/2024\/05\/53706033244_1761b27929_o.jpg?fit=1600%2C800&ssl=1","_links":{"self":[{"href":"https:\/\/guialimeira.com.br\/news\/wp-json\/wp\/v2\/posts\/4084","targetHints":{"allow":["GET"]}}],"collection":[{"href":"https:\/\/guialimeira.com.br\/news\/wp-json\/wp\/v2\/posts"}],"about":[{"href":"https:\/\/guialimeira.com.br\/news\/wp-json\/wp\/v2\/types\/post"}],"author":[{"embeddable":true,"href":"https:\/\/guialimeira.com.br\/news\/wp-json\/wp\/v2\/users\/1"}],"replies":[{"embeddable":true,"href":"https:\/\/guialimeira.com.br\/news\/wp-json\/wp\/v2\/comments?post=4084"}],"version-history":[{"count":0,"href":"https:\/\/guialimeira.com.br\/news\/wp-json\/wp\/v2\/posts\/4084\/revisions"}],"wp:featuredmedia":[{"embeddable":true,"href":"https:\/\/guialimeira.com.br\/news\/wp-json\/wp\/v2\/media\/4085"}],"wp:attachment":[{"href":"https:\/\/guialimeira.com.br\/news\/wp-json\/wp\/v2\/media?parent=4084"}],"wp:term":[{"taxonomy":"category","embeddable":true,"href":"https:\/\/guialimeira.com.br\/news\/wp-json\/wp\/v2\/categories?post=4084"},{"taxonomy":"post_tag","embeddable":true,"href":"https:\/\/guialimeira.com.br\/news\/wp-json\/wp\/v2\/tags?post=4084"}],"curies":[{"name":"wp","href":"https:\/\/api.w.org\/{rel}","templated":true}]}}