{"id":40793,"date":"2025-08-08T19:04:01","date_gmt":"2025-08-08T22:04:01","guid":{"rendered":"https:\/\/guialimeira.com.br\/?p=40793"},"modified":"2025-08-08T19:04:01","modified_gmt":"2025-08-08T22:04:01","slug":"defesa-civil-de-cordeiropolis-combate-incendio-as-margens-da-rodovia-washington-luis-apos-2h30-prefeitura-municipal-de-cordeiropolis","status":"publish","type":"post","link":"https:\/\/guialimeira.com.br\/news\/defesa-civil-de-cordeiropolis-combate-incendio-as-margens-da-rodovia-washington-luis-apos-2h30-prefeitura-municipal-de-cordeiropolis\/","title":{"rendered":"Defesa Civil de Cordeir\u00f3polis combate inc\u00eandio \u00e0s margens da Rodovia Washington Lu\u00eds ap\u00f3s 2h30 \u2013 Prefeitura Municipal de Cordeir\u00f3polis"},"content":{"rendered":"<p> <br \/>\n<\/p>\n<div>\n<p>A Defesa Civil de Cordeir\u00f3polis, em a\u00e7\u00e3o conjunta com a Secretaria de Servi\u00e7os P\u00fablicos e um bombeiro volunt\u00e1rio, atuou na tarde desta sexta-feira (8) para extinguir um inc\u00eandio \u00e0s margens da Rodovia Washington Lu\u00eds, em \u00e1rea de dif\u00edcil acesso. Uma \u00c1rea de Preserva\u00e7\u00e3o Permanente (APP) n\u00e3o foi atingida, gra\u00e7as a a\u00e7\u00e3o.<\/p>\n<p>O fogo atingiu aproximadamente 2.500 m\u00b2 e exigiu cerca de 2h30 de trabalho cont\u00ednuo das equipes para a extin\u00e7\u00e3o completa das chamas. A r\u00e1pida resposta evitou que o inc\u00eandio se alastrasse para \u00e1reas pr\u00f3ximas, preservando a vegeta\u00e7\u00e3o nativa e minimizando os impactos ambientais.<\/p>\n<p>A Defesa Civil refor\u00e7a que o per\u00edodo de estiagem aumenta significativamente o risco de queimadas e pede \u00e0 popula\u00e7\u00e3o que redobre a aten\u00e7\u00e3o, evitando qualquer pr\u00e1tica que possa provocar fogo, como queimadas em terrenos, descarte irregular de materiais inflam\u00e1veis, fogueiras ou soltura de bal\u00f5es.<\/p>\n<p>Em caso de inc\u00eandio ou suspeita de atividade que possa gerar fogo, a orienta\u00e7\u00e3o \u00e9 acionar imediatamente os canais de emerg\u00eancia: 199 (Defesa Civil), 193 (Corpo de Bombeiros), 190 (Pol\u00edcia Militar) ou 153 (Guarda Civil Municipal).<\/p>\n<figure class=\"wp-block-gallery has-nested-images columns-default is-cropped wp-block-gallery-1 is-layout-flex wp-block-gallery-is-layout-flex\">\n<figure class=\"wp-block-image size-large\"><\/figure>\n<figure class=\"wp-block-image size-large\"><img data-recalc-dims=\"1\" loading=\"lazy\" decoding=\"async\" width=\"696\" height=\"876\" data-id=\"30993\" src=\"https:\/\/i0.wp.com\/guialimeira.com.br\/wp-content\/uploads\/2025\/08\/1754690640_47_Defesa-Civil-de-Cordeiropolis-combate-incendio-as-margens-da-Rodovia.jpeg?resize=696%2C876&#038;ssl=1\" alt=\"\" class=\"wp-image-30993\" \/><\/figure>\n<figure class=\"wp-block-image size-large\"><img data-recalc-dims=\"1\" decoding=\"async\" loading=\"lazy\" width=\"696\" height=\"882\" data-id=\"30992\" src=\"https:\/\/i0.wp.com\/guialimeira.com.br\/wp-content\/uploads\/2025\/08\/1754690640_619_Defesa-Civil-de-Cordeiropolis-combate-incendio-as-margens-da-Rodovia.jpeg?resize=696%2C882&#038;ssl=1\" alt=\"\" class=\"wp-image-30992\" \/><\/figure>\n<figure class=\"wp-block-image size-large\"><img data-recalc-dims=\"1\" decoding=\"async\" data-attachment-id=\"30991\" data-permalink=\"https:\/\/guialimeira.com.br\/news\/morre-o-papa-francisco\/papa-francisco\/\" data-orig-file=\"https:\/\/i0.wp.com\/guialimeira.com.br\/news\/wp-content\/uploads\/2025\/04\/papa-francisco.jpg?fit=799%2C533&amp;ssl=1\" data-orig-size=\"799,533\" data-comments-opened=\"1\" data-image-meta=\"{&quot;aperture&quot;:&quot;0&quot;,&quot;credit&quot;:&quot;@sperezdecamino&quot;,&quot;camera&quot;:&quot;&quot;,&quot;caption&quot;:&quot;&quot;,&quot;created_timestamp&quot;:&quot;0&quot;,&quot;copyright&quot;:&quot;Santiago Perez de Camino&quot;,&quot;focal_length&quot;:&quot;0&quot;,&quot;iso&quot;:&quot;0&quot;,&quot;shutter_speed&quot;:&quot;0&quot;,&quot;title&quot;:&quot;&quot;,&quot;orientation&quot;:&quot;0&quot;}\" data-image-title=\"papa-francisco\" data-image-description=\"\" data-image-caption=\"\" data-large-file=\"https:\/\/i0.wp.com\/guialimeira.com.br\/news\/wp-content\/uploads\/2025\/04\/papa-francisco.jpg?fit=696%2C464&amp;ssl=1\" loading=\"lazy\" width=\"696\" height=\"498\" data-id=\"30991\" src=\"https:\/\/i0.wp.com\/guialimeira.com.br\/wp-content\/uploads\/2025\/08\/1754690640_151_Defesa-Civil-de-Cordeiropolis-combate-incendio-as-margens-da-Rodovia.jpeg?resize=696%2C498&#038;ssl=1\" alt=\"\" class=\"wp-image-30991\" \/><\/figure>\n<figure class=\"wp-block-image size-large\"><img data-recalc-dims=\"1\" decoding=\"async\" loading=\"lazy\" width=\"696\" height=\"493\" data-id=\"30990\" src=\"https:\/\/i0.wp.com\/guialimeira.com.br\/wp-content\/uploads\/2025\/08\/1754690640_587_Defesa-Civil-de-Cordeiropolis-combate-incendio-as-margens-da-Rodovia.jpeg?resize=696%2C493&#038;ssl=1\" alt=\"\" class=\"wp-image-30990\" \/><\/figure>\n<\/figure><\/div>\n<p><br \/>\n<br \/><a href=\"https:\/\/www.cordeiropolis.sp.gov.br\/defesa-civil-de-cordeiropolis-combate-incendio-as-margens-da-rodovia-washington-luis-apos-2h30\/\" rel=\"noopener\">Informa\u00e7\u00f5es Cordeir\u00f3polis <\/a><\/p>\n","protected":false},"excerpt":{"rendered":"<p>A Defesa Civil de Cordeir\u00f3polis, em a\u00e7\u00e3o conjunta com a Secretaria de Servi\u00e7os P\u00fablicos e um bombeiro volunt\u00e1rio, atuou na tarde desta sexta-feira (8) para extinguir um inc\u00eandio \u00e0s margens da Rodovia Washington Lu\u00eds, em \u00e1rea de dif\u00edcil acesso. Uma \u00c1rea de Preserva\u00e7\u00e3o Permanente (APP) n\u00e3o foi atingida, gra\u00e7as a a\u00e7\u00e3o. O fogo atingiu aproximadamente [&hellip;]<\/p>\n","protected":false},"author":1,"featured_media":40794,"comment_status":"open","ping_status":"open","sticky":false,"template":"","format":"standard","meta":{"_jetpack_newsletter_access":"","_jetpack_dont_email_post_to_subs":false,"_jetpack_newsletter_tier_id":0,"_jetpack_memberships_contains_paywalled_content":false,"_mbp_banners":[],"_jetpack_feature_clip_id":0,"_jetpack_memberships_contains_paid_content":false,"footnotes":"","jetpack_publicize_message":"","jetpack_publicize_feature_enabled":true,"jetpack_social_post_already_shared":true,"jetpack_social_options":{"image_generator_settings":{"template":"highway","default_image_id":0,"font":"","enabled":false},"version":2},"jetpack_post_was_ever_published":false},"categories":[20],"tags":[],"class_list":["post-40793","post","type-post","status-publish","format-standard","has-post-thumbnail","category-regiao"],"jetpack_publicize_connections":[],"jetpack-related-posts":[],"jetpack_shortlink":"https:\/\/wp.me\/p7Eq1F-aBX","jetpack_sharing_enabled":true,"jetpack_featured_media_url":"https:\/\/i0.wp.com\/guialimeira.com.br\/news\/wp-content\/uploads\/2025\/08\/1754690640_Defesa-Civil-de-Cordeiropolis-combate-incendio-as-margens-da-Rodovia.jpeg?fit=1024%2C732&ssl=1","_links":{"self":[{"href":"https:\/\/guialimeira.com.br\/news\/wp-json\/wp\/v2\/posts\/40793","targetHints":{"allow":["GET"]}}],"collection":[{"href":"https:\/\/guialimeira.com.br\/news\/wp-json\/wp\/v2\/posts"}],"about":[{"href":"https:\/\/guialimeira.com.br\/news\/wp-json\/wp\/v2\/types\/post"}],"author":[{"embeddable":true,"href":"https:\/\/guialimeira.com.br\/news\/wp-json\/wp\/v2\/users\/1"}],"replies":[{"embeddable":true,"href":"https:\/\/guialimeira.com.br\/news\/wp-json\/wp\/v2\/comments?post=40793"}],"version-history":[{"count":1,"href":"https:\/\/guialimeira.com.br\/news\/wp-json\/wp\/v2\/posts\/40793\/revisions"}],"predecessor-version":[{"id":40795,"href":"https:\/\/guialimeira.com.br\/news\/wp-json\/wp\/v2\/posts\/40793\/revisions\/40795"}],"wp:featuredmedia":[{"embeddable":true,"href":"https:\/\/guialimeira.com.br\/news\/wp-json\/wp\/v2\/media\/40794"}],"wp:attachment":[{"href":"https:\/\/guialimeira.com.br\/news\/wp-json\/wp\/v2\/media?parent=40793"}],"wp:term":[{"taxonomy":"category","embeddable":true,"href":"https:\/\/guialimeira.com.br\/news\/wp-json\/wp\/v2\/categories?post=40793"},{"taxonomy":"post_tag","embeddable":true,"href":"https:\/\/guialimeira.com.br\/news\/wp-json\/wp\/v2\/tags?post=40793"}],"curies":[{"name":"wp","href":"https:\/\/api.w.org\/{rel}","templated":true}]}}