{"id":4079,"date":"2024-05-07T16:22:47","date_gmt":"2024-05-07T19:22:47","guid":{"rendered":"https:\/\/guialimeira.com.br\/2024\/05\/07\/espaco-do-bem-oferece-curso-de-croche-cachepos-bolsa-e-amigurumi\/"},"modified":"2024-05-07T16:22:47","modified_gmt":"2024-05-07T19:22:47","slug":"espaco-do-bem-oferece-curso-de-croche-cachepos-bolsa-e-amigurumi","status":"publish","type":"post","link":"https:\/\/guialimeira.com.br\/news\/espaco-do-bem-oferece-curso-de-croche-cachepos-bolsa-e-amigurumi\/","title":{"rendered":"Espa\u00e7o do Bem oferece curso de croch\u00ea, cachep\u00f4s, bolsa e Amigurumi"},"content":{"rendered":"<p> <br \/>\n<\/p>\n<div>\n            <main class=\"\">&#13;<br \/>\n                &#13;<br \/>\n&#13;<br \/>\n&#13;<br \/>\n&#13;<br \/>\n    <img data-recalc-dims=\"1\" decoding=\"async\" src=\"https:\/\/i0.wp.com\/ecrie.com.br\/sistema\/conteudos\/imagem\/m_137_0_1_07052024161500.jpg?w=696&#038;ssl=1\" alt=\"Espa\u00e7o do Bem oferece curso de croch\u00ea, cachep\u00f4s, bolsa e Amigurumi\"\/>&#13;<br \/>\n&#13;<\/p>\n<p style=\"text-align: justify;\">O Espa\u00e7o do Bem, projeto do Fundo Social de Limeira, abre na sexta-feira (10), das 9h \u00e0s 16h, inscri\u00e7\u00f5es para o curso de croch\u00ea, cachep\u00f4s, bolsa e Amigurumi (t\u00e9cnica de artesanato japonesa &#8211; croch\u00ea). A atividade ser\u00e1 ministrada pela professora volunt\u00e1ria Andr\u00e9a Paolla Teixeira.<\/p>\n<p>&#13;<\/p>\n<p style=\"text-align: justify;\">Os interessados devem fazer a inscri\u00e7\u00e3o no Espa\u00e7o do Bem, localizado na Biblioteca Pedag\u00f3gica, no Parque Cidade. O preenchimento das vagas ser\u00e1 por ordem de chegada. \u00c9 preciso ter mais de 16 anos, saber o b\u00e1sico de croch\u00ea e apresentar os documentos pessoais e comprovante de endere\u00e7o.<\/p>\n<p>&#13;<\/p>\n<p style=\"text-align: justify;\">As aulas ser\u00e3o realizadas nos dias 13, 20 e 27 de maio e 3 de junho, \u00e0s segundas-feiras, das 14h \u00e0s 16h, no Espa\u00e7o do Bem.<\/p>\n<p>&#13;<\/p>\n<p style=\"text-align: justify;\">SERVI\u00c7O<\/p>\n<p>&#13;<\/p>\n<p style=\"text-align: justify;\">Inscri\u00e7\u00f5es para o curso de croch\u00ea, cachep\u00f4s, bolsa e Amigurumi\u00a0<\/p>\n<p>&#13;<\/p>\n<p style=\"text-align: justify;\">Dia 10 de maio (sexta-feira)<\/p>\n<p>&#13;<\/p>\n<p style=\"text-align: justify;\">9h \u00e0s 16h<\/p>\n<p>&#13;<\/p>\n<p style=\"text-align: justify;\">Espa\u00e7o do Bem \u2013 na Biblioteca Pedag\u00f3gica, Parque Cidade<\/p>\n<p>&#13;<\/p>\n<p style=\"text-align: justify;\">Para pessoas a partir de 16 anos e que saibam o b\u00e1sico de croch\u00ea<\/p>\n<p>&#13;<br \/>\n&#13;<br \/>\n&#13;<br \/>\n&#13;<\/p>\n<aside class=\"list-related no-print\">&#13;<br \/>\n        &#13;<br \/>\n&#13;<\/p>\n<article class=\"list-item noticias \">&#13;<br \/>\n                    <a class=\"list-item__img\" href=\"https:\/\/limeira.sp.gov.br\/imprensa\/noticias\/fundo-social-de-limeira\/drive-thru-da-campanha-do-agasalho-e-adiado-para-proxima-semana\" tabindex=\"-1\" aria-hidden=\"true\" rel=\"noopener\">&#13;<br \/>\n                        <img data-recalc-dims=\"1\" decoding=\"async\" src=\"https:\/\/i0.wp.com\/ecrie.com.br\/sistema\/conteudos\/imagem\/m_137_0_1_07052024151530.jpg?w=696&#038;ssl=1\" alt=\"Drive-thru da Campanha do Agasalho \u00e9 adiado para pr\u00f3xima semana\"\/>&#13;<br \/>\n                    <\/a>&#13;<br \/>\n&#13;<br \/>\n                &#13;<br \/>\n            <\/article>\n<p>&#13;<\/p>\n<article class=\"list-item noticias \">&#13;<br \/>\n                    <a class=\"list-item__img\" href=\"https:\/\/limeira.sp.gov.br\/imprensa\/noticias\/fundo-social-de-limeira\/drive-thru-dacampanha-de-ajuda-ao-rio-grande-do-sul-arrecada-mil-pecas-de-roupa-e-353-litros-de-aguano-primeiro-dia-de-operacao\" tabindex=\"-1\" aria-hidden=\"true\" rel=\"noopener\">&#13;<br \/>\n                        <img data-recalc-dims=\"1\" decoding=\"async\" src=\"https:\/\/i0.wp.com\/ecrie.com.br\/sistema\/conteudos\/imagem\/m_137_0_1_06052024174615.jpg?w=696&#038;ssl=1\" alt=\"Drive-thru da\u00a0campanha de ajuda ao Rio Grande do Sul arrecada mil pe\u00e7as de roupa e 353 litros de \u00e1gua\u00a0no primeiro dia de opera\u00e7\u00e3o\"\/>&#13;<br \/>\n                    <\/a>&#13;<br \/>\n&#13;<br \/>\n                &#13;<br \/>\n            <\/article>\n<p>&#13;<\/p>\n<article class=\"list-item noticias \">&#13;<br \/>\n                    <a class=\"list-item__img\" href=\"https:\/\/limeira.sp.gov.br\/imprensa\/noticias\/fundo-social-de-limeira\/inscricoes-para-o-curso-aprenda-a-costurar-em-tecido-plano-e-malha-abrem-quarta-feira-8\" tabindex=\"-1\" aria-hidden=\"true\" rel=\"noopener\">&#13;<br \/>\n                        <img data-recalc-dims=\"1\" decoding=\"async\" src=\"https:\/\/i0.wp.com\/ecrie.com.br\/sistema\/conteudos\/imagem\/m_137_0_1_06052024155252.jpg?w=696&#038;ssl=1\" alt=\"Inscri\u00e7\u00f5es para o curso \u201cAprenda a costurar em tecido plano e malha\u201d abrem quarta-feira (8)\"\/>&#13;<br \/>\n                    <\/a>&#13;<br \/>\n&#13;<br \/>\n                &#13;<br \/>\n            <\/article>\n<p>&#13;<br \/>\n    <\/aside>\n<p>&#13;<br \/>\n&#13;<br \/>\n            <\/main><\/p><\/div>\n<p><br \/>\n<br \/><a href=\"https:\/\/limeira.sp.gov.br\/espaco-do-bem-oferece-curso-de-croche-cachepos-bolsa-e-amigurumi\" rel=\"noopener\">Informa\u00e7\u00f5es da PML <\/a><\/p>\n","protected":false},"excerpt":{"rendered":"<p>&#13; &#13; &#13; &#13; &#13; &#13; &#13; O Espa\u00e7o do Bem, projeto do Fundo Social de Limeira, abre na sexta-feira (10), das 9h \u00e0s 16h, inscri\u00e7\u00f5es para o curso de croch\u00ea, cachep\u00f4s, bolsa e Amigurumi (t\u00e9cnica de artesanato japonesa &#8211; croch\u00ea). A atividade ser\u00e1 ministrada pela professora volunt\u00e1ria Andr\u00e9a Paolla Teixeira. &#13; Os interessados devem [&hellip;]<\/p>\n","protected":false},"author":1,"featured_media":4080,"comment_status":"open","ping_status":"open","sticky":false,"template":"","format":"standard","meta":{"_jetpack_newsletter_access":"","_jetpack_dont_email_post_to_subs":false,"_jetpack_newsletter_tier_id":0,"_jetpack_memberships_contains_paywalled_content":false,"_mbp_banners":[],"_jetpack_feature_clip_id":0,"_jetpack_memberships_contains_paid_content":false,"footnotes":"","jetpack_publicize_message":"","jetpack_publicize_feature_enabled":true,"jetpack_social_post_already_shared":true,"jetpack_social_options":{"image_generator_settings":{"template":"highway","default_image_id":0,"font":"","enabled":false},"version":2},"jetpack_post_was_ever_published":false},"categories":[16],"tags":[],"class_list":["post-4079","post","type-post","status-publish","format-standard","has-post-thumbnail","category-local"],"jetpack_publicize_connections":[],"jetpack-related-posts":[],"jetpack_shortlink":"https:\/\/wp.me\/p7Eq1F-13N","jetpack_sharing_enabled":true,"jetpack_featured_media_url":"https:\/\/i0.wp.com\/guialimeira.com.br\/news\/wp-content\/uploads\/2024\/05\/m_137_0_1_07052024161500.jpg?fit=1280%2C852&ssl=1","_links":{"self":[{"href":"https:\/\/guialimeira.com.br\/news\/wp-json\/wp\/v2\/posts\/4079","targetHints":{"allow":["GET"]}}],"collection":[{"href":"https:\/\/guialimeira.com.br\/news\/wp-json\/wp\/v2\/posts"}],"about":[{"href":"https:\/\/guialimeira.com.br\/news\/wp-json\/wp\/v2\/types\/post"}],"author":[{"embeddable":true,"href":"https:\/\/guialimeira.com.br\/news\/wp-json\/wp\/v2\/users\/1"}],"replies":[{"embeddable":true,"href":"https:\/\/guialimeira.com.br\/news\/wp-json\/wp\/v2\/comments?post=4079"}],"version-history":[{"count":0,"href":"https:\/\/guialimeira.com.br\/news\/wp-json\/wp\/v2\/posts\/4079\/revisions"}],"wp:featuredmedia":[{"embeddable":true,"href":"https:\/\/guialimeira.com.br\/news\/wp-json\/wp\/v2\/media\/4080"}],"wp:attachment":[{"href":"https:\/\/guialimeira.com.br\/news\/wp-json\/wp\/v2\/media?parent=4079"}],"wp:term":[{"taxonomy":"category","embeddable":true,"href":"https:\/\/guialimeira.com.br\/news\/wp-json\/wp\/v2\/categories?post=4079"},{"taxonomy":"post_tag","embeddable":true,"href":"https:\/\/guialimeira.com.br\/news\/wp-json\/wp\/v2\/tags?post=4079"}],"curies":[{"name":"wp","href":"https:\/\/api.w.org\/{rel}","templated":true}]}}