{"id":4078,"date":"2024-05-07T16:08:12","date_gmt":"2024-05-07T19:08:12","guid":{"rendered":"https:\/\/guialimeira.com.br\/2024\/05\/07\/alunos-de-sp-recebem-orientacao-sobre-documentos-para-inscricoes-do-enem-e-vestibulares\/"},"modified":"2024-05-07T16:08:12","modified_gmt":"2024-05-07T19:08:12","slug":"alunos-de-sp-recebem-orientacao-sobre-documentos-para-inscricoes-do-enem-e-vestibulares","status":"publish","type":"post","link":"https:\/\/guialimeira.com.br\/news\/alunos-de-sp-recebem-orientacao-sobre-documentos-para-inscricoes-do-enem-e-vestibulares\/","title":{"rendered":"Alunos de SP recebem orienta\u00e7\u00e3o sobre documentos para inscri\u00e7\u00f5es do Enem e vestibulares"},"content":{"rendered":"<p> <br \/>\n<\/p>\n<div id=\"\">&#13;<br \/>\n                                <!-- Title -->&#13;<br \/>\n                                &#13;<br \/>\n&#13;<br \/>\n                                <!-- Excerpt -->&#13;<\/p>\n<p class=\"excerpt\">A Secretaria de Educa\u00e7\u00e3o do Estado tamb\u00e9m refor\u00e7a a import\u00e2ncia de os estudantes fazerem o registro da autodeclara\u00e7\u00e3o de ra\u00e7a e cor<\/p>\n<p>&#13;<br \/>\n&#13;<br \/>\n                                &#13;\n                            <\/p><\/div>\n<div id=\"\">&#13;<\/p>\n<p><iframe loading=\"lazy\" title=\"Alunos de SP recebem orienta\u00e7\u00e3o para solicitar ou atualizar documentos antes do Enem e vestibulares by Governo do Estado de S\u00e3o Paulo\" width=\"587\" height=\"330\" scrolling=\"no\" frameborder=\"no\" src=\"https:\/\/w.soundcloud.com\/player\/?visual=true&amp;url=https%3A%2F%2Fapi.soundcloud.com%2Ftracks%2F1816594665&amp;show_artwork=true&amp;maxheight=330&amp;maxwidth=587\"><\/iframe><\/p>\n<p>A temporada de provas para ingresso no ensino superior pode estar longe, mas j\u00e1 \u00e9 hora de organizar a documenta\u00e7\u00e3o para a participa\u00e7\u00e3o no Prov\u00e3o Paulista e para as inscri\u00e7\u00f5es nos principais vestibulares do pa\u00eds e no Enem.<\/p>\n<p>Para apoiar os estudantes, a Secretaria de Educa\u00e7\u00e3o do Estado de S\u00e3o Paulo (Seduc-SP) lan\u00e7ou uma campanha para incentiv\u00e1-los a solicitar ou atualizar os mais requisitados. Na lista est\u00e3o: certid\u00e3o de nascimento, carteira de identidade, cadastro de pessoas f\u00edsicas e t\u00edtulo de eleitor.<\/p>\n<p>A segunda via da certid\u00e3o de nascimento e o cadastro de pessoas f\u00edsicas, conhecido pela sigla CPF, podem ser emitidos pela internet. J\u00e1 para a emiss\u00e3o da carteira de identidade, os estudantes de S\u00e3o Paulo podem agendar o servi\u00e7o em um dos postos do Poupatempo. J\u00e1 o t\u00edtulo de eleitor pode ser emitido de forma gratuita pela internet no portal do Tribunal Superior Eleitoral. O documento \u00e9 obrigat\u00f3rio para maiores de 18 anos.<\/p>\n<p>Caso o participante n\u00e3o tenha o documento por motivo de extravio, perda, furto ou roubo, deve apresentar o boletim de ocorr\u00eancia expedido por \u00f3rg\u00e3o policial h\u00e1, no m\u00e1ximo, 90 dias antes da aplica\u00e7\u00e3o do exame ou inscri\u00e7\u00e3o.<\/p>\n<p>Os estudantes tamb\u00e9m podem aproveitar este per\u00edodo para fazerem o registro da autodeclara\u00e7\u00e3o de ra\u00e7a e cor. \u201cA campanha de autodeclara\u00e7\u00e3o, para al\u00e9m do movimento de qualifica\u00e7\u00e3o dos dados relacionados \u00e0 ra\u00e7a e cor dos estudantes presentes na rede estadual de ensino, tamb\u00e9m \u00e9 uma ferramenta de valoriza\u00e7\u00e3o da diversidade \u00e9tnico-racial presente nas escolas. Falar sobre a autodeclara\u00e7\u00e3o \u00e9 possibilitar aos estudantes que digam como se reconhecem e discutam a constru\u00e7\u00e3o identit\u00e1ria no ambiente escolar\u201d, explica a diretora t\u00e9cnica do Centro de Inclus\u00e3o Educacional da Secretaria da Educa\u00e7\u00e3o, P\u00e2mela Francelino.<\/p>\n<p>Podem fazer a autodeclara\u00e7\u00e3o, jovens com mais de 16 anos, inclusive adultos matriculados na Educa\u00e7\u00e3o para Jovens e Adultos (EJA). J\u00e1 os alunos com 15 anos ou menos devem estar acompanhados dos pais ou respons\u00e1veis.<\/p>\n<p>Siga o canal \u201cGoverno de S\u00e3o Paulo\u201d no WhatsApp:<br \/><a href=\"https:\/\/bit.ly\/govspnozap\" target=\"_blank\" rel=\"noopener noreferrer\">https:\/\/bit.ly\/govspnozap<\/a><\/p>\n<\/p><\/div>\n<p><br \/>\n<br \/><a href=\"https:\/\/www.saopaulo.sp.gov.br\/spnoticias\/ultimas-noticias\/alunos-de-sp-recebem-orientacao-sobre-documentos-para-inscricoes-do-enem-e-vestibulares\/\" rel=\"noopener\">Informa\u00e7\u00f5es GOV.SP<\/a><\/p>\n","protected":false},"excerpt":{"rendered":"<p>&#13; &#13; &#13; &#13; &#13; A Secretaria de Educa\u00e7\u00e3o do Estado tamb\u00e9m refor\u00e7a a import\u00e2ncia de os estudantes fazerem o registro da autodeclara\u00e7\u00e3o de ra\u00e7a e cor &#13; &#13; &#13; &#13; A temporada de provas para ingresso no ensino superior pode estar longe, mas j\u00e1 \u00e9 hora de organizar a documenta\u00e7\u00e3o para a participa\u00e7\u00e3o no [&hellip;]<\/p>\n","protected":false},"author":1,"featured_media":238,"comment_status":"open","ping_status":"open","sticky":false,"template":"","format":"standard","meta":{"_jetpack_newsletter_access":"","_jetpack_dont_email_post_to_subs":false,"_jetpack_newsletter_tier_id":0,"_jetpack_memberships_contains_paywalled_content":false,"_mbp_banners":[],"_jetpack_feature_clip_id":0,"_jetpack_memberships_contains_paid_content":false,"footnotes":"","jetpack_publicize_message":"","jetpack_publicize_feature_enabled":true,"jetpack_social_post_already_shared":true,"jetpack_social_options":{"image_generator_settings":{"template":"highway","default_image_id":0,"font":"","enabled":false},"version":2},"jetpack_post_was_ever_published":false},"categories":[21],"tags":[],"class_list":["post-4078","post","type-post","status-publish","format-standard","has-post-thumbnail","category-sp-news"],"jetpack_publicize_connections":[],"jetpack-related-posts":[],"jetpack_shortlink":"https:\/\/wp.me\/p7Eq1F-13M","jetpack_sharing_enabled":true,"jetpack_featured_media_url":"https:\/\/i0.wp.com\/guialimeira.com.br\/news\/wp-content\/uploads\/2024\/03\/cover.png?fit=650%2C650&ssl=1","_links":{"self":[{"href":"https:\/\/guialimeira.com.br\/news\/wp-json\/wp\/v2\/posts\/4078","targetHints":{"allow":["GET"]}}],"collection":[{"href":"https:\/\/guialimeira.com.br\/news\/wp-json\/wp\/v2\/posts"}],"about":[{"href":"https:\/\/guialimeira.com.br\/news\/wp-json\/wp\/v2\/types\/post"}],"author":[{"embeddable":true,"href":"https:\/\/guialimeira.com.br\/news\/wp-json\/wp\/v2\/users\/1"}],"replies":[{"embeddable":true,"href":"https:\/\/guialimeira.com.br\/news\/wp-json\/wp\/v2\/comments?post=4078"}],"version-history":[{"count":0,"href":"https:\/\/guialimeira.com.br\/news\/wp-json\/wp\/v2\/posts\/4078\/revisions"}],"wp:featuredmedia":[{"embeddable":true,"href":"https:\/\/guialimeira.com.br\/news\/wp-json\/wp\/v2\/media\/238"}],"wp:attachment":[{"href":"https:\/\/guialimeira.com.br\/news\/wp-json\/wp\/v2\/media?parent=4078"}],"wp:term":[{"taxonomy":"category","embeddable":true,"href":"https:\/\/guialimeira.com.br\/news\/wp-json\/wp\/v2\/categories?post=4078"},{"taxonomy":"post_tag","embeddable":true,"href":"https:\/\/guialimeira.com.br\/news\/wp-json\/wp\/v2\/tags?post=4078"}],"curies":[{"name":"wp","href":"https:\/\/api.w.org\/{rel}","templated":true}]}}