{"id":40772,"date":"2025-08-08T17:01:20","date_gmt":"2025-08-08T20:01:20","guid":{"rendered":"https:\/\/guialimeira.com.br\/?p=40772"},"modified":"2025-08-08T17:01:20","modified_gmt":"2025-08-08T20:01:20","slug":"prefeitura-de-cordeiropolis-investe-mais-meio-milhao-de-reais-em-medicamentos-prefeitura-municipal-de-cordeiropolis","status":"publish","type":"post","link":"https:\/\/guialimeira.com.br\/news\/prefeitura-de-cordeiropolis-investe-mais-meio-milhao-de-reais-em-medicamentos-prefeitura-municipal-de-cordeiropolis\/","title":{"rendered":"Prefeitura de Cordeir\u00f3polis investe mais meio milh\u00e3o de reais em medicamentos \u2013 Prefeitura Municipal de Cordeir\u00f3polis"},"content":{"rendered":"<p> <br \/>\n<\/p>\n<div>\n<p>A Prefeitura de Cordeir\u00f3polis, por meio da Secretaria de Sa\u00fade, investiu mais R$ 500 mil, aproximadamente, em compra de medicamentos. As requisi\u00e7\u00f5es foram assinadas nesta sexta-feira (8) pela prefeita Cristina Saad. Ao todo, R$ 1,5 milh\u00e3o foram investidos em medicamentos em 2025. \u201c\u00c9 um investimento significativo em rem\u00e9dios para a popula\u00e7\u00e3o\u201d, afirmou a prefeita.<\/p>\n<p>Secret\u00e1ria de Sa\u00fade, Regiane Portes Mendes comentou que a aquisi\u00e7\u00e3o dos medicamentos atender\u00e1 todas as farm\u00e1cias do munic\u00edpio. \u201cEsse novo investimento vai ao encontro da atualiza\u00e7\u00e3o que fizemos da Rela\u00e7\u00e3o Municipal de Medicamentos\u201d, explicou. A nova Remume foi publicada na edi\u00e7\u00e3o desta sexta-feira (8) do Jornal Oficial do Munic\u00edpio.<\/p>\n<p>De acordo com Regiane, a rela\u00e7\u00e3o de medicamentos atualizada foi embasada na Rela\u00e7\u00e3o Nacional de Medicamentos e na s\u00e9rie hist\u00f3rica de dispensa\u00e7\u00e3o de rem\u00e9dios em Cordeir\u00f3polis, respeitando a Pol\u00edtica Nacional de Assist\u00eancia Farmac\u00eautica. \u201cAl\u00e9m disso, debatemos a Remume com os profissionais de sa\u00fade da nossa rede, como farmac\u00eauticos, m\u00e9dicos e enfermeiros\u201d, ressaltou.<\/p>\n<p>Com essa atualiza\u00e7\u00e3o, a Rela\u00e7\u00e3o Municipal de Medicamentos passa a ser a nova padroniza\u00e7\u00e3o para dispensa\u00e7\u00e3o de rem\u00e9dios em Cordeir\u00f3polis.<\/p>\n<\/p><\/div>\n<p><br \/>\n<br \/><a href=\"https:\/\/www.cordeiropolis.sp.gov.br\/prefeitura-de-cordeiropolis-investe-mais-meio-milhao-de-reais-em-medicamentos\/\" rel=\"noopener\">Informa\u00e7\u00f5es Cordeir\u00f3polis <\/a><\/p>\n","protected":false},"excerpt":{"rendered":"<p>A Prefeitura de Cordeir\u00f3polis, por meio da Secretaria de Sa\u00fade, investiu mais R$ 500 mil, aproximadamente, em compra de medicamentos. As requisi\u00e7\u00f5es foram assinadas nesta sexta-feira (8) pela prefeita Cristina Saad. Ao todo, R$ 1,5 milh\u00e3o foram investidos em medicamentos em 2025. \u201c\u00c9 um investimento significativo em rem\u00e9dios para a popula\u00e7\u00e3o\u201d, afirmou a prefeita. Secret\u00e1ria [&hellip;]<\/p>\n","protected":false},"author":1,"featured_media":0,"comment_status":"open","ping_status":"open","sticky":false,"template":"","format":"standard","meta":{"_jetpack_newsletter_access":"","_jetpack_dont_email_post_to_subs":false,"_jetpack_newsletter_tier_id":0,"_jetpack_memberships_contains_paywalled_content":false,"_mbp_banners":[],"_jetpack_feature_clip_id":0,"_jetpack_memberships_contains_paid_content":false,"footnotes":"","jetpack_publicize_message":"","jetpack_publicize_feature_enabled":true,"jetpack_social_post_already_shared":true,"jetpack_social_options":{"image_generator_settings":{"template":"highway","default_image_id":0,"font":"","enabled":false},"version":2},"jetpack_post_was_ever_published":false},"categories":[20],"tags":[],"class_list":["post-40772","post","type-post","status-publish","format-standard","category-regiao"],"jetpack_publicize_connections":[],"jetpack-related-posts":[],"jetpack_shortlink":"https:\/\/wp.me\/p7Eq1F-aBC","jetpack_sharing_enabled":true,"jetpack_featured_media_url":"","_links":{"self":[{"href":"https:\/\/guialimeira.com.br\/news\/wp-json\/wp\/v2\/posts\/40772","targetHints":{"allow":["GET"]}}],"collection":[{"href":"https:\/\/guialimeira.com.br\/news\/wp-json\/wp\/v2\/posts"}],"about":[{"href":"https:\/\/guialimeira.com.br\/news\/wp-json\/wp\/v2\/types\/post"}],"author":[{"embeddable":true,"href":"https:\/\/guialimeira.com.br\/news\/wp-json\/wp\/v2\/users\/1"}],"replies":[{"embeddable":true,"href":"https:\/\/guialimeira.com.br\/news\/wp-json\/wp\/v2\/comments?post=40772"}],"version-history":[{"count":1,"href":"https:\/\/guialimeira.com.br\/news\/wp-json\/wp\/v2\/posts\/40772\/revisions"}],"predecessor-version":[{"id":40773,"href":"https:\/\/guialimeira.com.br\/news\/wp-json\/wp\/v2\/posts\/40772\/revisions\/40773"}],"wp:attachment":[{"href":"https:\/\/guialimeira.com.br\/news\/wp-json\/wp\/v2\/media?parent=40772"}],"wp:term":[{"taxonomy":"category","embeddable":true,"href":"https:\/\/guialimeira.com.br\/news\/wp-json\/wp\/v2\/categories?post=40772"},{"taxonomy":"post_tag","embeddable":true,"href":"https:\/\/guialimeira.com.br\/news\/wp-json\/wp\/v2\/tags?post=40772"}],"curies":[{"name":"wp","href":"https:\/\/api.w.org\/{rel}","templated":true}]}}