{"id":4067,"date":"2024-05-07T15:06:48","date_gmt":"2024-05-07T18:06:48","guid":{"rendered":"https:\/\/guialimeira.com.br\/2024\/05\/07\/tribunal-de-justica-de-sp-suspende-liminar-que-anulou-sessao-da-camara-sobre-a-sabesp\/"},"modified":"2024-05-07T15:06:48","modified_gmt":"2024-05-07T18:06:48","slug":"tribunal-de-justica-de-sp-suspende-liminar-que-anulou-sessao-da-camara-sobre-a-sabesp","status":"publish","type":"post","link":"https:\/\/guialimeira.com.br\/news\/tribunal-de-justica-de-sp-suspende-liminar-que-anulou-sessao-da-camara-sobre-a-sabesp\/","title":{"rendered":"Tribunal de Justi\u00e7a de SP suspende liminar que anulou sess\u00e3o da C\u00e2mara sobre a Sabesp"},"content":{"rendered":"<p> <br \/>\n<\/p>\n<div id=\"\">&#13;<br \/>\n                                <!-- Title -->&#13;<br \/>\n                                &#13;<br \/>\n&#13;<br \/>\n                                <!-- Excerpt -->&#13;<\/p>\n<p class=\"excerpt\">Na decis\u00e3o, presidente da Corte ressaltou que tramita\u00e7\u00e3o de projetos de lei n\u00e3o pode ser controlada por meio do Judici\u00e1rio<\/p>\n<p>&#13;<br \/>\n&#13;<br \/>\n                                &#13;\n                            <\/p><\/div>\n<div id=\"\">&#13;<\/p>\n<p>O presidente do Tribunal de Justi\u00e7a do Estado de S\u00e3o Paulo, Fernando Antonio Torres Garcia, suspendeu nesta ter\u00e7a-feira (7) a liminar que anulava os efeitos da vota\u00e7\u00e3o do projeto de lei n\u00ba 163\/2024 na C\u00e2mara Municipal de S\u00e3o Paulo, na \u00faltima quinta-feira (2).<\/p>\n<p>Na ocasi\u00e3o, os vereadores aprovaram por 37 votos favor\u00e1veis a lei que autorizava a Capital paulista a firmar o novo contrato de concess\u00e3o com a Sabesp, que entrar\u00e1 em vigor ap\u00f3s o processo de desestatiza\u00e7\u00e3o.<\/p>\n<p>De acordo com o presidente do TJSP, a jurisprud\u00eancia do Supremo Tribunal Federal (STF) n\u00e3o admite controle via judici\u00e1rio da tramita\u00e7\u00e3o de projetos de lei. Por esta raz\u00e3o, decidiu pela suspens\u00e3o da liminar at\u00e9 a que a tramita\u00e7\u00e3o do processo seja conclu\u00edda.<\/p>\n<p>Com essa decis\u00e3o, permanecem v\u00e1lidas tanto a sess\u00e3o que aprovou o projeto de lei n\u00ba 163\/2024 quanto sua san\u00e7\u00e3o pelo prefeito Ricardo Nunes. Ou seja, a cidade de S\u00e3o Paulo permanecer\u00e1 sendo atendida pela Sabesp ap\u00f3s a desestatiza\u00e7\u00e3o, como aprovado pela maioria dos vereadores.<\/p>\n<\/p><\/div>\n<p><br \/>\n<br \/><a href=\"https:\/\/www.saopaulo.sp.gov.br\/spnoticias\/ultimas-noticias\/tribunal-de-justica-de-sp-suspende-liminar-que-anulou-sessao-da-camara-sobre-a-sabesp\/\" rel=\"noopener\">Informa\u00e7\u00f5es GOV.SP<\/a><\/p>\n","protected":false},"excerpt":{"rendered":"<p>&#13; &#13; &#13; &#13; &#13; Na decis\u00e3o, presidente da Corte ressaltou que tramita\u00e7\u00e3o de projetos de lei n\u00e3o pode ser controlada por meio do Judici\u00e1rio &#13; &#13; &#13; &#13; O presidente do Tribunal de Justi\u00e7a do Estado de S\u00e3o Paulo, Fernando Antonio Torres Garcia, suspendeu nesta ter\u00e7a-feira (7) a liminar que anulava os efeitos da [&hellip;]<\/p>\n","protected":false},"author":1,"featured_media":238,"comment_status":"open","ping_status":"open","sticky":false,"template":"","format":"standard","meta":{"_jetpack_newsletter_access":"","_jetpack_dont_email_post_to_subs":false,"_jetpack_newsletter_tier_id":0,"_jetpack_memberships_contains_paywalled_content":false,"_mbp_banners":[],"_jetpack_feature_clip_id":0,"_jetpack_memberships_contains_paid_content":false,"footnotes":"","jetpack_publicize_message":"","jetpack_publicize_feature_enabled":true,"jetpack_social_post_already_shared":true,"jetpack_social_options":{"image_generator_settings":{"template":"highway","default_image_id":0,"font":"","enabled":false},"version":2},"jetpack_post_was_ever_published":false},"categories":[21],"tags":[],"class_list":["post-4067","post","type-post","status-publish","format-standard","has-post-thumbnail","category-sp-news"],"jetpack_publicize_connections":[],"jetpack-related-posts":[],"jetpack_shortlink":"https:\/\/wp.me\/p7Eq1F-13B","jetpack_sharing_enabled":true,"jetpack_featured_media_url":"https:\/\/i0.wp.com\/guialimeira.com.br\/news\/wp-content\/uploads\/2024\/03\/cover.png?fit=650%2C650&ssl=1","_links":{"self":[{"href":"https:\/\/guialimeira.com.br\/news\/wp-json\/wp\/v2\/posts\/4067","targetHints":{"allow":["GET"]}}],"collection":[{"href":"https:\/\/guialimeira.com.br\/news\/wp-json\/wp\/v2\/posts"}],"about":[{"href":"https:\/\/guialimeira.com.br\/news\/wp-json\/wp\/v2\/types\/post"}],"author":[{"embeddable":true,"href":"https:\/\/guialimeira.com.br\/news\/wp-json\/wp\/v2\/users\/1"}],"replies":[{"embeddable":true,"href":"https:\/\/guialimeira.com.br\/news\/wp-json\/wp\/v2\/comments?post=4067"}],"version-history":[{"count":0,"href":"https:\/\/guialimeira.com.br\/news\/wp-json\/wp\/v2\/posts\/4067\/revisions"}],"wp:featuredmedia":[{"embeddable":true,"href":"https:\/\/guialimeira.com.br\/news\/wp-json\/wp\/v2\/media\/238"}],"wp:attachment":[{"href":"https:\/\/guialimeira.com.br\/news\/wp-json\/wp\/v2\/media?parent=4067"}],"wp:term":[{"taxonomy":"category","embeddable":true,"href":"https:\/\/guialimeira.com.br\/news\/wp-json\/wp\/v2\/categories?post=4067"},{"taxonomy":"post_tag","embeddable":true,"href":"https:\/\/guialimeira.com.br\/news\/wp-json\/wp\/v2\/tags?post=4067"}],"curies":[{"name":"wp","href":"https:\/\/api.w.org\/{rel}","templated":true}]}}