{"id":4062,"date":"2024-05-07T14:40:43","date_gmt":"2024-05-07T17:40:43","guid":{"rendered":"https:\/\/guialimeira.com.br\/2024\/05\/07\/semae-divulga-programacao-de-servicos-07-05-portal-do-municipio-de-piracicaba\/"},"modified":"2024-05-07T14:40:43","modified_gmt":"2024-05-07T17:40:43","slug":"semae-divulga-programacao-de-servicos-07-05-portal-do-municipio-de-piracicaba","status":"publish","type":"post","link":"https:\/\/guialimeira.com.br\/news\/semae-divulga-programacao-de-servicos-07-05-portal-do-municipio-de-piracicaba\/","title":{"rendered":"Semae divulga programa\u00e7\u00e3o de servi\u00e7os \u2013 07\/05 \u2013 Portal do Munic\u00edpio de Piracicaba"},"content":{"rendered":"<p> <br \/>\n<\/p>\n<div itemprop=\"articleBody\">\n<div class=\"m-auto col-lg-8\">\n<figure class=\"text-center\">\n<img data-recalc-dims=\"1\" width=\"347\" height=\"288\" src=\"https:\/\/i0.wp.com\/piracicaba.sp.gov.br\/wp-content\/uploads\/2024\/01\/Imagem-servicos-Semae.jpg?resize=347%2C288&#038;ssl=1\" class=\"img-fluid img-thumbnail border-1 wp-post-image\" alt=\"\" itemprop=\"image\" decoding=\"async\" fetchpriority=\"high\" srcset=\"https:\/\/piracicaba.sp.gov.br\/wp-content\/uploads\/2024\/01\/Imagem-servicos-Semae.jpg 347w, https:\/\/piracicaba.sp.gov.br\/wp-content\/uploads\/2024\/01\/Imagem-servicos-Semae-300x249.jpg 300w\" sizes=\"(max-width: 347px) 100vw, 347px\"\/><\/figure>\n<p>O Semae realiza nesta ter\u00e7a-feira, dia 07\/05, manuten\u00e7\u00f5es e reparos nos seguintes pontos da cidade.<\/p>\n<p>Manuten\u00e7\u00f5es:<br \/>Rua Jo\u00e3o Cris\u00f3stomo, 287 \u2013 Jardim Jaragu\u00e1<br \/>Rua Venceslau Br\u00e1s, 580 \u2013 Jardim Camargo<br \/>Rua Alameda Alcindo Lopes Lucas, 141 \u2013 Terras de Piracicaba<br \/>Avenida Carlos Martins Sodero, 377 \u2013 Vila Independ\u00eancia<br \/>Rua Arlindo Maffeis Sartini, 140 \u2013 Jardim Abaet\u00e9<br \/>Rua Caetano Jos\u00e9 da Cunha,178 \u2013 Gar\u00e7as<br \/>Rua Roque de Lello, 101 \u2013 Santa Rosa<br \/>Rua Manoel Louren\u00e7o, 183 \u2013 Santa Rosa<br \/>Rua Rubens Guelli, 60 \u2013 Santa Rosa<br \/>Rua M\u00e1rio Crivellani, 222 \u2013 Santa Rosa<br \/>Rua Sargento Pedro Salgado, 101 \u2013 Santa Rosa<br \/>Rua Israel Gil, 74 \u2013 Santa Rosa<br \/>Rua Attilio Cesta, 51 \u2013 Santa Rosa<\/p>\n<p>A programa\u00e7\u00e3o de servi\u00e7os est\u00e1 sujeita a suspens\u00e3o ou altera\u00e7\u00f5es em caso de chuvas e tempestades.<\/p>\n<\/div>\n<\/div>\n<p><br \/>\n<br \/><a href=\"https:\/\/piracicaba.sp.gov.br\/noticias\/semae-divulga-programacao-de-servicos-07-05\/\" rel=\"noopener\">Informa\u00e7\u00f5es PMP <\/a><\/p>\n","protected":false},"excerpt":{"rendered":"<p>O Semae realiza nesta ter\u00e7a-feira, dia 07\/05, manuten\u00e7\u00f5es e reparos nos seguintes pontos da cidade. Manuten\u00e7\u00f5es:Rua Jo\u00e3o Cris\u00f3stomo, 287 \u2013 Jardim Jaragu\u00e1Rua Venceslau Br\u00e1s, 580 \u2013 Jardim CamargoRua Alameda Alcindo Lopes Lucas, 141 \u2013 Terras de PiracicabaAvenida Carlos Martins Sodero, 377 \u2013 Vila Independ\u00eanciaRua Arlindo Maffeis Sartini, 140 \u2013 Jardim Abaet\u00e9Rua Caetano Jos\u00e9 da Cunha,178 [&hellip;]<\/p>\n","protected":false},"author":1,"featured_media":2023,"comment_status":"open","ping_status":"open","sticky":false,"template":"","format":"standard","meta":{"_jetpack_newsletter_access":"","_jetpack_dont_email_post_to_subs":false,"_jetpack_newsletter_tier_id":0,"_jetpack_memberships_contains_paywalled_content":false,"_mbp_banners":[],"_jetpack_feature_clip_id":0,"_jetpack_memberships_contains_paid_content":false,"footnotes":"","jetpack_publicize_message":"","jetpack_publicize_feature_enabled":true,"jetpack_social_post_already_shared":true,"jetpack_social_options":{"image_generator_settings":{"template":"highway","default_image_id":0,"font":"","enabled":false},"version":2},"jetpack_post_was_ever_published":false},"categories":[20],"tags":[],"class_list":["post-4062","post","type-post","status-publish","format-standard","has-post-thumbnail","category-regiao"],"jetpack_publicize_connections":[],"jetpack-related-posts":[],"jetpack_shortlink":"https:\/\/wp.me\/p7Eq1F-13w","jetpack_sharing_enabled":true,"jetpack_featured_media_url":"https:\/\/i0.wp.com\/guialimeira.com.br\/news\/wp-content\/uploads\/2024\/04\/Imagem-servicos-Semae.jpg?fit=347%2C288&ssl=1","_links":{"self":[{"href":"https:\/\/guialimeira.com.br\/news\/wp-json\/wp\/v2\/posts\/4062","targetHints":{"allow":["GET"]}}],"collection":[{"href":"https:\/\/guialimeira.com.br\/news\/wp-json\/wp\/v2\/posts"}],"about":[{"href":"https:\/\/guialimeira.com.br\/news\/wp-json\/wp\/v2\/types\/post"}],"author":[{"embeddable":true,"href":"https:\/\/guialimeira.com.br\/news\/wp-json\/wp\/v2\/users\/1"}],"replies":[{"embeddable":true,"href":"https:\/\/guialimeira.com.br\/news\/wp-json\/wp\/v2\/comments?post=4062"}],"version-history":[{"count":0,"href":"https:\/\/guialimeira.com.br\/news\/wp-json\/wp\/v2\/posts\/4062\/revisions"}],"wp:featuredmedia":[{"embeddable":true,"href":"https:\/\/guialimeira.com.br\/news\/wp-json\/wp\/v2\/media\/2023"}],"wp:attachment":[{"href":"https:\/\/guialimeira.com.br\/news\/wp-json\/wp\/v2\/media?parent=4062"}],"wp:term":[{"taxonomy":"category","embeddable":true,"href":"https:\/\/guialimeira.com.br\/news\/wp-json\/wp\/v2\/categories?post=4062"},{"taxonomy":"post_tag","embeddable":true,"href":"https:\/\/guialimeira.com.br\/news\/wp-json\/wp\/v2\/tags?post=4062"}],"curies":[{"name":"wp","href":"https:\/\/api.w.org\/{rel}","templated":true}]}}