{"id":4060,"date":"2024-05-07T14:20:49","date_gmt":"2024-05-07T17:20:49","guid":{"rendered":"https:\/\/guialimeira.com.br\/2024\/05\/07\/espetaculo-gratuito-a-divina-farsa-acontece-nesta-quinta-9\/"},"modified":"2024-05-07T14:20:49","modified_gmt":"2024-05-07T17:20:49","slug":"espetaculo-gratuito-a-divina-farsa-acontece-nesta-quinta-9","status":"publish","type":"post","link":"https:\/\/guialimeira.com.br\/news\/espetaculo-gratuito-a-divina-farsa-acontece-nesta-quinta-9\/","title":{"rendered":"Espet\u00e1culo gratuito \u201cA Divina Farsa\u201d acontece nesta quinta (9)"},"content":{"rendered":"<p> <br \/>\n<\/p>\n<div>\n            <main class=\"\">&#13;<br \/>\n                &#13;<br \/>\n&#13;<br \/>\n&#13;<br \/>\n&#13;<br \/>\n    <img data-recalc-dims=\"1\" decoding=\"async\" src=\"https:\/\/i0.wp.com\/ecrie.com.br\/sistema\/conteudos\/imagem\/m_137_0_1_07052024140254.png?w=696&#038;ssl=1\" alt=\"Espet\u00e1culo gratuito \u201cA Divina Farsa\u201d acontece nesta quinta (9)\"\/>&#13;<br \/>\n&#13;<\/p>\n<p dir=\"ltr\" style=\"text-align: justify;\">Nesta quinta-feira (9), acontece o espet\u00e1culo gratuito \u201cA Divina Farsa\u201d, no Teatro Vit\u00f3ria Emiliano Bernardo da Silva, \u00e0s 14h e 20h. O evento \u00e9 voltado para o\u00a0p\u00fablico\u00a0a partir de 14 anos. A realiza\u00e7\u00e3o \u00e9 da Cia. LaM\u00ednima, atrav\u00e9s do ProAC (Programa de A\u00e7\u00e3o Cultural do Governo do Estado de S\u00e3o Paulo e da Secretaria da Cultura e Economia Criativa), com o apoio da Prefeitura de Limeira, por meio da Secretaria de Cultura.<\/p>\n<p>&#13;<\/p>\n<p dir=\"ltr\" style=\"text-align: justify;\">A pe\u00e7a apresenta Dion\u00edsio, que chega ao Olimpo para reivindicar a aten\u00e7\u00e3o de seu pai, Zeus. Filho bastardo, encontra-se no Pante\u00e3o com deusas e deuses, no momento em que deliberam quem descer\u00e1 \u00e0 Terra para acudir a humanidade, mais uma vez \u00e0 beira da extin\u00e7\u00e3o. Apolo \u00e9 escolhido e encaminhado para um circo mambembe, territ\u00f3rio de Dion\u00edsio, deus do teatro. Dion\u00edsio, atrav\u00e9s de seus disfarces, se enreda na trupe em estratagemas para mostrar que conhece mais a natureza dos humanos do que seu meio-irm\u00e3o, Apolo.<\/p>\n<p>&#13;<\/p>\n<p dir=\"ltr\" style=\"text-align: justify;\">O Teatro Vit\u00f3ria fica na Pra\u00e7a Toledo de Barros, s\/n &#8211; Centro.<\/p>\n<p>&#13;<br \/>\n&#13;<br \/>\n&#13;<br \/>\n&#13;<\/p>\n<aside class=\"list-related no-print\">&#13;<br \/>\n        &#13;<br \/>\n&#13;<\/p>\n<article class=\"list-item noticias \">&#13;<br \/>\n                    <a class=\"list-item__img\" href=\"https:\/\/limeira.sp.gov.br\/imprensa\/noticias\/cultura\/evento-de-lancamento-do-livro-a-rua-do-infinito-acontece-nesta-terca-7\" tabindex=\"-1\" aria-hidden=\"true\" rel=\"noopener\">&#13;<br \/>\n                        <img data-recalc-dims=\"1\" decoding=\"async\" src=\"https:\/\/i0.wp.com\/ecrie.com.br\/sistema\/conteudos\/imagem\/m_137_0_1_07052024090949.jpg?w=696&#038;ssl=1\" alt=\"Evento de lan\u00e7amento do livro \u201cA Rua do Infinito\u201d acontece nesta ter\u00e7a (7)\"\/>&#13;<br \/>\n                    <\/a>&#13;<br \/>\n&#13;<br \/>\n                &#13;<br \/>\n            <\/article>\n<p>&#13;<\/p>\n<article class=\"list-item noticias \">&#13;<br \/>\n                    <a class=\"list-item__img\" href=\"https:\/\/limeira.sp.gov.br\/imprensa\/noticias\/cultura\/banca-de-trocas-de-livros-e-gibis-acontece-nesta-quarta-8\" tabindex=\"-1\" aria-hidden=\"true\" rel=\"noopener\">&#13;<br \/>\n                        <img data-recalc-dims=\"1\" decoding=\"async\" src=\"https:\/\/i0.wp.com\/ecrie.com.br\/sistema\/conteudos\/imagem\/m_137_0_1_06052024144956.png?w=696&#038;ssl=1\" alt=\"Banca de Trocas de Livros e Gibis acontece nesta quarta (8)\"\/>&#13;<br \/>\n                    <\/a>&#13;<br \/>\n&#13;<br \/>\n                &#13;<br \/>\n            <\/article>\n<p>&#13;<\/p>\n<article class=\"list-item noticias \">&#13;<br \/>\n                    <a class=\"list-item__img\" href=\"https:\/\/limeira.sp.gov.br\/imprensa\/noticias\/cultura\/evento-gratuito-sobre-vivencia-quilombola-se-inicia-nesta-segunda-6\" tabindex=\"-1\" aria-hidden=\"true\" rel=\"noopener\">&#13;<br \/>\n                        <img data-recalc-dims=\"1\" decoding=\"async\" src=\"https:\/\/i0.wp.com\/ecrie.com.br\/sistema\/conteudos\/imagem\/m_137_0_1_07052024141401.png?w=696&#038;ssl=1\" alt=\"Evento gratuito sobre viv\u00eancia quilombola se inicia nesta segunda (6)\"\/>&#13;<br \/>\n                    <\/a>&#13;<br \/>\n&#13;<br \/>\n                &#13;<br \/>\n            <\/article>\n<p>&#13;<br \/>\n    <\/aside>\n<p>&#13;<br \/>\n&#13;<br \/>\n            <\/main><\/p><\/div>\n<p><br \/>\n<br \/><a href=\"https:\/\/limeira.sp.gov.br\/espetaculo-gratuito-a-divina-farsa-acontece-nesta-quinta-9\" rel=\"noopener\">Informa\u00e7\u00f5es da PML <\/a><\/p>\n","protected":false},"excerpt":{"rendered":"<p>&#13; &#13; &#13; &#13; &#13; &#13; &#13; Nesta quinta-feira (9), acontece o espet\u00e1culo gratuito \u201cA Divina Farsa\u201d, no Teatro Vit\u00f3ria Emiliano Bernardo da Silva, \u00e0s 14h e 20h. O evento \u00e9 voltado para o\u00a0p\u00fablico\u00a0a partir de 14 anos. A realiza\u00e7\u00e3o \u00e9 da Cia. LaM\u00ednima, atrav\u00e9s do ProAC (Programa de A\u00e7\u00e3o Cultural do Governo do Estado [&hellip;]<\/p>\n","protected":false},"author":1,"featured_media":4061,"comment_status":"open","ping_status":"open","sticky":false,"template":"","format":"standard","meta":{"_jetpack_newsletter_access":"","_jetpack_dont_email_post_to_subs":false,"_jetpack_newsletter_tier_id":0,"_jetpack_memberships_contains_paywalled_content":false,"_mbp_banners":[],"_jetpack_feature_clip_id":0,"_jetpack_memberships_contains_paid_content":false,"footnotes":"","jetpack_publicize_message":"","jetpack_publicize_feature_enabled":true,"jetpack_social_post_already_shared":true,"jetpack_social_options":{"image_generator_settings":{"template":"highway","default_image_id":0,"font":"","enabled":false},"version":2},"jetpack_post_was_ever_published":false},"categories":[16],"tags":[],"class_list":["post-4060","post","type-post","status-publish","format-standard","has-post-thumbnail","category-local"],"jetpack_publicize_connections":[],"jetpack-related-posts":[],"jetpack_shortlink":"https:\/\/wp.me\/p7Eq1F-13u","jetpack_sharing_enabled":true,"jetpack_featured_media_url":"https:\/\/i0.wp.com\/guialimeira.com.br\/news\/wp-content\/uploads\/2024\/05\/m_137_0_1_07052024140254.png?fit=602%2C736&ssl=1","_links":{"self":[{"href":"https:\/\/guialimeira.com.br\/news\/wp-json\/wp\/v2\/posts\/4060","targetHints":{"allow":["GET"]}}],"collection":[{"href":"https:\/\/guialimeira.com.br\/news\/wp-json\/wp\/v2\/posts"}],"about":[{"href":"https:\/\/guialimeira.com.br\/news\/wp-json\/wp\/v2\/types\/post"}],"author":[{"embeddable":true,"href":"https:\/\/guialimeira.com.br\/news\/wp-json\/wp\/v2\/users\/1"}],"replies":[{"embeddable":true,"href":"https:\/\/guialimeira.com.br\/news\/wp-json\/wp\/v2\/comments?post=4060"}],"version-history":[{"count":0,"href":"https:\/\/guialimeira.com.br\/news\/wp-json\/wp\/v2\/posts\/4060\/revisions"}],"wp:featuredmedia":[{"embeddable":true,"href":"https:\/\/guialimeira.com.br\/news\/wp-json\/wp\/v2\/media\/4061"}],"wp:attachment":[{"href":"https:\/\/guialimeira.com.br\/news\/wp-json\/wp\/v2\/media?parent=4060"}],"wp:term":[{"taxonomy":"category","embeddable":true,"href":"https:\/\/guialimeira.com.br\/news\/wp-json\/wp\/v2\/categories?post=4060"},{"taxonomy":"post_tag","embeddable":true,"href":"https:\/\/guialimeira.com.br\/news\/wp-json\/wp\/v2\/tags?post=4060"}],"curies":[{"name":"wp","href":"https:\/\/api.w.org\/{rel}","templated":true}]}}